{"id":4745,"date":"2022-03-09T12:49:04","date_gmt":"2022-03-09T15:49:04","guid":{"rendered":"https:\/\/www.visionweb.com.ar\/?p=4745"},"modified":"2022-03-09T12:52:08","modified_gmt":"2022-03-09T15:52:08","slug":"4745","status":"publish","type":"post","link":"https:\/\/www.visionweb.com.ar\/?p=4745","title":{"rendered":"Asignar\u00e1n 150 becas para capacitar a chicos y chicas en la programaci\u00f3n Web Full Strack"},"content":{"rendered":"<p><strong><em>El curso de Programaci\u00f3n Web Full Stack forma parte de las ofertas educativas de la reconocida firma Digital House.<\/em><\/strong><!--more--><\/p>\n<div id=\"attachment_4746\" style=\"width: 310px\" class=\"wp-caption alignright\"><img loading=\"lazy\" decoding=\"async\" aria-describedby=\"caption-attachment-4746\" class=\"wp-image-4746 size-medium\" src=\"https:\/\/www.visionweb.com.ar\/wp-content\/uploads\/2022\/03\/CONVENIO-GRINDETTI-300x197.png\" alt=\"\" width=\"300\" height=\"197\" srcset=\"https:\/\/www.visionweb.com.ar\/wp-content\/uploads\/2022\/03\/CONVENIO-GRINDETTI-300x197.png 300w, https:\/\/www.visionweb.com.ar\/wp-content\/uploads\/2022\/03\/CONVENIO-GRINDETTI-768x503.png 768w, https:\/\/www.visionweb.com.ar\/wp-content\/uploads\/2022\/03\/CONVENIO-GRINDETTI.png 800w\" sizes=\"auto, (max-width: 300px) 100vw, 300px\" \/><p id=\"caption-attachment-4746\" class=\"wp-caption-text\"><strong><em>El intendente N\u00e9stor Grindetti firma el acuerdo con directivos de la Fundaci\u00f3n Formar y de la ONG Nido (Prensa Lan\u00fas)<\/em><\/strong><\/p><\/div>\n<p><strong>P<\/strong>or tercer a\u00f1o consecutivo, la fundaci\u00f3n Formar\u00a0 destin\u00f3 150 becas para que chicos y chicas de diferentes zonas de la comuna puedan acceder al curso de Programaci\u00f3n Web Full Stack que dicta Digital House.<\/p>\n<p>As\u00ed se acord\u00f3 en un acto realizado en el NIDO de Villa Jard\u00edn, donde el intendente, N\u00e9stor Grindetti, firm\u00f3 un nuevo acuerdo con la Fundaci\u00f3n Formar para que los j\u00f3venes en situaci\u00f3n de vulnerabilidad social y econ\u00f3mica adquieran competencias sobre programaci\u00f3n de p\u00e1ginas webs.<\/p>\n<p>En total, habr\u00e1 150 becas que ser\u00e1n distribuidas por el \u00e1rea local entre aquellos postulantes que cumplan con los requisitos establecidos. La selecci\u00f3n se realizar\u00e1 entre aspirantes que residan en diferentes barrios del distrito y su objetivo es contribuir a que formen conocimientos que les permitan obtener trabajos de calidad.<\/p>\n<h3 style=\"text-align: center;\"><span style=\"color: #0000ff;\"><strong><em>Ser\u00e1n 150 las becas que se otorgar\u00e1n a los chicos en situaci\u00f3n de vulnerabilidad<\/em><\/strong><\/span><\/h3>\n<p>El curso de Programaci\u00f3n Web Full Stack forma parte de las ofertas educativas de la reconocida firma Digital House. El mismo apunta a que los alumnos dominen herramientas como el Front-end o el Back-end mediante la incorporaci\u00f3n de pr\u00e1cticas \u00fatiles y el desarrollo de la l\u00f3gica de un programador.<\/p>\n<p>La capacitaci\u00f3n que comenzar\u00e1 en abril tiene una duraci\u00f3n de 8 meses y se realizar\u00e1 en forma remota para facilitar a los beneficiarios el acceso a la misma ya que, de esa manera, ahorrar\u00e1n tiempo y costos de traslado.<\/p>\n<p>Estuvieron adem\u00e1s, el secretario de Educaci\u00f3n, Empleo y Deportes, Dami\u00e1n Sala, la titular del NIDO Jard\u00edn, Silvina Bonafont y autoridades de la Fundaci\u00f3n Formar, entre otros<strong>(VW)<\/strong>.<\/p>\n","protected":false},"excerpt":{"rendered":"<p>El curso de Programaci\u00f3n Web Full Stack forma parte de las ofertas educativas de la reconocida firma Digital House.<\/p>\n","protected":false},"author":3,"featured_media":4746,"comment_status":"closed","ping_status":"closed","sticky":false,"template":"","format":"standard","meta":{"_monsterinsights_skip_tracking":false,"_monsterinsights_sitenote_active":false,"_monsterinsights_sitenote_note":"","_monsterinsights_sitenote_category":0,"footnotes":""},"categories":[7],"tags":[380,456,1866,18],"class_list":["post-4745","post","type-post","status-publish","format-standard","has-post-thumbnail","hentry","category-educacion-y-cultura","tag-acuerdo","tag-becas","tag-fundacion-formar","tag-grindetti"],"_links":{"self":[{"href":"https:\/\/www.visionweb.com.ar\/index.php?rest_route=\/wp\/v2\/posts\/4745","targetHints":{"allow":["GET"]}}],"collection":[{"href":"https:\/\/www.visionweb.com.ar\/index.php?rest_route=\/wp\/v2\/posts"}],"about":[{"href":"https:\/\/www.visionweb.com.ar\/index.php?rest_route=\/wp\/v2\/types\/post"}],"author":[{"embeddable":true,"href":"https:\/\/www.visionweb.com.ar\/index.php?rest_route=\/wp\/v2\/users\/3"}],"replies":[{"embeddable":true,"href":"https:\/\/www.visionweb.com.ar\/index.php?rest_route=%2Fwp%2Fv2%2Fcomments&post=4745"}],"version-history":[{"count":3,"href":"https:\/\/www.visionweb.com.ar\/index.php?rest_route=\/wp\/v2\/posts\/4745\/revisions"}],"predecessor-version":[{"id":4749,"href":"https:\/\/www.visionweb.com.ar\/index.php?rest_route=\/wp\/v2\/posts\/4745\/revisions\/4749"}],"wp:featuredmedia":[{"embeddable":true,"href":"https:\/\/www.visionweb.com.ar\/index.php?rest_route=\/wp\/v2\/media\/4746"}],"wp:attachment":[{"href":"https:\/\/www.visionweb.com.ar\/index.php?rest_route=%2Fwp%2Fv2%2Fmedia&parent=4745"}],"wp:term":[{"taxonomy":"category","embeddable":true,"href":"https:\/\/www.visionweb.com.ar\/index.php?rest_route=%2Fwp%2Fv2%2Fcategories&post=4745"},{"taxonomy":"post_tag","embeddable":true,"href":"https:\/\/www.visionweb.com.ar\/index.php?rest_route=%2Fwp%2Fv2%2Ftags&post=4745"}],"curies":[{"name":"wp","href":"https:\/\/api.w.org\/{rel}","templated":true}]}}