{"id":4735,"date":"2022-03-09T11:48:52","date_gmt":"2022-03-09T14:48:52","guid":{"rendered":"https:\/\/www.visionweb.com.ar\/?p=4735"},"modified":"2022-03-09T11:48:52","modified_gmt":"2022-03-09T14:48:52","slug":"el-municipio-de-almirante-brown-homenajeo-a-las-vecinas-del-distrito-en-su-dia","status":"publish","type":"post","link":"https:\/\/www.visionweb.com.ar\/?p=4735","title":{"rendered":"El municipio de Almirante Brown homenaje\u00f3 a las vecinas del distrito en su d\u00eda"},"content":{"rendered":"<p><strong><em>Se declar\u00f3 personalidad destacada de la cultura a Elsa Torres, tanto por su trayectoria como por su compromiso con el acervo cultural del barrio San Jos\u00e9.<\/em><\/strong><!--more--><\/p>\n<div id=\"attachment_4740\" style=\"width: 310px\" class=\"wp-caption alignright\"><img loading=\"lazy\" decoding=\"async\" aria-describedby=\"caption-attachment-4740\" class=\"wp-image-4740 size-medium\" src=\"https:\/\/www.visionweb.com.ar\/wp-content\/uploads\/2022\/03\/DIA-DE-LA-MUJER-EN-ALMIRANTE-BROWN-300x137.png\" alt=\"\" width=\"300\" height=\"137\" srcset=\"https:\/\/www.visionweb.com.ar\/wp-content\/uploads\/2022\/03\/DIA-DE-LA-MUJER-EN-ALMIRANTE-BROWN-300x137.png 300w, https:\/\/www.visionweb.com.ar\/wp-content\/uploads\/2022\/03\/DIA-DE-LA-MUJER-EN-ALMIRANTE-BROWN.png 640w\" sizes=\"auto, (max-width: 300px) 100vw, 300px\" \/><p id=\"caption-attachment-4740\" class=\"wp-caption-text\"><em><strong>Vecinas de Almirante Brown, en el Concejo Deliberante en el D\u00eda de la Mujer. (Prensa CD)<\/strong> <\/em><\/p><\/div>\n<p><strong>E<\/strong>n el marco del D\u00eda Internacional de la Mujer Trabajadora, el Concejo Deliberante de Almirante Brown realiz\u00f3 en su sede, un homenaje a las vecinas del distrito en una extensa sesi\u00f3n del cuerpo deliberativo.<\/p>\n<p>En la sesi\u00f3n las y los concejales de las diferentes fuerzas pol\u00edticas locales aprobaron una veintena de proyectos propiciando reconocimientos a las mujeres de destacada labor en distintos campos.<\/p>\n<p>En tal sentido se record\u00f3 a la fallecida concejal Laura Silvetti con la colocaci\u00f3n de una placa evocativa y bautizando con su nombre a un sector del Deliberativo browniano.<\/p>\n<p>Del homenaje participaron, junto a las y los ediles brownianos,\u00a0 el intendente de Almirante Brown, Juan Fabiani, y el diputado provincial Mariano Cascallares, adem\u00e1s de las vecinas homenajeadas.<\/p>\n<p>Tambi\u00e9n se declar\u00f3 de inter\u00e9s municipal la muestra itinerante \u201cMujeres y disidencias\u201d. Asimismo, se declar\u00f3 personalidad destacada de la cultura a Elsa Torres, tanto por su trayectoria como por su compromiso con el acervo cultural del barrio San Jos\u00e9.<\/p>\n<p><strong>Personalidades<\/strong><\/p>\n<p>De igual forma, fueron declaradas personalidades destacadas del deporte las integrantes del equipo de f\u00fatbol femenino profesional del Club Claypole. Igual reconocimiento fue dispuesto para Mar\u00eda Emilia Pachado, vecina de Longchamps, poseedora de una historia de superaci\u00f3n personal, que la llev\u00f3 a practicar el andinismo.<\/p>\n<p>Por otra iniciativa, se destac\u00f3 la tarea realizada por <em><strong>un grupo de mujeres y colaboradoras<\/strong><\/em> del Centro Municipal de Sanidad Animal y Zoonosis que en forma voluntaria, encabezado por la directora de la dependencia, Cristina Gait\u00e1n, viajo a Corrientes para rescatar y curar las heridas de animales, afectados por la reciente emergencia ocasionada por los incendios.<\/p>\n<p>Adem\u00e1s, se declar\u00f3 personalidad destacada post mortem en ciencias a la licenciada Carmen Pujals.<\/p>\n<p>Otra mujer distinguida como personalidad destacada del Deporte browniano fue la joven Lourdes Lezcano, jugadora de f\u00fatbol actualmente en el club River Plate y el seleccionado nacional femenino, del que es capitana.<\/p>\n<p>El siguiente reconocimiento fue para la docente Nora Saporiti, de extensa trayectoria en el campo de la labor educativa.<\/p>\n<p>El legislativo local mostr\u00f3 su benepl\u00e1cito y resalt\u00f3 el rol fundamental de las mujeres t\u00e9cnicas y profesionales del sistema de emergencias prehospitalarias de la Comuna 107 AB.<\/p>\n<p>Por otra parte, el Concejo Deliberante aval\u00f3 la participaci\u00f3n de la licenciada Graciela Gilona en el coloquio internacional Mensajeras de la Paz, Unidas por un Mundo Mejor\u201d, y por el \u201crol fundamental de las mujeres empresarias en la creaci\u00f3n del Sector Industrial Planificado de Almirante Brown (SIPAB).<\/p>\n<p>Tambi\u00e9n se otorg\u00f3 un reconocimiento municipal a Marcela Cifre, artista, pintora y docente referente de la ense\u00f1anza art\u00edstica.<\/p>\n<p>En tanto, se declar\u00f3 personalidad destacada de las ciencias sociales a la acad\u00e9mica Anal\u00eda Losada.<\/p>\n<p>Seguidamente, fueron distinguidas en reconocimiento por su labor social Gabriel Silva, Ramona Chamorro del comedor comunitario Zabala-Las Tunas de San Francisco Solano, Susana Rodr\u00edguez, por su trabajo desde el comedor social \u00abMi Jardincito\u00bb de Claypole, as\u00ed como tambi\u00e9n a Luz Marcela Torres.<\/p>\n<p>Finalmente se declar\u00f3 personalidad destacada del distrito a Ramona Elcira G\u00f3mez, fomentista, ex concejal y consejera escolar y muy comprometida con el crecimiento de su querido barrio de Loma Verde, en Malvinas Argentinas.<\/p>\n<p>Tras la aprobaci\u00f3n de las iniciativas se procedi\u00f3 a la entrega de los reconocimientos y distinciones, con participaci\u00f3n del diputado Cascallares y el intendente Fabiani, que se sumaron as\u00ed a los homenajes.<\/p>\n<p>Durante el descubrimiento de la placa que evoca a la ex concejal Laura Silvetti, en presencia de sus hijas, Mariano Cascallares la \u201crecord\u00f3 como una gran luchadora, que siempre dio todo de s\u00ed por el bien com\u00fan, due\u00f1a de una gran personalidad, con la que trabajamos mucho para seguir mejor\u00e1ndole la vida a nuestros vecinos\u201d <strong>(VW)<\/strong>.<\/p>\n","protected":false},"excerpt":{"rendered":"<p>Se declar\u00f3 personalidad destacada de la cultura a Elsa Torres, tanto por su trayectoria como por su compromiso con el acervo cultural del barrio San Jos\u00e9.<\/p>\n","protected":false},"author":3,"featured_media":4740,"comment_status":"closed","ping_status":"closed","sticky":false,"template":"","format":"standard","meta":{"_monsterinsights_skip_tracking":false,"_monsterinsights_sitenote_active":false,"_monsterinsights_sitenote_note":"","_monsterinsights_sitenote_category":0,"footnotes":""},"categories":[5],"tags":[1862,1849,188],"class_list":["post-4735","post","type-post","status-publish","format-standard","has-post-thumbnail","hentry","category-sociedad","tag-concejo-deliberante","tag-dia-de-la-mujer","tag-homenaje"],"_links":{"self":[{"href":"https:\/\/www.visionweb.com.ar\/index.php?rest_route=\/wp\/v2\/posts\/4735","targetHints":{"allow":["GET"]}}],"collection":[{"href":"https:\/\/www.visionweb.com.ar\/index.php?rest_route=\/wp\/v2\/posts"}],"about":[{"href":"https:\/\/www.visionweb.com.ar\/index.php?rest_route=\/wp\/v2\/types\/post"}],"author":[{"embeddable":true,"href":"https:\/\/www.visionweb.com.ar\/index.php?rest_route=\/wp\/v2\/users\/3"}],"replies":[{"embeddable":true,"href":"https:\/\/www.visionweb.com.ar\/index.php?rest_route=%2Fwp%2Fv2%2Fcomments&post=4735"}],"version-history":[{"count":1,"href":"https:\/\/www.visionweb.com.ar\/index.php?rest_route=\/wp\/v2\/posts\/4735\/revisions"}],"predecessor-version":[{"id":4742,"href":"https:\/\/www.visionweb.com.ar\/index.php?rest_route=\/wp\/v2\/posts\/4735\/revisions\/4742"}],"wp:featuredmedia":[{"embeddable":true,"href":"https:\/\/www.visionweb.com.ar\/index.php?rest_route=\/wp\/v2\/media\/4740"}],"wp:attachment":[{"href":"https:\/\/www.visionweb.com.ar\/index.php?rest_route=%2Fwp%2Fv2%2Fmedia&parent=4735"}],"wp:term":[{"taxonomy":"category","embeddable":true,"href":"https:\/\/www.visionweb.com.ar\/index.php?rest_route=%2Fwp%2Fv2%2Fcategories&post=4735"},{"taxonomy":"post_tag","embeddable":true,"href":"https:\/\/www.visionweb.com.ar\/index.php?rest_route=%2Fwp%2Fv2%2Ftags&post=4735"}],"curies":[{"name":"wp","href":"https:\/\/api.w.org\/{rel}","templated":true}]}}