{"id":4717,"date":"2022-03-08T08:39:31","date_gmt":"2022-03-08T11:39:31","guid":{"rendered":"https:\/\/www.visionweb.com.ar\/?p=4717"},"modified":"2022-03-08T08:39:31","modified_gmt":"2022-03-08T11:39:31","slug":"fue-inaugurada-la-red-de-gas-natural-en-guamini-y-laguna-alsina","status":"publish","type":"post","link":"https:\/\/www.visionweb.com.ar\/?p=4717","title":{"rendered":"Fue inaugurada la red de gas natural en Guamin\u00ed y Laguna Alsina"},"content":{"rendered":"<p><em><strong>La obra plasm\u00f3 un largo reclamo de varios miles de vecinos del oeste bonaerense y que ahora dispondr\u00e1n de gas natural, con lo que lograr\u00e1n bajar los costos de vida.<\/strong><\/em><!--more--><\/p>\n<div id=\"attachment_4718\" style=\"width: 310px\" class=\"wp-caption alignright\"><img loading=\"lazy\" decoding=\"async\" aria-describedby=\"caption-attachment-4718\" class=\"wp-image-4718 size-medium\" src=\"https:\/\/www.visionweb.com.ar\/wp-content\/uploads\/2022\/03\/GAS-NATURAL-300x213.png\" alt=\"\" width=\"300\" height=\"213\" srcset=\"https:\/\/www.visionweb.com.ar\/wp-content\/uploads\/2022\/03\/GAS-NATURAL-300x213.png 300w, https:\/\/www.visionweb.com.ar\/wp-content\/uploads\/2022\/03\/GAS-NATURAL.png 640w\" sizes=\"auto, (max-width: 300px) 100vw, 300px\" \/><p id=\"caption-attachment-4718\" class=\"wp-caption-text\">Los vecinos de Guamin\u00ed y Lguna Alsina, en el oeste bonaerense, ya podr\u00e1n contar con gas natural. (Prensa PBA)<\/p><\/div>\n<p><strong>U<\/strong>na red de gas natural fue inaugurada en la zona de Guamin\u00ed y Laguna Alsina, en el centro oeste de Buenos Aires, que beneficiar\u00e1 a m\u00e1s de 8.900 habitantes.<\/p>\n<p>La iniciativa que incluye ca\u00f1er\u00edas de 56 kil\u00f3metros de extensi\u00f3n, se concret\u00f3 en varias etapas a lo largo de los \u00faltimos a\u00f1os.<\/p>\n<p>La inauguraci\u00f3n de la obra estuvo a cargo del gobernador bonaerense, Axel Kicillof y\u00a0 la ministra de Gobierno Cristina Alvarez Rodr\u00edguez y su par de Infraestructura Leonardo Nardini, el subadministrador del ENOHSA N\u00e9stor \u00c1lvarez y el intendente Jos\u00e9 Augusto Nobre Ferreira.<\/p>\n<p>Esta obra, largamente solicitada por vecinos y vecinas de Guamin\u00ed y Laguna Alsina, demand\u00f3 varias etapas a lo largo de los \u00faltimos a\u00f1os y comprendi\u00f3 la instalaci\u00f3n de 56 kil\u00f3metros de ramal de acero, a lo que se sum\u00f3 una estaci\u00f3n de medici\u00f3n y otras dos reguladoras de presi\u00f3n.<\/p>\n<p>El gasoducto mejorar\u00e1 sustancialmente la calidad del servicio para 8.900 personas del municipio, garantizando el abastecimiento continuo y seguro. Adem\u00e1s, potenciar\u00e1 el desarrollo productivo regional y apunta a generar arraigo poblacional e industrial.<\/p>\n<p>\u201cDespu\u00e9s de muchos a\u00f1os de espera, gracias a un Estado presente que no promete sino que hace y gestiona, cambiar\u00e1 completamente la vida de los y las guaminenses\u201d, destac\u00f3 al respecto Alvarez Rodr\u00edguez <strong>(VW)<\/strong>.<\/p>\n","protected":false},"excerpt":{"rendered":"<p>La obra plasm\u00f3 un largo reclamo de varios miles de vecinos del oeste bonaerense y que ahora dispondr\u00e1n de gas natural, con lo que lograr\u00e1n bajar los costos de vida.<\/p>\n","protected":false},"author":3,"featured_media":4718,"comment_status":"closed","ping_status":"closed","sticky":false,"template":"","format":"standard","meta":{"_monsterinsights_skip_tracking":false,"_monsterinsights_sitenote_active":false,"_monsterinsights_sitenote_note":"","_monsterinsights_sitenote_category":0,"footnotes":""},"categories":[8],"tags":[],"class_list":["post-4717","post","type-post","status-publish","format-standard","has-post-thumbnail","hentry","category-interes-general"],"_links":{"self":[{"href":"https:\/\/www.visionweb.com.ar\/index.php?rest_route=\/wp\/v2\/posts\/4717","targetHints":{"allow":["GET"]}}],"collection":[{"href":"https:\/\/www.visionweb.com.ar\/index.php?rest_route=\/wp\/v2\/posts"}],"about":[{"href":"https:\/\/www.visionweb.com.ar\/index.php?rest_route=\/wp\/v2\/types\/post"}],"author":[{"embeddable":true,"href":"https:\/\/www.visionweb.com.ar\/index.php?rest_route=\/wp\/v2\/users\/3"}],"replies":[{"embeddable":true,"href":"https:\/\/www.visionweb.com.ar\/index.php?rest_route=%2Fwp%2Fv2%2Fcomments&post=4717"}],"version-history":[{"count":1,"href":"https:\/\/www.visionweb.com.ar\/index.php?rest_route=\/wp\/v2\/posts\/4717\/revisions"}],"predecessor-version":[{"id":4719,"href":"https:\/\/www.visionweb.com.ar\/index.php?rest_route=\/wp\/v2\/posts\/4717\/revisions\/4719"}],"wp:featuredmedia":[{"embeddable":true,"href":"https:\/\/www.visionweb.com.ar\/index.php?rest_route=\/wp\/v2\/media\/4718"}],"wp:attachment":[{"href":"https:\/\/www.visionweb.com.ar\/index.php?rest_route=%2Fwp%2Fv2%2Fmedia&parent=4717"}],"wp:term":[{"taxonomy":"category","embeddable":true,"href":"https:\/\/www.visionweb.com.ar\/index.php?rest_route=%2Fwp%2Fv2%2Fcategories&post=4717"},{"taxonomy":"post_tag","embeddable":true,"href":"https:\/\/www.visionweb.com.ar\/index.php?rest_route=%2Fwp%2Fv2%2Ftags&post=4717"}],"curies":[{"name":"wp","href":"https:\/\/api.w.org\/{rel}","templated":true}]}}