{"id":4715,"date":"2022-03-08T08:12:21","date_gmt":"2022-03-08T11:12:21","guid":{"rendered":"https:\/\/www.visionweb.com.ar\/?p=4715"},"modified":"2022-03-08T08:12:54","modified_gmt":"2022-03-08T11:12:54","slug":"8m-las-principales-conquistas-de-los-ultimos-anos","status":"publish","type":"post","link":"https:\/\/www.visionweb.com.ar\/?p=4715","title":{"rendered":"8M: Las principales conquistas de los \u00faltimos a\u00f1os"},"content":{"rendered":"<p><strong><em>En el marco del D\u00eda Internacional de la Mujer Trabajadora, los movimientos de mujeres y diversidades vuelven a las calles a defender los derechos conquistados y a reclamar por los que a\u00fan son deuda.<\/em><\/strong><!--more--><\/p>\n<div id=\"attachment_1186\" style=\"width: 310px\" class=\"wp-caption alignright\"><img loading=\"lazy\" decoding=\"async\" aria-describedby=\"caption-attachment-1186\" class=\"wp-image-1186 size-medium\" src=\"https:\/\/www.visionweb.com.ar\/wp-content\/uploads\/2021\/03\/LAS-MUJERES-EN-LA-INDUTRIA-DE-LA-MAQUINAIRA-300x168.png\" alt=\"\" width=\"300\" height=\"168\" srcset=\"https:\/\/www.visionweb.com.ar\/wp-content\/uploads\/2021\/03\/LAS-MUJERES-EN-LA-INDUTRIA-DE-LA-MAQUINAIRA-300x168.png 300w, https:\/\/www.visionweb.com.ar\/wp-content\/uploads\/2021\/03\/LAS-MUJERES-EN-LA-INDUTRIA-DE-LA-MAQUINAIRA.png 640w\" sizes=\"auto, (max-width: 300px) 100vw, 300px\" \/><p id=\"caption-attachment-1186\" class=\"wp-caption-text\">Las mujeres en las \u00faltimas d\u00e9cadas alcanzaron un gran protagonismo en todos los \u00f3rdenes.<\/p><\/div>\n<p><strong>E<\/strong>n el marco del D\u00eda Internacional de la Mujer Trabajadora, las organizaciones feministas y de diversidades vuelven\u00a0 a las calles de todas las ciudades argentinas, tras dos a\u00f1os signados por la pandemia de coronavirus.<\/p>\n<p>Las agrupaciones retoman su actividad, con la expectativa de recuperar las calles para defender los derechos conquistados y reclamar por los que a\u00fan son deuda.<\/p>\n<p>El colectivo Ni Una Menos (NUM) convoc\u00f3 a un paro feminista internacional y a una marcha al Congreso Nacional para este martes con epicentro en la Ciudad de Buenos Aires, pero tambi\u00e9n en puntos neur\u00e1lgicos de todas las provincias de la Argentina.<\/p>\n<p>Una de las principales consignas es <span style=\"color: #0000ff;\"><em><strong>\u201cLa deuda es con nosotres y nosotras. \u00a1Que la paguen los que la fugaron!\u201d<\/strong><\/em><\/span>; as\u00ed como tambi\u00e9n \u201cAparici\u00f3n con Vida de Tehuel de la Torre\u201d, el joven trans que fue visto por \u00faltima vez hace casi un a\u00f1o -el 11 de marzo de 2021- en la localidad de San Vicente; \u201cBasta de femicidios y transfemicidios\u201d; \u201cReforma Judicial feminista\u201d y \u201cAbsoluci\u00f3n para Higui\u201d, la joven lesbiana que sufri\u00f3 un intento de violaci\u00f3n en 2016 y que fue presa por defenderse y matar a uno de los agresores, y cuyo juicio comienza el 15 de marzo.<\/p>\n<p>Cabe se\u00f1alar que <span style=\"color: #0000ff;\"><em><strong>el 8 de marzo se estableci\u00f3 como el D\u00eda Internacional de la Mujer para conmemorar a las 129 mujeres trabajadoras y a los 17 trabajadores de una f\u00e1brica textil de Nueva York,<\/strong> <\/em><\/span>que murieron calcinados a partir de un incendio provocado para romper con la huelga que llevaban adelante las mujeres en protesta por las condiciones de trabajo y por bajos salarios.<\/p>\n<p>En tanto, tras la primera movilizaci\u00f3n por el Ni una menos el 3 de junio de 2015, las luchas feministas en la Argentina lograron mayor visibilidad bajo esa consigna que, posteriormente, se expandi\u00f3 a gran escala hacia varios pa\u00edses. En ese sentido vale repasar las principales conquistas del movimiento de mujeres y diversidades durante los \u00faltimos a\u00f1os.<\/p>\n<p><strong>-Primer registro nacional de femicidios de la Justicia Argentina:\u00a0<\/strong>fue uno de los ejes de reclamo del documento consensuado en el marco del primer Ni una menos. El 25 de noviembre de 2015 fue anunciado por Elena Highton de Nolasco, por entonces vicepresidenta de la Corte Suprema de Justicia de la Naci\u00f3n. Desde entonces, existen cifras oficiales respecto a los femicidios ocurridos en el pa\u00eds. De todas maneras, distintas organizaciones como MuMaL\u00e1 y La Casa del Encuentro realizan a\u00f1o a a\u00f1o sus propios relevamientos a partir de la informaci\u00f3n surgida de los medios de comunicaci\u00f3n.<\/p>\n<p><strong>-La Ley 27.412 de Paridad de G\u00e9nero en \u00c1mbitos de Representaci\u00f3n Pol\u00edtica:\u00a0<\/strong>fue sancionada el 23 de noviembre de 2017 y establece que las listas de candidatos al Congreso de la Naci\u00f3n (diputados y senadores) y al Parlamento del Mercosur deben ser realizadas \u201cubicando de manera intercalada a mujeres y varones desde el\/la primer\/a candidato\/a titular hasta el\/la \u00faltimo\/a candidato\/a suplente\u201d. El objetivo de la ley es garantizar que exista paridad de g\u00e9nero en los \u00f3rganos legislativos. El antecedente en la Argentina es la ley de cupo de 1991 \u2013una legislaci\u00f3n pionera en el mundo\u2013 que establec\u00eda que la presentaci\u00f3n pol\u00edtica de las mujeres deb\u00eda tener un piso del 30%.<\/p>\n<p><strong>-Ley Micaela<\/strong>\u00a0<strong>27.499:<\/strong>\u00a0fue promulgada el 10 de enero de 2019. Establece la capacitaci\u00f3n obligatoria en g\u00e9nero y violencia de g\u00e9nero para todas las personas que se desempe\u00f1an en la funci\u00f3n p\u00fablica, en los poderes Ejecutivo, Legislativo y Judicial de la Naci\u00f3n. Se llama as\u00ed en conmemoraci\u00f3n de Micaela Garc\u00eda, una joven entrerriana de 21 a\u00f1os, militante del Movimiento Evita, que fue v\u00edctima de femicidio en manos de Sebasti\u00e1n Wagner.<\/p>\n<p><strong>-Ley Brisa 27.452:\u00a0<\/strong>de reparaci\u00f3n econ\u00f3mica para ni\u00f1as, ni\u00f1os y adolescentes v\u00edctimas de violencia familiar o de g\u00e9nero. Reconoce el derecho a cobrar una suma mensual y a tener cobertura de salud. Fue sancionada en 2018 por iniciativa de la ONG La Casa del Encuentro, tras el femicidio de Daiana Barrionuevo asesinada a golpes por su marido y padre de sus tres hijos en diciembre de 2014. Brisa era una de las hijas de Daiana, que solo ten\u00eda 5 a\u00f1os cuando su madre fue asesinada.<\/p>\n<p><strong>-Creaci\u00f3n del Ministerio de las Mujeres, G\u00e9nero y Diversidad:\u00a0<\/strong>en diciembre de 2019 con la llegada del Frente de Todos al poder, Elizabeth G\u00f3mez Alcorta se convirti\u00f3 en la primera ministra de las mujeres del pa\u00eds; mientras que Estela D\u00edaz, en la primera de la provincia de Buenos Aires, cartera que lleva el nombre de Ministerio de las Mujeres, pol\u00edticas de G\u00e9nero y diversidad sexual.<\/p>\n<p><strong>-Cupo laboral travesti trans:<\/strong> se establece que las personas travestis, transexuales y transg\u00e9nero, que re\u00fanan las condiciones de idoneidad, deber\u00e1n ocupar cargos en el sector p\u00fablico nacional en una proporci\u00f3n no inferior al 1% del total de los cargos. Fue decretado por el presidente Alberto Fern\u00e1ndez, en septiembre de 2020 y luego sancionada como ley 27636 en el Congreso en julio de 2021 bajo el nombre \u201cley de promoci\u00f3n del acceso al empleo formal para personas travestis, transexuales y transg\u00e9nero \u201cDiana Sacay\u00e1n \u2013 Lohana Berkins\u201d. Un hecho hist\u00f3rico que busca reparar una desigualdad estructural que existe en la sociedad respecto a la poblaci\u00f3n travesti trans, entre otras conquistas <strong>(VW)<\/strong>.<\/p>\n<p>(Fuente: DIB)<\/p>\n<p>&nbsp;<\/p>\n","protected":false},"excerpt":{"rendered":"<p>En el marco del D\u00eda Internacional de la Mujer Trabajadora, los movimientos de mujeres y diversidades vuelven a las calles a defender los derechos conquistados y a reclamar por los que a\u00fan son deuda.<\/p>\n","protected":false},"author":3,"featured_media":1186,"comment_status":"closed","ping_status":"closed","sticky":false,"template":"","format":"standard","meta":{"_monsterinsights_skip_tracking":false,"_monsterinsights_sitenote_active":false,"_monsterinsights_sitenote_note":"","_monsterinsights_sitenote_category":0,"footnotes":""},"categories":[5],"tags":[219,1859,128],"class_list":["post-4715","post","type-post","status-publish","format-standard","has-post-thumbnail","hentry","category-sociedad","tag-dia","tag-internacional","tag-mujeres"],"_links":{"self":[{"href":"https:\/\/www.visionweb.com.ar\/index.php?rest_route=\/wp\/v2\/posts\/4715","targetHints":{"allow":["GET"]}}],"collection":[{"href":"https:\/\/www.visionweb.com.ar\/index.php?rest_route=\/wp\/v2\/posts"}],"about":[{"href":"https:\/\/www.visionweb.com.ar\/index.php?rest_route=\/wp\/v2\/types\/post"}],"author":[{"embeddable":true,"href":"https:\/\/www.visionweb.com.ar\/index.php?rest_route=\/wp\/v2\/users\/3"}],"replies":[{"embeddable":true,"href":"https:\/\/www.visionweb.com.ar\/index.php?rest_route=%2Fwp%2Fv2%2Fcomments&post=4715"}],"version-history":[{"count":1,"href":"https:\/\/www.visionweb.com.ar\/index.php?rest_route=\/wp\/v2\/posts\/4715\/revisions"}],"predecessor-version":[{"id":4716,"href":"https:\/\/www.visionweb.com.ar\/index.php?rest_route=\/wp\/v2\/posts\/4715\/revisions\/4716"}],"wp:featuredmedia":[{"embeddable":true,"href":"https:\/\/www.visionweb.com.ar\/index.php?rest_route=\/wp\/v2\/media\/1186"}],"wp:attachment":[{"href":"https:\/\/www.visionweb.com.ar\/index.php?rest_route=%2Fwp%2Fv2%2Fmedia&parent=4715"}],"wp:term":[{"taxonomy":"category","embeddable":true,"href":"https:\/\/www.visionweb.com.ar\/index.php?rest_route=%2Fwp%2Fv2%2Fcategories&post=4715"},{"taxonomy":"post_tag","embeddable":true,"href":"https:\/\/www.visionweb.com.ar\/index.php?rest_route=%2Fwp%2Fv2%2Ftags&post=4715"}],"curies":[{"name":"wp","href":"https:\/\/api.w.org\/{rel}","templated":true}]}}