{"id":4705,"date":"2022-03-07T18:09:42","date_gmt":"2022-03-07T21:09:42","guid":{"rendered":"https:\/\/www.visionweb.com.ar\/?p=4705"},"modified":"2022-03-07T18:09:42","modified_gmt":"2022-03-07T21:09:42","slug":"los-intendentes-del-siglo-xxi-lanus-participo-del-encuentro-virtual","status":"publish","type":"post","link":"https:\/\/www.visionweb.com.ar\/?p=4705","title":{"rendered":"\u201cLos intendentes del Siglo XXI\u201d: Lan\u00fas particip\u00f3 del encuentro virtual"},"content":{"rendered":"<p><em><strong>Grindetti disert\u00f3 ante las c\u00e1maras de comercio brit\u00e1nica, canadiense y estadounidense. Los temas centrales fueron la seguridad y la econom\u00eda.<\/strong><\/em><!--more--><\/p>\n<p><strong> <img loading=\"lazy\" decoding=\"async\" class=\"size-medium wp-image-4707 alignleft\" src=\"https:\/\/www.visionweb.com.ar\/wp-content\/uploads\/2022\/03\/GRINDETTI-DISERTO-CAMARAS-DE-COMERCIO-BRITANICA-300x189.jpg\" alt=\"\" width=\"300\" height=\"189\" srcset=\"https:\/\/www.visionweb.com.ar\/wp-content\/uploads\/2022\/03\/GRINDETTI-DISERTO-CAMARAS-DE-COMERCIO-BRITANICA-300x189.jpg 300w, https:\/\/www.visionweb.com.ar\/wp-content\/uploads\/2022\/03\/GRINDETTI-DISERTO-CAMARAS-DE-COMERCIO-BRITANICA.jpg 538w\" sizes=\"auto, (max-width: 300px) 100vw, 300px\" \/><\/strong><strong>\u00a0\u00a0 E<\/strong>l jefe comunal de Lan\u00fas, N\u00e9stor Grindetti, particip\u00f3 del encuentro \u201cLos intendentes del Siglo XXI\u201d, organizado por BritCham, C\u00e1mara de Comercio Argentino Brit\u00e1nica, donde reiter\u00f3 su pedido y la importancia de lograr el traspaso de los cuerpos de polic\u00edas locales a las comunas.<\/p>\n<p>Junto a su par de La Plata, Julio Garro y representantes de asociaciones de comercio canadienses y estadounidenses radicadas en el pa\u00eds, los dirigentes conversaron sobre la situaci\u00f3n actual y los desaf\u00edos de las ciudades bonaerenses en \u00e1reas sensibles como la seguridad y la econom\u00eda, conforme indic\u00f3 Prensa de Lan\u00fas.<\/p>\n<p>El objetivo del encuentro fue conocer, profundizar y tener de primera mano el an\u00e1lisis de los principales protagonistas de la vida pol\u00edtica y de la provincia, tal el caso del intendente Grindetti.<\/p>\n<p>En su presentaci\u00f3n, el intendente de Lan\u00fas hizo un repaso de la actualidad de las principales \u00e1reas de gesti\u00f3n del Municipio, con especial \u00e9nfasis en la problem\u00e1tica de la seguridad y la importancia de intensificar la coordinaci\u00f3n de fuerzas de seguridad a nivel local y provincial.<\/p>\n<p>Ante el auditorio reiter\u00f3 la importancia de lograr el traspaso de la polic\u00eda local al \u00e1mbito municipal, donde \u201ces el intendente quien tiene el conocimiento real del territorio y las necesidades y urgencias de los vecinos\u201d, dijo y agreg\u00f3 \u201ces importante desarrollar una pol\u00edtica activa en materia de inteligencia y prevenci\u00f3n\u201d.<\/p>\n<p>Tambi\u00e9n remarc\u00f3 la necesidad de avanzar sobre una \u201corganizaci\u00f3n federal real. La provincia deber\u00eda fijar los lineamientos pol\u00edticos en todas las \u00e1reas, pero sin dudas la ejecuci\u00f3n deber\u00eda\u00a0 estar a cargo de las autoridades municipales. Los intendentes somos la puerta de entrada a la atenci\u00f3n con el vecino\u201d, grafic\u00f3.<\/p>\n<p><img loading=\"lazy\" decoding=\"async\" class=\"size-medium wp-image-4708 alignright\" src=\"https:\/\/www.visionweb.com.ar\/wp-content\/uploads\/2022\/03\/GRINDETTI-CAMARAS-DE-COMERCIO-BRITANICA-300x200.jpg\" alt=\"\" width=\"300\" height=\"200\" srcset=\"https:\/\/www.visionweb.com.ar\/wp-content\/uploads\/2022\/03\/GRINDETTI-CAMARAS-DE-COMERCIO-BRITANICA-300x200.jpg 300w, https:\/\/www.visionweb.com.ar\/wp-content\/uploads\/2022\/03\/GRINDETTI-CAMARAS-DE-COMERCIO-BRITANICA.jpg 538w\" sizes=\"auto, (max-width: 300px) 100vw, 300px\" \/>Seg\u00fan Grindetti en ese sendero \u201ces fundamental tener en cuenta la diversidad e idiosincrasia de cada uno de los municipios, pero haciendo foco en la descentralizaci\u00f3n, y siempre en base a la comunicaci\u00f3n y el di\u00e1logo que solucione los problemas operativos\u201d.<\/p>\n<p>Si bien el Jefe Comunal reconoci\u00f3 el desaf\u00edo por delante y que \u201cesta tem\u00e1tica no se solucionar\u00e1 en un mandato, es importante marcar una tendencia de cambio\u201d, sentenci\u00f3.<\/p>\n<p>En otro tramo de su exposici\u00f3n conjunta con su par platense, Grindetti opin\u00f3 que \u201cla negociaci\u00f3n de la deuda se manej\u00f3 bastante mal. Sin personalizar y desde el punto de vista el espacio pol\u00edtico, se ha convertido en una pantomima\u201d.<\/p>\n<p>\u201cEl FMI\u00a0 no quiere que la Argentina entre en default y seguramente se terminar\u00e1 con el acuerdo aprobado\u201d consider\u00f3, pero analiz\u00f3 que si bien \u201czafamos del t\u00edtulo default, los problemas estructurales que a\u00fan persisten, tales como la inflaci\u00f3n, la generaci\u00f3n de trabajo, y el aumento de las exportaciones, no encontrar\u00e1n una soluci\u00f3n de fondo\u201d.<\/p>\n<p>M\u00e1s adelante Grindetti evalu\u00f3 como \u201cimportante y urgente una reforma fiscal, una reducci\u00f3n de Ingresos Brutos y un fuerte impulso de las econom\u00edas regionales Es importante pensar en el desarrollo econ\u00f3mico de la provincia de Buenos Aires y se impone\u00a0 exportar con un menor peso fiscal\u201d.<\/p>\n<p>Finalmente y sobre las futuras e inminentes cambios en las pol\u00edticas tarifarias, asegur\u00f3 que \u201cel impacto ser\u00e1 duro tanto en los \u00e1mbitos domiciliarios e industrial, panorama que se suma al desastre de la econom\u00eda argentina\u201d.<\/p>\n<p>\u201cEsto es tan s\u00f3lo la consecuencia y el s\u00edntoma. El resultado de tirar tierra debajo de la alfombra durante mucho tiempo, pero no debemos perder de vista que la madre de todo este gran\u00a0 problema que arrastramos, es la inflaci\u00f3n, y por encima de ello la emisi\u00f3n y el gasto p\u00fablico\u201d, concluy\u00f3.<\/p>\n<p>El encuentro virtual organizado por las c\u00e1maras de comercio brit\u00e1nica, canadiense y de los Estados Unidos con sede en el pa\u00eds, tradicionalmente lleva adelante encuentros con l\u00edderes pol\u00edticos locales junto a quienes aborda una amplia agenda de temas con eje en la\u00a0 planificaci\u00f3n, previsibilidad e inversi\u00f3n, como as\u00ed tambi\u00e9n en el desarrollo de las ciudades a futuro.\u00a0<strong>(VW)<\/strong><\/p>\n","protected":false},"excerpt":{"rendered":"<p>Grindetti disert\u00f3 ante las c\u00e1maras de comercio brit\u00e1nica, canadiense y estadounidense. Los temas centrales fueron la seguridad y la econom\u00eda.<\/p>\n","protected":false},"author":4,"featured_media":4708,"comment_status":"closed","ping_status":"closed","sticky":false,"template":"","format":"standard","meta":{"_monsterinsights_skip_tracking":false,"_monsterinsights_sitenote_active":false,"_monsterinsights_sitenote_note":"","_monsterinsights_sitenote_category":0,"footnotes":""},"categories":[3],"tags":[1856,1854,1853,1855,18,1852],"class_list":["post-4705","post","type-post","status-publish","format-standard","has-post-thumbnail","hentry","category-actualidad","tag-americana","tag-britanica","tag-camaras-de-comercio","tag-canadiense","tag-grindetti","tag-los-intendentes-del-siglo-xxi"],"_links":{"self":[{"href":"https:\/\/www.visionweb.com.ar\/index.php?rest_route=\/wp\/v2\/posts\/4705","targetHints":{"allow":["GET"]}}],"collection":[{"href":"https:\/\/www.visionweb.com.ar\/index.php?rest_route=\/wp\/v2\/posts"}],"about":[{"href":"https:\/\/www.visionweb.com.ar\/index.php?rest_route=\/wp\/v2\/types\/post"}],"author":[{"embeddable":true,"href":"https:\/\/www.visionweb.com.ar\/index.php?rest_route=\/wp\/v2\/users\/4"}],"replies":[{"embeddable":true,"href":"https:\/\/www.visionweb.com.ar\/index.php?rest_route=%2Fwp%2Fv2%2Fcomments&post=4705"}],"version-history":[{"count":2,"href":"https:\/\/www.visionweb.com.ar\/index.php?rest_route=\/wp\/v2\/posts\/4705\/revisions"}],"predecessor-version":[{"id":4709,"href":"https:\/\/www.visionweb.com.ar\/index.php?rest_route=\/wp\/v2\/posts\/4705\/revisions\/4709"}],"wp:featuredmedia":[{"embeddable":true,"href":"https:\/\/www.visionweb.com.ar\/index.php?rest_route=\/wp\/v2\/media\/4708"}],"wp:attachment":[{"href":"https:\/\/www.visionweb.com.ar\/index.php?rest_route=%2Fwp%2Fv2%2Fmedia&parent=4705"}],"wp:term":[{"taxonomy":"category","embeddable":true,"href":"https:\/\/www.visionweb.com.ar\/index.php?rest_route=%2Fwp%2Fv2%2Fcategories&post=4705"},{"taxonomy":"post_tag","embeddable":true,"href":"https:\/\/www.visionweb.com.ar\/index.php?rest_route=%2Fwp%2Fv2%2Ftags&post=4705"}],"curies":[{"name":"wp","href":"https:\/\/api.w.org\/{rel}","templated":true}]}}