{"id":4701,"date":"2022-03-07T17:49:22","date_gmt":"2022-03-07T20:49:22","guid":{"rendered":"https:\/\/www.visionweb.com.ar\/?p=4701"},"modified":"2022-03-07T17:49:22","modified_gmt":"2022-03-07T20:49:22","slug":"dia-de-la-mujer-lanus-brinda-diversas-propuestas-artisticas","status":"publish","type":"post","link":"https:\/\/www.visionweb.com.ar\/?p=4701","title":{"rendered":"D\u00eda de la Mujer: Lan\u00fas brinda diversas propuestas art\u00edsticas"},"content":{"rendered":"<p><em><strong>El Municipio ofrece actividades que abordar\u00e1n la tem\u00e1tica de g\u00e9nero en el mundo del arte a trav\u00e9s de la fotograf\u00eda, el cine y la historia. La entrada es \u00a0gratuita y con inscripci\u00f3n previa.<\/strong><\/em><!--more--><\/p>\n<p><strong> <img loading=\"lazy\" decoding=\"async\" class=\"size-medium wp-image-4703 alignright\" src=\"https:\/\/www.visionweb.com.ar\/wp-content\/uploads\/2022\/03\/DIA-DE-LA-MUJER-EN-EL-MACSUR-300x200.jpg\" alt=\"\" width=\"300\" height=\"200\" srcset=\"https:\/\/www.visionweb.com.ar\/wp-content\/uploads\/2022\/03\/DIA-DE-LA-MUJER-EN-EL-MACSUR-300x200.jpg 300w, https:\/\/www.visionweb.com.ar\/wp-content\/uploads\/2022\/03\/DIA-DE-LA-MUJER-EN-EL-MACSUR.jpg 538w\" sizes=\"auto, (max-width: 300px) 100vw, 300px\" \/>E<\/strong>n el marco de la celebraci\u00f3n del D\u00eda Internacional de la Mujer,\u00a0el Museo de Arte Contempor\u00e1neo del Sur (MACSUR) en Av. 25 de Mayo 131 Lan\u00fas Oeste, ofrece diferentes propuestas orientadas a reflexionar acerca del rol femenino en el \u00e1mbito de la cultura.<\/p>\n<p>Las actividades incluyen un ciclo de cine (que ir\u00e1 acompa\u00f1ado de una charla debate), una mesa redonda sobre las tensiones y problem\u00e1ticas de las mujeres a lo largo de la historia del arte y un encuentro encabezado por fot\u00f3grafas destacadas que analizar\u00e1n la tem\u00e1tica desde esa disciplina, conforme indic\u00f3 Prensa de Lan\u00fas.<\/p>\n<p>A continuaci\u00f3n se especifican las actividades:<\/p>\n<p><strong>Ciclo de cine coordinado por Paula\u00a0Goldstein<\/strong>\u00a0(productora, cineasta y\u00a0guionista).<\/p>\n<p>Inscripci\u00f3n previa a\u00a0<a href=\"mailto:info@macsurlanus.gob.ar\">info@macsurlanus.gob.ar<\/a>.\u00a0Cupos limitados.<br \/>\n<strong>Horario:<\/strong>\u00a017.30<\/p>\n<p><strong>\u00a0<\/strong><strong>MARTES 8 &#8211; \u201cSOY AIME\u201d<\/strong>\u00a0(Olga Pain\u00e9 es una ni\u00f1a mapuche que fue arrancada de su tierra patag\u00f3nica en 1946. Crece entre monjas y es discriminada por su origen. En su adultez, se transforma en cantora y se convierte en \u00a0Aim\u00e9 Pain\u00e9. A partir de all\u00ed, comienza a expandir su voz).\u00a0 Direcci\u00f3n Aymar\u00e1 Rovera.<\/p>\n<p><strong>\u00a0<\/strong><strong>MI\u00c9RCOLES 9 &#8211; \u201cEL AMIGO ALEM\u00c1N\u201d<\/strong>\u00a0(Una historia de amor entre Sulamit, hija de inmigrantes alemanes jud\u00edos, y Friedrich, hijo de un inmigrante alem\u00e1n nazi. Los protagonistas se conocen durante su adolescencia en el Buenos Aires de los a\u00f1os &#8217;50). Gui\u00f3n y Direcci\u00f3n Jeanine Meerapfel.<\/p>\n<p><strong>\u00a0<\/strong><strong>JUEVES 10 &#8211; \u201cAMOR ETC\u201d\u00a0<\/strong>(Dib se muda con su novia Lisa quien recibe un primer llamado, que en realidad, es para la ex propietaria de la l\u00ednea, una tal Mar\u00eda Eugenia con quien Lisa termina obsesion\u00e1ndose. La mudanza tambi\u00e9n trae cambios; los vecinos, la ni\u00f1a de la planta baja y un cachorro labrador alteran sus ideales de flamante propietario y exasperan su humor). Gui\u00f3n y Direcci\u00f3n: Gladys Lizarazu.<\/p>\n<p><strong>VIERNES 11 &#8211; \u201cLA CAMA\u201d\u00a0\u00a0<\/strong>(Tras 30 a\u00f1os de convivencia, Jorge (60) y Mabel (59) han decidido separarse. Ser\u00e1n las \u00faltimas horas que compartir\u00e1n juntos como pareja).\u00a0 Direcci\u00f3n\u00a0\u00a0M\u00f3nica Lairana.<\/p>\n<p><strong>El Jueves 10 \/ 18 hs \u2013 Habr\u00e1 una Mesa Redonda con Modalidad virtual:<\/strong>\u00a0Se debatir\u00e1 sobre la mirada de la mujer en la fotograf\u00eda. MODERA: Julieta Pestarino\u00a0(T\u00e9cnica en Realizaci\u00f3n Fotogr\u00e1fica (IMDAFTA, 2011), Licenciada en Ciencias Antropol\u00f3gicas (UBA, 2015), Mag\u00edster en Curadur\u00eda en Artes Visuales (UNTREF, 2019) y Doctora en Historia y Teor\u00eda de las Artes (UBA, 2021). <strong>(VW)<\/strong><\/p>\n<p>&nbsp;<\/p>\n","protected":false},"excerpt":{"rendered":"<p>El Municipio ofrece actividades que abordar\u00e1n la tem\u00e1tica de g\u00e9nero en el mundo del arte a trav\u00e9s de la fotograf\u00eda, el cine y la historia. La entrada es \u00a0gratuita y con inscripci\u00f3n previa.<\/p>\n","protected":false},"author":4,"featured_media":4703,"comment_status":"closed","ping_status":"closed","sticky":false,"template":"","format":"standard","meta":{"_monsterinsights_skip_tracking":false,"_monsterinsights_sitenote_active":false,"_monsterinsights_sitenote_note":"","_monsterinsights_sitenote_category":0,"footnotes":""},"categories":[8],"tags":[1850,1849,19,1544,1851],"class_list":["post-4701","post","type-post","status-publish","format-standard","has-post-thumbnail","hentry","category-interes-general","tag-cine","tag-dia-de-la-mujer","tag-lanus","tag-macsur","tag-mesa-redonda"],"_links":{"self":[{"href":"https:\/\/www.visionweb.com.ar\/index.php?rest_route=\/wp\/v2\/posts\/4701","targetHints":{"allow":["GET"]}}],"collection":[{"href":"https:\/\/www.visionweb.com.ar\/index.php?rest_route=\/wp\/v2\/posts"}],"about":[{"href":"https:\/\/www.visionweb.com.ar\/index.php?rest_route=\/wp\/v2\/types\/post"}],"author":[{"embeddable":true,"href":"https:\/\/www.visionweb.com.ar\/index.php?rest_route=\/wp\/v2\/users\/4"}],"replies":[{"embeddable":true,"href":"https:\/\/www.visionweb.com.ar\/index.php?rest_route=%2Fwp%2Fv2%2Fcomments&post=4701"}],"version-history":[{"count":2,"href":"https:\/\/www.visionweb.com.ar\/index.php?rest_route=\/wp\/v2\/posts\/4701\/revisions"}],"predecessor-version":[{"id":4704,"href":"https:\/\/www.visionweb.com.ar\/index.php?rest_route=\/wp\/v2\/posts\/4701\/revisions\/4704"}],"wp:featuredmedia":[{"embeddable":true,"href":"https:\/\/www.visionweb.com.ar\/index.php?rest_route=\/wp\/v2\/media\/4703"}],"wp:attachment":[{"href":"https:\/\/www.visionweb.com.ar\/index.php?rest_route=%2Fwp%2Fv2%2Fmedia&parent=4701"}],"wp:term":[{"taxonomy":"category","embeddable":true,"href":"https:\/\/www.visionweb.com.ar\/index.php?rest_route=%2Fwp%2Fv2%2Fcategories&post=4701"},{"taxonomy":"post_tag","embeddable":true,"href":"https:\/\/www.visionweb.com.ar\/index.php?rest_route=%2Fwp%2Fv2%2Ftags&post=4701"}],"curies":[{"name":"wp","href":"https:\/\/api.w.org\/{rel}","templated":true}]}}