{"id":4682,"date":"2022-03-03T15:17:11","date_gmt":"2022-03-03T18:17:11","guid":{"rendered":"https:\/\/www.visionweb.com.ar\/?p=4682"},"modified":"2022-03-03T15:17:11","modified_gmt":"2022-03-03T18:17:11","slug":"came-la-temporada-de-verano-fue-record","status":"publish","type":"post","link":"https:\/\/www.visionweb.com.ar\/?p=4682","title":{"rendered":"CAME: La temporada de verano fue r\u00e9cord"},"content":{"rendered":"<p><em><strong>La temporada tur\u00edstica del trimestre diciembre-febrero mostr\u00f3 \u00abexcelentes resultados\u00bb, indic\u00f3 CAME. El gasto fue un 20% superior al de 2020 y un 97% mayor al del 2021. Los viajes realizados alcanzaron a 66,8 millones de turistas.<\/strong><\/em><!--more--><\/p>\n<div id=\"attachment_4685\" style=\"width: 310px\" class=\"wp-caption alignright\"><img loading=\"lazy\" decoding=\"async\" aria-describedby=\"caption-attachment-4685\" class=\"wp-image-4685 size-medium\" src=\"https:\/\/www.visionweb.com.ar\/wp-content\/uploads\/2022\/03\/bariloche-cayak-300x225.jpg\" alt=\"\" width=\"300\" height=\"225\" srcset=\"https:\/\/www.visionweb.com.ar\/wp-content\/uploads\/2022\/03\/bariloche-cayak-300x225.jpg 300w, https:\/\/www.visionweb.com.ar\/wp-content\/uploads\/2022\/03\/bariloche-cayak-320x240.jpg 320w, https:\/\/www.visionweb.com.ar\/wp-content\/uploads\/2022\/03\/bariloche-cayak.jpg 538w\" sizes=\"auto, (max-width: 300px) 100vw, 300px\" \/><p id=\"caption-attachment-4685\" class=\"wp-caption-text\">Bariloche, lago Nahuel Huapi, atr\u00e1s cerro Villegas. (Foto: autor Gabriela Neuding)<\/p><\/div>\n<p><strong>\u00a0\u00a0\u00a0\u00a0 L<\/strong>a\u00a0Confederaci\u00f3n Argentina de la Mediana Empresa<strong>\u00a0<\/strong>(CAME), que destac\u00f3 en un informe que<strong>\u00a0<\/strong>la temporada de este verano fue r\u00e9cord en cantidad de turistas y en gastos. Los viajes realizados, sumando turistas y excursionistas, alcanzaron a 66,8 millones, un 14,3% m\u00e1s que el a\u00f1o pasado. El impacto en las econom\u00edas regionales fue de un ingreso de 584.619 millones de pesos.<\/p>\n<p>\u00abEl tipo de cambio alto, los tr\u00e1mites sanitarios para ingresar a otros pa\u00edses, sumado a la incertidumbre sobre la tendencia futura de la Covid-19\u00a0favorecieron a los destinos nacionales, que fueron priorizados por sobre pa\u00edses como Brasil, Uruguay, Chile\u00a0o la ciudad estadounidense de Miami, polos de turismo que compiten con los argentinos en los sectores de la poblaci\u00f3n con<strong>\u00a0<\/strong>ingresos medios y altos\u00bb,\u00a0se\u00f1al\u00f3 CAME en su informe.<\/p>\n<p>\u00abS\u00f3lo en el feriado de Carnaval viajaron 3,5 millones de ambas categor\u00edas\u00a0(turistas y excursionistas) que gastaron $53.100 millones\u00bb, casi el triple de lo gastado en la temporada 2020, a\u00f1adi\u00f3 el informe.<\/p>\n<p>La CAME precis\u00f3 adem\u00e1s que en los dos meses y medio comprendidos entre la segunda quincena de diciembre de 2021 y fines de febrero de 2022\u00a0\u00abviajaron 32,3 millones de turistas por el pa\u00eds\u00a0que, con una estad\u00eda media de 4,6 d\u00edas, dejaron un impacto econ\u00f3mico directo de\u00a0$584.619 millones\u00bb.<\/p>\n<p>\u00abHubo 44,1% m\u00e1s de turistas que en el verano de 2021 y un gasto que a precios constantes fue 92,7% mayor\u00bb, debido a que\u00a0\u00abviajaron 10 millones m\u00e1s de personas que el a\u00f1o pasado\u00bb,\u00a0pero adem\u00e1s \u00abla estad\u00eda media fue sustancialmente mayor\u00bb, al pasar de 3,8 a 4,6 d\u00edas, destac\u00f3.<\/p>\n<p>El desembolso promedio diario fue de $3.904 por turista y $1.700 por excursionista, con La Pampa como la provincia de menor gasto diario ($3.700) y Tierra del Fuego en el otro extremo ($10.000).<\/p>\n<p>A la vez, Came resalt\u00f3 que \u00abel programa PreViaje fue muy determinante con m\u00e1s de 3 millones de personas que habr\u00edan viajado por esta modalidad en el verano\u00bb.<\/p>\n<p>Como \u00abBariloche que fue la ciudad m\u00e1s elegida por los beneficiarios de ese plan, con $16.000 millones en comprobantes cargados en esta temporada\u00bb, sostuvo CAME.<\/p>\n<p>En cuanto a los destinos preferidos, el 34% de los turistas se dirigi\u00f3 a localidades especialmente de la costa<strong>\u00a0<\/strong>y un 18,4% fue a la provincia de C\u00f3rdoba, con casi 6 millones de visitantes. Entre R\u00edos recibi\u00f3 1,5 millones, 4,7% del total, mientras que Mendoza estuvo cerca del mill\u00f3n (3,4% del total), agreg\u00f3 la entidad.<\/p>\n<p>Las ciudades y zonas con mayor movimiento tur\u00edstico fueron Mar del Plata, Pinamar, Villa Gesell, Bariloche, Mendoza, Villa Carlos Paz, Monte Hermoso, San Mart\u00edn de los Andes, Merlo, Iguaz\u00fa, Salta, Federaci\u00f3n, Gualeguaych\u00fa, la zona de la Quebrada de Jujuy y los valles de Tucum\u00e1n. <strong>(VW)<\/strong><\/p>\n<p>&nbsp;<\/p>\n","protected":false},"excerpt":{"rendered":"<p>La temporada tur\u00edstica del trimestre diciembre-febrero mostr\u00f3 \u00abexcelentes resultados\u00bb, indic\u00f3 CAME. El gasto fue un 20% superior al de 2020 y un 97% mayor al del 2021. Los viajes realizados alcanzaron a 66,8 millones&#46;&#46;&#46;<\/p>\n","protected":false},"author":4,"featured_media":4685,"comment_status":"closed","ping_status":"closed","sticky":false,"template":"","format":"standard","meta":{"_monsterinsights_skip_tracking":false,"_monsterinsights_sitenote_active":false,"_monsterinsights_sitenote_note":"","_monsterinsights_sitenote_category":0,"footnotes":""},"categories":[700],"tags":[309,122,180,49,11],"class_list":["post-4682","post","type-post","status-publish","format-standard","has-post-thumbnail","hentry","category-turismo","tag-came","tag-informe","tag-temporada","tag-turismo","tag-turistas"],"_links":{"self":[{"href":"https:\/\/www.visionweb.com.ar\/index.php?rest_route=\/wp\/v2\/posts\/4682","targetHints":{"allow":["GET"]}}],"collection":[{"href":"https:\/\/www.visionweb.com.ar\/index.php?rest_route=\/wp\/v2\/posts"}],"about":[{"href":"https:\/\/www.visionweb.com.ar\/index.php?rest_route=\/wp\/v2\/types\/post"}],"author":[{"embeddable":true,"href":"https:\/\/www.visionweb.com.ar\/index.php?rest_route=\/wp\/v2\/users\/4"}],"replies":[{"embeddable":true,"href":"https:\/\/www.visionweb.com.ar\/index.php?rest_route=%2Fwp%2Fv2%2Fcomments&post=4682"}],"version-history":[{"count":2,"href":"https:\/\/www.visionweb.com.ar\/index.php?rest_route=\/wp\/v2\/posts\/4682\/revisions"}],"predecessor-version":[{"id":4686,"href":"https:\/\/www.visionweb.com.ar\/index.php?rest_route=\/wp\/v2\/posts\/4682\/revisions\/4686"}],"wp:featuredmedia":[{"embeddable":true,"href":"https:\/\/www.visionweb.com.ar\/index.php?rest_route=\/wp\/v2\/media\/4685"}],"wp:attachment":[{"href":"https:\/\/www.visionweb.com.ar\/index.php?rest_route=%2Fwp%2Fv2%2Fmedia&parent=4682"}],"wp:term":[{"taxonomy":"category","embeddable":true,"href":"https:\/\/www.visionweb.com.ar\/index.php?rest_route=%2Fwp%2Fv2%2Fcategories&post=4682"},{"taxonomy":"post_tag","embeddable":true,"href":"https:\/\/www.visionweb.com.ar\/index.php?rest_route=%2Fwp%2Fv2%2Ftags&post=4682"}],"curies":[{"name":"wp","href":"https:\/\/api.w.org\/{rel}","templated":true}]}}