{"id":4673,"date":"2022-03-03T10:33:27","date_gmt":"2022-03-03T13:33:27","guid":{"rendered":"https:\/\/www.visionweb.com.ar\/?p=4673"},"modified":"2022-03-02T23:01:14","modified_gmt":"2022-03-03T02:01:14","slug":"lousteau-si-el-radicalismo-no-esta-dispuesto-a-ganar-en-todos-lados-el-radicalismo-no-existe","status":"publish","type":"post","link":"https:\/\/www.visionweb.com.ar\/?p=4673","title":{"rendered":"Lousteau: \u00abSi el radicalismo no est\u00e1 dispuesto a ganar en todos lados, el radicalismo no existe\u00bb"},"content":{"rendered":"<p><em><strong><span class=\"_2PHJq public-DraftStyleDefault-ltr\">El cierre de las exposiciones quedaron a cargo de Lousteau, los diputados nacionales Mart\u00edn Tetaz y Danya Tavela, y del legislador provincial Pablo Domenichini.<\/span><\/strong><\/em><!--more--><\/p>\n<div id=\"attachment_4674\" style=\"width: 310px\" class=\"wp-caption alignright\"><img loading=\"lazy\" decoding=\"async\" aria-describedby=\"caption-attachment-4674\" class=\"wp-image-4674 size-medium\" src=\"https:\/\/www.visionweb.com.ar\/wp-content\/uploads\/2022\/03\/Lousteau-en-La-Plata-300x174.png\" alt=\"\" width=\"300\" height=\"174\" srcset=\"https:\/\/www.visionweb.com.ar\/wp-content\/uploads\/2022\/03\/Lousteau-en-La-Plata-300x174.png 300w, https:\/\/www.visionweb.com.ar\/wp-content\/uploads\/2022\/03\/Lousteau-en-La-Plata-768x446.png 768w, https:\/\/www.visionweb.com.ar\/wp-content\/uploads\/2022\/03\/Lousteau-en-La-Plata.png 800w\" sizes=\"auto, (max-width: 300px) 100vw, 300px\" \/><p id=\"caption-attachment-4674\" class=\"wp-caption-text\">El Senador por CABA, Mart\u00edn Lousteau pidi\u00f3 m\u00e1s compromiso a los radicales y cuestion\u00f3 a la conducci\u00f3n nacional del Partido<\/p><\/div>\n<p id=\"viewer-foo\" class=\"mm8Nw _1j-51 _1atvN _1FoOD _3M0Fe _2WrB- _1atvN public-DraftStyleDefault-block-depth0 fixed-tab-size public-DraftStyleDefault-text-ltr\"><span class=\"_2PHJq public-DraftStyleDefault-ltr\"><strong>E<\/strong>l senador nacional por CABA Mart\u00edn Lousteau consider\u00f3 que si la UCR \u00abno piensa en ser gobierno debe dedicarse a otra cosa\u00bb, al encabezar el primer plenario bonaerense de la agrupaci\u00f3n Evoluci\u00f3n que se llev\u00f3 a cabo, d\u00edas atr\u00e1s, en La Plata, donde el legislador de Juntos por Cambio (JxC) cuestion\u00f3 a la conducci\u00f3n de la Uni\u00f3n C\u00edvica Radical (UCR).\u00a0<\/span><\/p>\n<div data-hook=\"rcv-block1\">\n<p id=\"viewer-7ebs6\" class=\"mm8Nw _1j-51 _1atvN _1FoOD _3M0Fe _2WrB- _1atvN public-DraftStyleDefault-block-depth0 fixed-tab-size public-DraftStyleDefault-text-ltr\"><span class=\"_2PHJq public-DraftStyleDefault-ltr\">\u201cEstamos ac\u00e1 porque pertenecemos al mejor partido de la pol\u00edtica argentina, pero tambi\u00e9n porque el partido no est\u00e1 tan bien. Si este partido no se anima a ser gobierno en la provincia para transformarle la vida a los bonaerenses mejor que vaya pensando en dedicarse a otra cosa\u201d. se\u00f1al\u00f3 Lousteau en un acto que se realiz\u00f3 en el Club Platense de la capital provincial.<\/span><\/p>\n<p id=\"viewer-4pp1\" class=\"mm8Nw _1j-51 _1atvN _1FoOD _3M0Fe _2WrB- _1atvN public-DraftStyleDefault-block-depth0 fixed-tab-size public-DraftStyleDefault-text-ltr\"><span class=\"_2PHJq public-DraftStyleDefault-ltr\">El encuentro, que comenz\u00f3 pasado el mediod\u00eda, cont\u00f3 con paneles y el cierre de las exposiciones quedaron a cargo de Lousteau, los diputados nacionales Mart\u00edn Tetaz y Danya Tavela, y del legislador provincial Pablo Domenichini.<\/span><\/p>\n<div data-hook=\"rcv-block7\">\n<p id=\"viewer-fcv6d\" class=\"mm8Nw _1j-51 _1atvN _1FoOD _3M0Fe _2WrB- _1atvN public-DraftStyleDefault-block-depth0 fixed-tab-size public-DraftStyleDefault-text-ltr\"><span class=\"_2PHJq public-DraftStyleDefault-ltr\">\u00abSi en la provincia no existe un radicalismo grande, fuerte, con candidatos dispuesto a ganar en todos lados, el radicalismo nacional no existe\u201d, remarc\u00f3 el ex ministro de Econom\u00eda durante los primeros meses de la presidencia de Cristina Fern\u00e1ndez de Kirchner al trazar un balance de la situaci\u00f3n del pa\u00eds y del distrito bonaerense.<\/span><\/p>\n<div data-hook=\"rcv-block11\">\n<p id=\"viewer-c8gvj\" class=\"mm8Nw _1j-51 _1atvN _1FoOD _3M0Fe _2WrB- _1atvN public-DraftStyleDefault-block-depth0 fixed-tab-size public-DraftStyleDefault-text-ltr\"><span class=\"_2PHJq public-DraftStyleDefault-ltr\">Adem\u00e1s, el senador se refiri\u00f3 al primer encuentro nacional del espacio que se desarrollar\u00e1 en Santa Fe, el pr\u00f3ximo 12 de marzo e invit\u00f3 a la dirigencia radical a participar de este c\u00f3nclave.<\/span><\/p>\n<p id=\"viewer-5fvp5\" class=\"mm8Nw _1j-51 _1atvN _1FoOD _3M0Fe _2WrB- _1atvN public-DraftStyleDefault-block-depth0 fixed-tab-size public-DraftStyleDefault-text-ltr\">\u00abEl que pregunta d\u00f3nde est\u00e1 Evoluci\u00f3n que venga a Santa Fe el 12 y vea el bloque de 12 diputadas nacionales de ocho provincias con paridad de g\u00e9nero en el partido m\u00e1s mis\u00f3gino de la Argentina\u201d<span class=\"_2PHJq public-DraftStyleDefault-ltr\">, fustig\u00f3 Lousteu, e inst\u00f3 a la militancia de esa agrupaci\u00f3n a \u00abcompetir\u00bb porque \u00abtodos los liderazgos son desafiables\u00bb.<\/span><\/p>\n<p id=\"viewer-epfii\" class=\"mm8Nw _1j-51 _1atvN _1FoOD _3M0Fe _2WrB- _1atvN public-DraftStyleDefault-block-depth0 fixed-tab-size public-DraftStyleDefault-text-ltr\"><span class=\"_2PHJq public-DraftStyleDefault-ltr\">\u201cSomos un espacio que no tiene miedo de ir a elecciones, de perderlas ni de ganarlas. Este es el lugar en el que menos miedo hay que tener. Esta es la provincia de Buenos Aires\u00bb, subray\u00f3.<\/span><\/p>\n<div class=\"_6SyeS\" data-hook=\"post-description\">\n<article class=\"blog-post-page-font\">\n<div class=\"post-content__body\">\n<div class=\"_2cDMG\">\n<div class=\"_2cDMG\">\n<div class=\"bVAkx _3777I _1dQP3\" data-rce-version=\"8.69.22\">\n<div class=\"kvdbP _2msPJ _189VQ _1O7aH\" dir=\"ltr\" data-id=\"rich-content-viewer\">\n<div class=\"_1hN1O _2S8BH _3EPBy\">\n<p id=\"viewer-5g6bn\" class=\"mm8Nw _1j-51 _1atvN _1FoOD _3M0Fe _2WrB- _1atvN public-DraftStyleDefault-block-depth0 fixed-tab-size public-DraftStyleDefault-text-ltr\"><span class=\"_2PHJq public-DraftStyleDefault-ltr\">\u00a0Respecto de eventuales candidaturas, el legislador nacional agreg\u00f3 que:\u00bbSi aquellos que pueden ser candidatos, como lo demostraron en las \u00faltimas elecciones, no quieren serlo en la provincia de Buenos Aires, Evoluci\u00f3n va a tener sus candidatos\u201d.<\/span><\/p>\n<p id=\"viewer-5qbnt\" class=\"mm8Nw _1j-51 _1atvN _1FoOD _3M0Fe _2WrB- _1atvN public-DraftStyleDefault-block-depth0 fixed-tab-size public-DraftStyleDefault-text-ltr\"><span class=\"_2PHJq public-DraftStyleDefault-ltr\">Record\u00f3 por \u00faltimo que hace poco hubo un encuentro en Santa Fe de legisladores y un expositor, l\u00edder nacional, dijo que la situaci\u00f3n estaba muy complicada en la Argentina y lo peor era que: \u00abNos pod\u00eda tocar a nosotros. Imag\u00ednense si (el expresidente Ra\u00fal) Alfons\u00edn hubiera dicho eso. En este espacio (Evoluci\u00f3n) cuando las cosas se ponen dif\u00edciles decimos que queremos que nos toque a nosotros\u201d, puntualiz\u00f3<strong>(VW)<\/strong>.<\/span><\/p>\n<div data-hook=\"rcv-block25\"><\/div>\n<div data-hook=\"rcv-block-last\"><\/div>\n<\/div>\n<\/div>\n<\/div>\n<\/div>\n<\/div>\n<\/div>\n<\/article>\n<\/div>\n<div id=\"post-footer\" class=\"_1AZWZ mxwvP\">\n<div class=\"Pc_no\"><\/div>\n<\/div>\n<div data-hook=\"rcv-block19\"><\/div>\n<div id=\"viewer-1p514\" class=\"mm8Nw _1j-51 _1atvN _1FoOD _3M0Fe _2WrB- _1atvN public-DraftStyleDefault-block-depth0 fixed-tab-size public-DraftStyleDefault-text-ltr\"><\/div>\n<\/div>\n<div id=\"viewer-cp63q\" class=\"mm8Nw _1j-51 _1atvN _1FoOD _3M0Fe _2WrB- _1atvN public-DraftStyleDefault-block-depth0 fixed-tab-size public-DraftStyleDefault-text-ltr\"><\/div>\n<\/div>\n<div id=\"viewer-7or70\" class=\"mm8Nw _1j-51 _1atvN _1FoOD _3M0Fe _2WrB- _1atvN public-DraftStyleDefault-block-depth0 fixed-tab-size public-DraftStyleDefault-text-ltr\"><\/div>\n<\/div>\n<div id=\"viewer-6h4ho\" class=\"mm8Nw _1j-51 _1atvN _1FoOD _3M0Fe _2WrB- _1atvN public-DraftStyleDefault-block-depth0 fixed-tab-size public-DraftStyleDefault-text-ltr\"><\/div>\n","protected":false},"excerpt":{"rendered":"<p>El cierre de las exposiciones quedaron a cargo de Lousteau, los diputados nacionales Mart\u00edn Tetaz y Danya Tavela, y del legislador provincial Pablo Domenichini.<\/p>\n","protected":false},"author":3,"featured_media":4674,"comment_status":"closed","ping_status":"closed","sticky":false,"template":"","format":"standard","meta":{"_monsterinsights_skip_tracking":false,"_monsterinsights_sitenote_active":false,"_monsterinsights_sitenote_note":"","_monsterinsights_sitenote_category":0,"footnotes":""},"categories":[4],"tags":[95,1838,1839],"class_list":["post-4673","post","type-post","status-publish","format-standard","has-post-thumbnail","hentry","category-politica","tag-la-plata","tag-lousteau","tag-radicales"],"_links":{"self":[{"href":"https:\/\/www.visionweb.com.ar\/index.php?rest_route=\/wp\/v2\/posts\/4673","targetHints":{"allow":["GET"]}}],"collection":[{"href":"https:\/\/www.visionweb.com.ar\/index.php?rest_route=\/wp\/v2\/posts"}],"about":[{"href":"https:\/\/www.visionweb.com.ar\/index.php?rest_route=\/wp\/v2\/types\/post"}],"author":[{"embeddable":true,"href":"https:\/\/www.visionweb.com.ar\/index.php?rest_route=\/wp\/v2\/users\/3"}],"replies":[{"embeddable":true,"href":"https:\/\/www.visionweb.com.ar\/index.php?rest_route=%2Fwp%2Fv2%2Fcomments&post=4673"}],"version-history":[{"count":1,"href":"https:\/\/www.visionweb.com.ar\/index.php?rest_route=\/wp\/v2\/posts\/4673\/revisions"}],"predecessor-version":[{"id":4675,"href":"https:\/\/www.visionweb.com.ar\/index.php?rest_route=\/wp\/v2\/posts\/4673\/revisions\/4675"}],"wp:featuredmedia":[{"embeddable":true,"href":"https:\/\/www.visionweb.com.ar\/index.php?rest_route=\/wp\/v2\/media\/4674"}],"wp:attachment":[{"href":"https:\/\/www.visionweb.com.ar\/index.php?rest_route=%2Fwp%2Fv2%2Fmedia&parent=4673"}],"wp:term":[{"taxonomy":"category","embeddable":true,"href":"https:\/\/www.visionweb.com.ar\/index.php?rest_route=%2Fwp%2Fv2%2Fcategories&post=4673"},{"taxonomy":"post_tag","embeddable":true,"href":"https:\/\/www.visionweb.com.ar\/index.php?rest_route=%2Fwp%2Fv2%2Ftags&post=4673"}],"curies":[{"name":"wp","href":"https:\/\/api.w.org\/{rel}","templated":true}]}}