{"id":4658,"date":"2022-03-02T12:13:52","date_gmt":"2022-03-02T15:13:52","guid":{"rendered":"https:\/\/www.visionweb.com.ar\/?p=4658"},"modified":"2022-03-02T12:20:20","modified_gmt":"2022-03-02T15:20:20","slug":"anses-extendio-la-jubilacion-anticipada","status":"publish","type":"post","link":"https:\/\/www.visionweb.com.ar\/?p=4658","title":{"rendered":"Anses extendi\u00f3 la Jubilaci\u00f3n Anticipada"},"content":{"rendered":"<p><em><strong>Ahora se incluyen per\u00edodos de licencia por maternidad y percepciones por desempleo.\u00a0Aunque todav\u00eda falta resolver aproximadamente la mitad de los tr\u00e1mites presentados.<\/strong><\/em><!--more--><\/p>\n<div id=\"attachment_4660\" style=\"width: 500px\" class=\"wp-caption aligncenter\"><img loading=\"lazy\" decoding=\"async\" aria-describedby=\"caption-attachment-4660\" class=\"wp-image-4660 size-full\" src=\"https:\/\/www.visionweb.com.ar\/wp-content\/uploads\/2022\/03\/jubilac-anticipada-twitter-anses.bmp\" alt=\"\" width=\"490\" height=\"490\" \/><p id=\"caption-attachment-4660\" class=\"wp-caption-text\">Aness incluir\u00e1 otros conceptos para otorgar la prestaci\u00f3n. Imagen: @ansesgo b\u00a0 Twi detter<\/p><\/div>\n<p>La Administraci\u00f3n Nacional de la <u>Seguridad Social<\/u><u> (Anses) <\/u>asegur\u00f3 que extender\u00e1n posibilidades de acceso a la\u00a0Jubilaci\u00f3n Anticipada\u00a0a partir del reconocimiento de los per\u00edodos de licencia por maternidad, el tiempo en que se haya percibido la prestaci\u00f3n por desempleo y los pagos de moratoria hasta el 30 de junio de 2021.<\/p>\n<p>Con la Resoluci\u00f3n\u00a02\/2022, publicada en el Bolet\u00edn Oficial, se mejoran las posibilidades de acceder a la\u00a0Jubilaci\u00f3n Anticipada\u00a0debido a que se incluyen otros conceptos, como el reconocimiento de los periodos de licencia por maternidad, el tiempo que se haya recibido la prestaci\u00f3n por desempleo y los pagos moratoria hasta el 30 de junio , conforme indic\u00f3 el organismo en un comunicado oficial.<\/p>\n<p><strong>\u00a0<\/strong>Pueden acceder a este beneficio las personas que cuenten con 30 a\u00f1os de aporte al sistema.<\/p>\n<p>En el caso de los hombres deber\u00e1n tener entre 60 y 64 a\u00f1os, con 30 a\u00f1os de aportes y desocupados al 30\/06\/2021.<\/p>\n<p>Las mujeres con edad entre 55 a 59 a\u00f1os, con 30 a\u00f1os de aportes y desocupadas al 30\/06\/2021.<\/p>\n<p>La Jubilaci\u00f3n Anticipada empez\u00f3 a aplicarse en octubre del 2021, la prestaci\u00f3n le da un 80% del haber que le corresponder\u00e1 a la persona cuando alcance la edad oficial para obtener la jubilaci\u00f3n, que va desde los 60 a\u00f1os para las mujeres, y de 65 a\u00f1os para los hombres.<\/p>\n<p>Seg\u00fan inform\u00f3 Anses, desde que sali\u00f3 la Jubilaci\u00f3n Anticipada se iniciaron 15 mil tr\u00e1mites y hasta el momento cobraron m\u00e1s de 8800 personas.<\/p>\n<p>Para comenzar con el tr\u00e1mite de inscripci\u00f3n a este programa, las personas deber\u00e1n acceder a la p\u00e1gina oficial de Anses y pedir turno haciendo clic aqu\u00ed:\u00a0<a href=\"https:\/\/www.anses.gob.ar\/jubilacion-anticipada\">https:\/\/www.anses.gob.ar\/jubilacion-anticipada<\/a>\u00a0 <strong>(VW)<\/strong><\/p>\n<p>&nbsp;<\/p>\n","protected":false},"excerpt":{"rendered":"<p>Ahora se incluyen per\u00edodos de licencia por maternidad y percepciones por desempleo.\u00a0Aunque todav\u00eda falta resolver aproximadamente la mitad de los tr\u00e1mites presentados.<\/p>\n","protected":false},"author":4,"featured_media":4660,"comment_status":"closed","ping_status":"closed","sticky":false,"template":"","format":"standard","meta":{"_monsterinsights_skip_tracking":false,"_monsterinsights_sitenote_active":false,"_monsterinsights_sitenote_note":"","_monsterinsights_sitenote_category":0,"footnotes":""},"categories":[3,5],"tags":[300,484,1193,1835],"class_list":["post-4658","post","type-post","status-publish","format-standard","has-post-thumbnail","hentry","category-actualidad","category-sociedad","tag-anses","tag-extension","tag-jubilacion-anticipada","tag-resolucion-2-2022"],"_links":{"self":[{"href":"https:\/\/www.visionweb.com.ar\/index.php?rest_route=\/wp\/v2\/posts\/4658","targetHints":{"allow":["GET"]}}],"collection":[{"href":"https:\/\/www.visionweb.com.ar\/index.php?rest_route=\/wp\/v2\/posts"}],"about":[{"href":"https:\/\/www.visionweb.com.ar\/index.php?rest_route=\/wp\/v2\/types\/post"}],"author":[{"embeddable":true,"href":"https:\/\/www.visionweb.com.ar\/index.php?rest_route=\/wp\/v2\/users\/4"}],"replies":[{"embeddable":true,"href":"https:\/\/www.visionweb.com.ar\/index.php?rest_route=%2Fwp%2Fv2%2Fcomments&post=4658"}],"version-history":[{"count":4,"href":"https:\/\/www.visionweb.com.ar\/index.php?rest_route=\/wp\/v2\/posts\/4658\/revisions"}],"predecessor-version":[{"id":4663,"href":"https:\/\/www.visionweb.com.ar\/index.php?rest_route=\/wp\/v2\/posts\/4658\/revisions\/4663"}],"wp:featuredmedia":[{"embeddable":true,"href":"https:\/\/www.visionweb.com.ar\/index.php?rest_route=\/wp\/v2\/media\/4660"}],"wp:attachment":[{"href":"https:\/\/www.visionweb.com.ar\/index.php?rest_route=%2Fwp%2Fv2%2Fmedia&parent=4658"}],"wp:term":[{"taxonomy":"category","embeddable":true,"href":"https:\/\/www.visionweb.com.ar\/index.php?rest_route=%2Fwp%2Fv2%2Fcategories&post=4658"},{"taxonomy":"post_tag","embeddable":true,"href":"https:\/\/www.visionweb.com.ar\/index.php?rest_route=%2Fwp%2Fv2%2Ftags&post=4658"}],"curies":[{"name":"wp","href":"https:\/\/api.w.org\/{rel}","templated":true}]}}