{"id":4653,"date":"2022-03-02T11:35:30","date_gmt":"2022-03-02T14:35:30","guid":{"rendered":"https:\/\/www.visionweb.com.ar\/?p=4653"},"modified":"2022-03-02T11:35:30","modified_gmt":"2022-03-02T14:35:30","slug":"lomas-de-zamora-la-fundacion-si-convoca-a-una-colecta-de-utiles-escolares","status":"publish","type":"post","link":"https:\/\/www.visionweb.com.ar\/?p=4653","title":{"rendered":"Lomas de Zamora: La Fundaci\u00f3n S\u00ed convoca a una colecta de \u00fatiles escolares"},"content":{"rendered":"<p><em><strong>Este fin de semana se viene en Banfield una colecta de \u00fatiles escolares, organizada por la Fundaci\u00f3n S\u00ed de Lomas de Zamora.<\/strong><\/em><!--more--><\/p>\n<div id=\"attachment_4656\" style=\"width: 535px\" class=\"wp-caption aligncenter\"><img loading=\"lazy\" decoding=\"async\" aria-describedby=\"caption-attachment-4656\" class=\"wp-image-4656 size-full\" src=\"https:\/\/www.visionweb.com.ar\/wp-content\/uploads\/2022\/03\/fundacion-si-colecta-utiles.bmp\" alt=\"\" width=\"525\" height=\"419\" \/><p id=\"caption-attachment-4656\" class=\"wp-caption-text\">S\u00e1bado 5 y domingo 6 de marzo, en la plaza del Campe\u00f3n (Vergara y Maipu, Banfield). De 14 a 18 horas. Imagen: Facebook oficial.<\/p><\/div>\n<p><strong> \u00a0\u00a0\u00a0 F<\/strong>rente al inicio de clases, la Fundaci\u00f3n S\u00ed de Lomas de Zamora, organiz\u00f3 una colecta de \u00fatiles escolares para complementar las necesidades de los sectores m\u00e1s vulnerables. Ser\u00e1 el fin de semana en\u00a0la Plaza del Campe\u00f3n, en Banfield.<\/p>\n<p>\u201cSe viene la vuelta a la escuela y muchos ni\u00f1os y ni\u00f1as van a necesitar de nuestra ayuda para poder volver al cole con todos los \u00fatiles necesarios para que tengan el mejor comienzo de clases\u201d, indica la convocatoria de la Fundaci\u00f3n S\u00ed de Lomas de Zamora.<\/p>\n<p>La ONG recibir\u00e1 los \u00fatiles (hojas de carpeta, cuadernos, hojas, l\u00e1pices, lapiceras, reglas, sacapuntas y muchas cosas m\u00e1s)\u00a0el s\u00e1bado y el domingo, de 14 a 18, en un stand de la feria \u201cMercado Consciente\u201d, emplazada en el espacio verde ubicado en Matheu y Vergara.<\/p>\n<p>Miles de estudiantes que arrancaron hoy las clases recibir\u00e1n en los pr\u00f3ximos d\u00edas la lista de materiales necesarios para el ciclo lectivo, y es este el momento en que aparecen las manos solidarias para ayudar a los que m\u00e1s lo necesitan.<\/p>\n<p>De acuerdo al relevamiento de Consumidores Libres la canasta escolar sufri\u00f3 este a\u00f1o un aumento del 64.39%, en la que los cuadernos, l\u00e1pices, lapiceras y goma de borrar son los productos que pr\u00e1cticamente duplicaron su precio.\u00a0<strong>(VW)<\/strong><\/p>\n<p>&nbsp;<\/p>\n","protected":false},"excerpt":{"rendered":"<p>Este fin de semana se viene en Banfield una colecta de \u00fatiles escolares, organizada por la Fundaci\u00f3n S\u00ed de Lomas de Zamora.<\/p>\n","protected":false},"author":4,"featured_media":4656,"comment_status":"closed","ping_status":"closed","sticky":false,"template":"","format":"standard","meta":{"_monsterinsights_skip_tracking":false,"_monsterinsights_sitenote_active":false,"_monsterinsights_sitenote_note":"","_monsterinsights_sitenote_category":0,"footnotes":""},"categories":[8,5],"tags":[1833,1832,318,1834],"class_list":["post-4653","post","type-post","status-publish","format-standard","has-post-thumbnail","hentry","category-interes-general","category-sociedad","tag-colecta","tag-fundacion-si","tag-lomas-de-zamora","tag-utiles-escolares"],"_links":{"self":[{"href":"https:\/\/www.visionweb.com.ar\/index.php?rest_route=\/wp\/v2\/posts\/4653","targetHints":{"allow":["GET"]}}],"collection":[{"href":"https:\/\/www.visionweb.com.ar\/index.php?rest_route=\/wp\/v2\/posts"}],"about":[{"href":"https:\/\/www.visionweb.com.ar\/index.php?rest_route=\/wp\/v2\/types\/post"}],"author":[{"embeddable":true,"href":"https:\/\/www.visionweb.com.ar\/index.php?rest_route=\/wp\/v2\/users\/4"}],"replies":[{"embeddable":true,"href":"https:\/\/www.visionweb.com.ar\/index.php?rest_route=%2Fwp%2Fv2%2Fcomments&post=4653"}],"version-history":[{"count":2,"href":"https:\/\/www.visionweb.com.ar\/index.php?rest_route=\/wp\/v2\/posts\/4653\/revisions"}],"predecessor-version":[{"id":4657,"href":"https:\/\/www.visionweb.com.ar\/index.php?rest_route=\/wp\/v2\/posts\/4653\/revisions\/4657"}],"wp:featuredmedia":[{"embeddable":true,"href":"https:\/\/www.visionweb.com.ar\/index.php?rest_route=\/wp\/v2\/media\/4656"}],"wp:attachment":[{"href":"https:\/\/www.visionweb.com.ar\/index.php?rest_route=%2Fwp%2Fv2%2Fmedia&parent=4653"}],"wp:term":[{"taxonomy":"category","embeddable":true,"href":"https:\/\/www.visionweb.com.ar\/index.php?rest_route=%2Fwp%2Fv2%2Fcategories&post=4653"},{"taxonomy":"post_tag","embeddable":true,"href":"https:\/\/www.visionweb.com.ar\/index.php?rest_route=%2Fwp%2Fv2%2Ftags&post=4653"}],"curies":[{"name":"wp","href":"https:\/\/api.w.org\/{rel}","templated":true}]}}