{"id":4629,"date":"2022-03-01T12:33:32","date_gmt":"2022-03-01T15:33:32","guid":{"rendered":"https:\/\/www.visionweb.com.ar\/?p=4629"},"modified":"2022-03-01T12:39:01","modified_gmt":"2022-03-01T15:39:01","slug":"uba-presencialidad-y-fechas-del-incio-de-clases","status":"publish","type":"post","link":"https:\/\/www.visionweb.com.ar\/?p=4629","title":{"rendered":"UBA: Las clases se inician con presencialidad"},"content":{"rendered":"<p><strong><em>Las Facultades ya cuentan con su fecha de inicio de clases y un lineamiento particular para cada una respecto a la presencialidad y virtualidad.<\/em><\/strong><!--more--><\/p>\n<p><strong><img loading=\"lazy\" decoding=\"async\" class=\"size-medium wp-image-4631 alignright\" src=\"https:\/\/www.visionweb.com.ar\/wp-content\/uploads\/2022\/03\/UBA-1-300x225.png\" alt=\"\" width=\"300\" height=\"225\" srcset=\"https:\/\/www.visionweb.com.ar\/wp-content\/uploads\/2022\/03\/UBA-1-300x225.png 300w, https:\/\/www.visionweb.com.ar\/wp-content\/uploads\/2022\/03\/UBA-1-768x576.png 768w, https:\/\/www.visionweb.com.ar\/wp-content\/uploads\/2022\/03\/UBA-1-320x240.png 320w, https:\/\/www.visionweb.com.ar\/wp-content\/uploads\/2022\/03\/UBA-1.png 800w\" sizes=\"auto, (max-width: 300px) 100vw, 300px\" \/>L<\/strong>a\u00a0Universidad de Buenos Aires (UBA) retomar\u00e1 la <strong>presencialidad<\/strong>\u00a0despu\u00e9s de dos a\u00f1os de clases virtuales, a partir del\u00a0<strong>primer cuatrimestre 2022<\/strong>\u00a0en todas las\u00a0<strong>facultades y carreras<\/strong>, en las cuales, sin embargo, difieren las\u00a0<strong>fechas del inicio de clases.<\/strong><\/p>\n<p>La primera ser\u00e1 la\u00a0<strong>Facultad de Odontolog\u00eda<\/strong>\u00a0que empezar\u00e1 el 7 de marzo, seguida por la\u00a0<strong>Facultad de Agronom\u00eda, Ciencias Veterinarias, Derecho y Farmacia y Bioqu\u00edmica<\/strong>\u00a0que empezar\u00e1 el 14; la\u00a0<strong>Facultad de Ciencias Econ\u00f3micas<\/strong>\u00a0el 17; la\u00a0<strong>Facultad de Ciencias Exactas y Naturales, Ingenier\u00eda, Medicina y Psicolog\u00eda<\/strong>\u00a0el 21; la Fac<strong>ultad de Ciencias Sociales y Filosof\u00eda\u00a0<\/strong>el 28; y, finalmente, la\u00a0<strong>Facultad de Arquitectura, Urbanismo y Dise\u00f1o<\/strong>\u00a0que comenzar\u00e1 las clases el 31 de marzo.<\/p>\n<p>Sin embargo, la\u00a0<strong>presencialidad<\/strong>\u00a0ya se dio, de forma\u00a0<strong>espor\u00e1dica<\/strong>, entre 2020 y 2021 para\u00a0<strong>materias de los \u00faltimos a\u00f1os o pr\u00e1cticas profesionales<\/strong>\u00a0que eran dif\u00edciles de llevar a cabo a distancia; y durante\u00a0<strong>enero y febrero<\/strong>, se logr\u00f3 llevar a cabo de manera m\u00e1s constante con los\u00a0<strong>cursos de verano y los ex\u00e1menes del CBC y UBA XXI, <\/strong>se inform\u00f3 desde \u00e1mbito acad\u00e9mico.<\/p>\n<p>Las autoridades reconocieron que\u00a0<strong>la virtualidad aporto \u201cexperiencias valiosas\u201d<\/strong>\u00a0y, seguir\u00e1 siendo un\u00a0<strong>complemento para muchas carreras<\/strong>, como es el caso de la\u00a0<strong>Facultad de Derecho<\/strong>\u00a0que propone una\u00a0<strong>modalidad mixta<\/strong>\u00a0dando la\u00a0<strong>posibilidad a elegir<\/strong>\u00a0entre el curso presencial o virtual,\u00a0<strong>con la condici\u00f3n de que este presente en el aula en al menos una materia.<\/strong><\/p>\n<p>La\u00a0<strong>Facultad de Psicolog\u00eda<\/strong>, por su parte, busca regresar a la modalidad previa a la pandemia con una\u00a0<strong>cursada presencial plena<\/strong>\u00a0ya que, as\u00ed, pueden\u00a0<strong>desarrollar mejor la<\/strong>\u00a0<strong>\u201cense\u00f1anza-aprendizaje\u201d.<\/strong><\/p>\n<p>Por otro lado, en la\u00a0<strong>Facultad de Medicina<\/strong>\u00a0las\u00a0<strong>variaciones entre presencialidad y virtualidad<\/strong>\u00a0ser\u00e1s\u00a0<strong>definidas particularmente por cada c\u00e1tedra<\/strong>, ya que cuenta con 200 materias y 13 carreras y no hay un denominador com\u00fan.<\/p>\n<p>En la misma, se realizaron\u00a0<strong>obras de reparaci\u00f3n y adaptaci\u00f3n de protocolo<\/strong>: se repararon pisos, pardes, mesadas de m\u00e1rmol; se colocaron\u00a0<strong>nuevas ventanas en la biblioteca<\/strong>\u00a0para una mejor ventilaci\u00f3n, y\u00a0<strong>se pusieron en condiciones los ba\u00f1os<\/strong>, donde tambi\u00e9n se colocaron insumos de limpieza personal para los alumnos.<\/p>\n<p>Finalmente, respecto a los docentes, el <strong>rectorado<\/strong>\u00a0afirmo que, pese al regreso de la presencialidad,\u00a0<strong>continuar\u00e1 la formaci\u00f3n de profesores en tecnolog\u00edas aplicadas a la ense\u00f1anza\u00a0<\/strong>a trav\u00e9s del\u00a0<strong>Centro de Innovaci\u00f3n en Tecnolog\u00eda y Pedagog\u00eda<\/strong>\u00a0y, en el \u00e1rea de posgrados, continuar\u00e1 la\u00a0<strong>Especializaci\u00f3n en Dise\u00f1o de la Ense\u00f1anza con Tecnolog\u00edas de Nivel superior.(VW)<\/strong><\/p>\n","protected":false},"excerpt":{"rendered":"<p>Las Facultades ya cuentan con su fecha de inicio de clases y un lineamiento particular para cada una respecto a la presencialidad y virtualidad.<\/p>\n","protected":false},"author":3,"featured_media":4630,"comment_status":"closed","ping_status":"closed","sticky":false,"template":"","format":"standard","meta":{"_monsterinsights_skip_tracking":false,"_monsterinsights_sitenote_active":false,"_monsterinsights_sitenote_note":"","_monsterinsights_sitenote_category":0,"footnotes":""},"categories":[1],"tags":[],"class_list":["post-4629","post","type-post","status-publish","format-standard","has-post-thumbnail","hentry","category-uncategorized"],"_links":{"self":[{"href":"https:\/\/www.visionweb.com.ar\/index.php?rest_route=\/wp\/v2\/posts\/4629","targetHints":{"allow":["GET"]}}],"collection":[{"href":"https:\/\/www.visionweb.com.ar\/index.php?rest_route=\/wp\/v2\/posts"}],"about":[{"href":"https:\/\/www.visionweb.com.ar\/index.php?rest_route=\/wp\/v2\/types\/post"}],"author":[{"embeddable":true,"href":"https:\/\/www.visionweb.com.ar\/index.php?rest_route=\/wp\/v2\/users\/3"}],"replies":[{"embeddable":true,"href":"https:\/\/www.visionweb.com.ar\/index.php?rest_route=%2Fwp%2Fv2%2Fcomments&post=4629"}],"version-history":[{"count":4,"href":"https:\/\/www.visionweb.com.ar\/index.php?rest_route=\/wp\/v2\/posts\/4629\/revisions"}],"predecessor-version":[{"id":4635,"href":"https:\/\/www.visionweb.com.ar\/index.php?rest_route=\/wp\/v2\/posts\/4629\/revisions\/4635"}],"wp:featuredmedia":[{"embeddable":true,"href":"https:\/\/www.visionweb.com.ar\/index.php?rest_route=\/wp\/v2\/media\/4630"}],"wp:attachment":[{"href":"https:\/\/www.visionweb.com.ar\/index.php?rest_route=%2Fwp%2Fv2%2Fmedia&parent=4629"}],"wp:term":[{"taxonomy":"category","embeddable":true,"href":"https:\/\/www.visionweb.com.ar\/index.php?rest_route=%2Fwp%2Fv2%2Fcategories&post=4629"},{"taxonomy":"post_tag","embeddable":true,"href":"https:\/\/www.visionweb.com.ar\/index.php?rest_route=%2Fwp%2Fv2%2Ftags&post=4629"}],"curies":[{"name":"wp","href":"https:\/\/api.w.org\/{rel}","templated":true}]}}