{"id":4584,"date":"2022-02-22T11:03:01","date_gmt":"2022-02-22T14:03:01","guid":{"rendered":"https:\/\/www.visionweb.com.ar\/?p=4584"},"modified":"2022-02-22T11:03:01","modified_gmt":"2022-02-22T14:03:01","slug":"gustavo-posse-ya-piensa-en-ser-vice-de-santilli","status":"publish","type":"post","link":"https:\/\/www.visionweb.com.ar\/?p=4584","title":{"rendered":"Gustavo Posse ya piensa en ser vice de Santilli"},"content":{"rendered":"<p><em><strong>La relaci\u00f3n y el dialogo entre el diputado nacional y el Intendente de San Isidro fue creciendo luego de las elecciones legislativas del a\u00f1o pasado.<\/strong><\/em><!--more--><\/p>\n<p><strong><img loading=\"lazy\" decoding=\"async\" class=\"size-medium wp-image-4585 alignleft\" src=\"https:\/\/www.visionweb.com.ar\/wp-content\/uploads\/2022\/02\/POSSE-300x202.png\" alt=\"\" width=\"300\" height=\"202\" srcset=\"https:\/\/www.visionweb.com.ar\/wp-content\/uploads\/2022\/02\/POSSE-300x202.png 300w, https:\/\/www.visionweb.com.ar\/wp-content\/uploads\/2022\/02\/POSSE.png 640w\" sizes=\"auto, (max-width: 300px) 100vw, 300px\" \/>G<\/strong>ustavo Posse, por ahora intendente dde San Isidro, ,al parecer ya tiene la bendici\u00f3n de Horacio Rodr\u00edguez Larreta para ser el vice de \u00a0de Diego Santilli en la disputa por gobernar el territorio m\u00e1s populoso del pa\u00eds, provincia de Buenos Aires.<\/p>\n<p>Santilli visit\u00f3 en reiteradas oportunidades el distrito comandado por el jefe comunal radical y la posibilidad de que compartan f\u00f3rmula para disputar la gobernaci\u00f3n bonaerense, dentro de Juntos por el Cambio y del proyecto \u201cRodr\u00edguez Larreta Presidente\u201d, toma cada vez mayor fuerza.<\/p>\n<p>Posse, adem\u00e1s de ser un reconocido jefe comunal, cuenta con una importante representaci\u00f3n dentro del radicalismo de la Provincia de Buenos Aires, hecho que qued\u00f3 demostrado en los \u00faltimos comicios internos, donde se postul\u00f3 para presidir la UCR y perdi\u00f3 con el oficialismo encabezado por el diputado provincial Maximiliano Abad, pero por escaso margen.<\/p>\n<p>Fuentes cercanas al intendente manifestaron a esta agencia que \u201cno hay acuerdo cerrado\u201d, ya que <strong>Posse no descarta la posibilidad de \u201cser el candidato (a gobernador) del radicalismo\u201d<\/strong>. \u201c\u00bfPor qu\u00e9 no?\u201d, se preguntaron y destacaron la trayectoria y formaci\u00f3n del jefe comunal.<\/p>\n<p id=\"viewer-febvg\" class=\"mm8Nw _1j-51 _1atvN _1FoOD _3M0Fe _2WrB- _1atvN public-DraftStyleDefault-block-depth0 fixed-tab-size public-DraftStyleDefault-text-ltr\"><span class=\"_2PHJq public-DraftStyleDefault-ltr\">No obstante ello, tambi\u00e9n agregaron que \u201cPosse podr\u00eda compartir f\u00f3rmula con Diego Santilli, tranquilamente\u201d y se\u00f1alaron que el dialogo \u201ces continuo y fluido\u201d.<\/span><\/p>\n<p>El interrogante pasa por la figura del actual ministro de Gobierno porte\u00f1o, <strong>Jorge Macri<\/strong>. El exintendente de Vicente L\u00f3pez <strong>confirm\u00f3 que ser\u00e1 candidato a gobernador en representaci\u00f3n del Pro<\/strong> y la iniciativa de Rodr\u00edguez Larreta de impulsar, una vez m\u00e1s, la figura de Santilli para la gobernaci\u00f3n acompa\u00f1ado de Gustavo Posse, lo deja en un lugar, por lo menos, inc\u00f3modo<strong>(VW)<\/strong><\/p>\n<div data-hook=\"rcv-block17\"><\/div>\n<div id=\"viewer-31m13\" class=\"mm8Nw _1j-51 _1atvN _1FoOD _3M0Fe _2WrB- _1atvN public-DraftStyleDefault-block-depth0 fixed-tab-size public-DraftStyleDefault-text-ltr\"><\/div>\n","protected":false},"excerpt":{"rendered":"<p>La relaci\u00f3n y el dialogo entre el diputado nacional y el Intendente de San Isidro fue creciendo luego de las elecciones legislativas del a\u00f1o pasado.<\/p>\n","protected":false},"author":3,"featured_media":4585,"comment_status":"closed","ping_status":"closed","sticky":false,"template":"","format":"standard","meta":{"_monsterinsights_skip_tracking":false,"_monsterinsights_sitenote_active":false,"_monsterinsights_sitenote_note":"","_monsterinsights_sitenote_category":0,"footnotes":""},"categories":[4],"tags":[184,1820,920],"class_list":["post-4584","post","type-post","status-publish","format-standard","has-post-thumbnail","hentry","category-politica","tag-larreta","tag-posse","tag-santilli"],"_links":{"self":[{"href":"https:\/\/www.visionweb.com.ar\/index.php?rest_route=\/wp\/v2\/posts\/4584","targetHints":{"allow":["GET"]}}],"collection":[{"href":"https:\/\/www.visionweb.com.ar\/index.php?rest_route=\/wp\/v2\/posts"}],"about":[{"href":"https:\/\/www.visionweb.com.ar\/index.php?rest_route=\/wp\/v2\/types\/post"}],"author":[{"embeddable":true,"href":"https:\/\/www.visionweb.com.ar\/index.php?rest_route=\/wp\/v2\/users\/3"}],"replies":[{"embeddable":true,"href":"https:\/\/www.visionweb.com.ar\/index.php?rest_route=%2Fwp%2Fv2%2Fcomments&post=4584"}],"version-history":[{"count":1,"href":"https:\/\/www.visionweb.com.ar\/index.php?rest_route=\/wp\/v2\/posts\/4584\/revisions"}],"predecessor-version":[{"id":4586,"href":"https:\/\/www.visionweb.com.ar\/index.php?rest_route=\/wp\/v2\/posts\/4584\/revisions\/4586"}],"wp:featuredmedia":[{"embeddable":true,"href":"https:\/\/www.visionweb.com.ar\/index.php?rest_route=\/wp\/v2\/media\/4585"}],"wp:attachment":[{"href":"https:\/\/www.visionweb.com.ar\/index.php?rest_route=%2Fwp%2Fv2%2Fmedia&parent=4584"}],"wp:term":[{"taxonomy":"category","embeddable":true,"href":"https:\/\/www.visionweb.com.ar\/index.php?rest_route=%2Fwp%2Fv2%2Fcategories&post=4584"},{"taxonomy":"post_tag","embeddable":true,"href":"https:\/\/www.visionweb.com.ar\/index.php?rest_route=%2Fwp%2Fv2%2Ftags&post=4584"}],"curies":[{"name":"wp","href":"https:\/\/api.w.org\/{rel}","templated":true}]}}