{"id":4580,"date":"2022-02-22T10:43:28","date_gmt":"2022-02-22T13:43:28","guid":{"rendered":"https:\/\/www.visionweb.com.ar\/?p=4580"},"modified":"2022-02-22T10:44:06","modified_gmt":"2022-02-22T13:44:06","slug":"adhieren-la-sube-al-boleto-estudiantil","status":"publish","type":"post","link":"https:\/\/www.visionweb.com.ar\/?p=4580","title":{"rendered":"Adhieren la sube al boleto estudiantil"},"content":{"rendered":"<p><em><strong>El Ministerio de Transporte de la provincia de Buenos Aires oficializ\u00f3 el acuerdo con la prestadora operativa de las tarjetas SUBE, para activar el boleto estudiantil, seg\u00fan public\u00f3 hoy en el Bolet\u00edn Oficial del distrito.<\/strong><\/em><!--more--><\/p>\n<p><img loading=\"lazy\" decoding=\"async\" class=\"size-medium wp-image-4581 alignright\" src=\"https:\/\/www.visionweb.com.ar\/wp-content\/uploads\/2022\/02\/SUBE-300x170.png\" alt=\"\" width=\"300\" height=\"170\" srcset=\"https:\/\/www.visionweb.com.ar\/wp-content\/uploads\/2022\/02\/SUBE-300x170.png 300w, https:\/\/www.visionweb.com.ar\/wp-content\/uploads\/2022\/02\/SUBE-768x436.png 768w, https:\/\/www.visionweb.com.ar\/wp-content\/uploads\/2022\/02\/SUBE.png 800w\" sizes=\"auto, (max-width: 300px) 100vw, 300px\" \/>Seg\u00fan determina la resoluci\u00f3n 18\/2022 publicada hoy en el Bolet\u00edn Oficial, se aprob\u00f3 el comodato con la prestadora del servicio operativo para activar el boleto estudiantil en las tarjetas SUBE a una semana del inicio del ciclo lectivo escolar en territorio bonaerense.<\/p>\n<p>Desde la cartera que encabeza Jorge D\u2019Onofrio oficializaron as\u00ed la r\u00fabrica del acuerdo que celebraron el 6 de diciembre pasado por entonces Subsecretar\u00eda que condujo Alejo Supply (reemplazado por Jorge Javier Cancio) y Naci\u00f3n Servicios S.A.<\/p>\n<p>La empresa es la que otorga \u00ablos equipos \u2018INTEGRISYS \u2013 ICLT-150\u2019 denominados TAS, a trav\u00e9s de los cuales se activa el atributo \u2018Boleto Especial Educativo&#8217;\u00bb, que es el sistema que rige las tarjetas SUBE para realizar las operaciones de recargas electr\u00f3nicas, aplicaci\u00f3n de atributos y consulta de saldo.<\/p>\n<p>Asimismo, IntegriSys desarroll\u00f3 la terminal inteligente iCLT-150 TAS para ser usado con las tarjetas sin contacto SUBE y acorde a las especificaciones de seguridad y funcionalidad requeridas por Naci\u00f3n Servicios S.A. para las aplicaciones de transporte y medio de pago dentro de la red SUBE.<\/p>\n<p>Mediante la resoluci\u00f3n, desde el Ministerio de Transporte bonaerense reflejaron que tal firma \u00abdesarroll\u00f3 el proyecto T\u00f3tems S.U.B.E. (Terminal Autom\u00e1tica S.U.B.E. y\/o TAS), cuyo objeto reside en la implementaci\u00f3n de una soluci\u00f3n a trav\u00e9s de las cuales los titulares de tarjetas S.U.B.E. (\u2026) pueden impactar el atributo social correspondiente, conforme a los subsidios de transporte dispuestos, realizar recargas diferidas, consultar el saldo y realizar el traspaso de saldo en caso de p\u00e9rdida o robo de dicha tarjeta\u00bb.<\/p>\n<p>El beneficio se funda en la Ley Provincial N\u00b0 14.735 que estableci\u00f3 \u00abun r\u00e9gimen especial de boleto para los usuarios del sistema de transporte provincial ferroviario, fluvial y de colectivo de pasajeros en sus servicios urbanos, suburbanos e interurbanos, destinados a alumnos pertenecientes a instituciones educativas p\u00fablicas de gesti\u00f3n estatal y de gesti\u00f3n privada con aportes del Estado en todos los niveles, incluidos los de formaci\u00f3n profesional y bachilleratos populares que tengan asiento en la Provincia de Buenos Aires\u00bb.<strong>(vw)<\/strong><\/p>\n<p>&nbsp;<\/p>\n<p>&nbsp;<\/p>\n","protected":false},"excerpt":{"rendered":"<p>El Ministerio de Transporte de la provincia de Buenos Aires oficializ\u00f3 el acuerdo con la prestadora operativa de las tarjetas SUBE, para activar el boleto estudiantil, seg\u00fan public\u00f3 hoy en el Bolet\u00edn Oficial del&#46;&#46;&#46;<\/p>\n","protected":false},"author":3,"featured_media":4581,"comment_status":"closed","ping_status":"closed","sticky":false,"template":"","format":"standard","meta":{"_monsterinsights_skip_tracking":false,"_monsterinsights_sitenote_active":false,"_monsterinsights_sitenote_note":"","_monsterinsights_sitenote_category":0,"footnotes":""},"categories":[7],"tags":[1819,1818,1817],"class_list":["post-4580","post","type-post","status-publish","format-standard","has-post-thumbnail","hentry","category-educacion-y-cultura","tag-boletos","tag-estiaantes","tag-sube"],"_links":{"self":[{"href":"https:\/\/www.visionweb.com.ar\/index.php?rest_route=\/wp\/v2\/posts\/4580","targetHints":{"allow":["GET"]}}],"collection":[{"href":"https:\/\/www.visionweb.com.ar\/index.php?rest_route=\/wp\/v2\/posts"}],"about":[{"href":"https:\/\/www.visionweb.com.ar\/index.php?rest_route=\/wp\/v2\/types\/post"}],"author":[{"embeddable":true,"href":"https:\/\/www.visionweb.com.ar\/index.php?rest_route=\/wp\/v2\/users\/3"}],"replies":[{"embeddable":true,"href":"https:\/\/www.visionweb.com.ar\/index.php?rest_route=%2Fwp%2Fv2%2Fcomments&post=4580"}],"version-history":[{"count":2,"href":"https:\/\/www.visionweb.com.ar\/index.php?rest_route=\/wp\/v2\/posts\/4580\/revisions"}],"predecessor-version":[{"id":4583,"href":"https:\/\/www.visionweb.com.ar\/index.php?rest_route=\/wp\/v2\/posts\/4580\/revisions\/4583"}],"wp:featuredmedia":[{"embeddable":true,"href":"https:\/\/www.visionweb.com.ar\/index.php?rest_route=\/wp\/v2\/media\/4581"}],"wp:attachment":[{"href":"https:\/\/www.visionweb.com.ar\/index.php?rest_route=%2Fwp%2Fv2%2Fmedia&parent=4580"}],"wp:term":[{"taxonomy":"category","embeddable":true,"href":"https:\/\/www.visionweb.com.ar\/index.php?rest_route=%2Fwp%2Fv2%2Fcategories&post=4580"},{"taxonomy":"post_tag","embeddable":true,"href":"https:\/\/www.visionweb.com.ar\/index.php?rest_route=%2Fwp%2Fv2%2Ftags&post=4580"}],"curies":[{"name":"wp","href":"https:\/\/api.w.org\/{rel}","templated":true}]}}