{"id":4560,"date":"2022-02-18T08:42:48","date_gmt":"2022-02-18T11:42:48","guid":{"rendered":"https:\/\/www.visionweb.com.ar\/?p=4560"},"modified":"2022-02-18T08:45:56","modified_gmt":"2022-02-18T11:45:56","slug":"berni-se-abrio-del-kirchenerismo","status":"publish","type":"post","link":"https:\/\/www.visionweb.com.ar\/?p=4560","title":{"rendered":"Berni se abri\u00f3 del kirchenerismo"},"content":{"rendered":"<p><em><strong>Pese a su alejamiento del espacio pol\u00edtico liderado por cristina Fern\u00e1ndez, fue confirmado por el gobernador Kichillof en su cargo como ministro de Seguridad.<\/strong><\/em><!--more--><\/p>\n<p><strong><img loading=\"lazy\" decoding=\"async\" class=\"alignright wp-image-4562 size-medium\" src=\"https:\/\/www.visionweb.com.ar\/wp-content\/uploads\/2022\/02\/BERNI-300x200.png\" alt=\"Berni reivindic\u00f3 a Crsitina Kirchener al alejarse del espacio pol\u00edtico. \" width=\"300\" height=\"200\" srcset=\"https:\/\/www.visionweb.com.ar\/wp-content\/uploads\/2022\/02\/BERNI-300x200.png 300w, https:\/\/www.visionweb.com.ar\/wp-content\/uploads\/2022\/02\/BERNI.png 640w\" sizes=\"auto, (max-width: 300px) 100vw, 300px\" \/>E<\/strong>l ministro de Seguridad bonaerense, Sergio Berni, se apart\u00f3 del espacio pol\u00edtico denominado kirchenerismo, liderado por la vice presidenta, Cristina Kirchener y asegur\u00f3 que \u00aba veces uno tiene que tomar este tipo de deciones\u00bb<\/p>\n<p>\u00abDecid\u00ed apartarme de ese espacio pol\u00edtico que quiero, respeto, al que pertenec\u00ed durante 33 a\u00f1os. Uno a veces tiene que tomar este tipo de decisiones\u00bb, se justific\u00f3 el ministro de Seguridad bonaerense, public\u00f3 Perfil.<\/p>\n<p>El Ministro Berni, se refiri\u00f3 este jueves a su v\u00ednculo actual con el kirchnerismo y anunci\u00f3 su ruptura con el espacio. \u201cLleg\u00f3 el momento de cortar el cord\u00f3n umbilical y tomar otro camino\u201d, se\u00f1al\u00f3 en di\u00e1logo con El Trece.<\/p>\n<p>\u201cLo del kirchnerismo es una decisi\u00f3n m\u00eda. Decid\u00ed apartarme de ese espacio pol\u00edtico que quiero, respeto, al que pertenec\u00ed durante 33 a\u00f1os. Uno a veces tiene que tomar este tipo de decisiones\u201d, sostuvo a continuaci\u00f3n Berni durante la entrevista televisiva.<\/p>\n<p>Pese a no definir las causas de su alejamiento del espacio pol\u00edtico, agreg\u00f3: \u201cMe fui con dolor y tristeza, pero respeto la figura de Cristina (Kirchner), que es la \u00fanica dirigente que tiene en la cabeza un modelo de pa\u00eds en la cabeza, que a uno le puede gustar o no gustar. Nunca me van a encontrar criticandola\u00bb.<\/p>\n<p>Consultado acerca de su relaci\u00f3n con el presidente Alberto Fern\u00e1ndez, se\u00f1al\u00f3: \u00abLa \u00faltima vez que habl\u00e9 habr\u00e1 sido hace un a\u00f1o\u00bb. Poniendo el foco en otros referentes, destac\u00f3 el trabajo del gobernador de la provincia de Buenos Aires, Axel Kicillof.<\/p>\n<p>\u00abGobernador en la provincia tenemos uno muy bueno, que la gente tiene toda la confianza depositada en \u00e9l y es nuestra responsabilidad ayudarlo en transformarla. Por primera vez, hay uno que piensa en cuestiones estructurales\u00bb, consider\u00f3.<\/p>\n<p>Con respecto al alejamiento de M\u00e1ximo Kirchner de la presidencia del bloque de diputados que lideraba, el titular de Seguridad bonaerense a\u00f1adi\u00f3: \u00abNadie puede defender algo de lo que no est\u00e1 convencido\u00bb<\/p>\n<p>\u00abNadie puede defender algo de lo que no est\u00e1 convencido. Lo banco mucho, primero por la coherencia. La actitud de M\u00e1ximo fue coherente. &#8216;Yo no estoy de acuerdo con esto, soy el presidente de bloque&#8217;. Hay que decir lo que hay que decir\u00bb, opin\u00f3 <strong>(VW)<\/strong>.<\/p>\n<header class=\"articulo-header\">\n<h2 class=\"headline\"><\/h2>\n<\/header>\n<div id=\"noticia\" class=\"container\">\n<article class=\"main-article\">\n<figure class=\"btn-open-gallery\"><picture class=\"cls-optimized\"><source srcset=\"https:\/\/fotos.perfil.com\/2021\/01\/14\/trim\/320\/180\/facebookelimino-mas-de-mil-cuentas-que-difundian-noticias-del-ministro-de-seguridad-bonaerense-sergio-berni-1113953.jpg?webp\" type=\"image\/webp\" media=\"(max-width: 320px)\" \/><source srcset=\"https:\/\/fotos.perfil.com\/2021\/01\/14\/trim\/360\/202\/facebookelimino-mas-de-mil-cuentas-que-difundian-noticias-del-ministro-de-seguridad-bonaerense-sergio-berni-1113953.jpg?webp\" type=\"image\/webp\" media=\"(max-width: 360px)\" \/><source srcset=\"https:\/\/fotos.perfil.com\/2021\/01\/14\/trim\/375\/211\/facebookelimino-mas-de-mil-cuentas-que-difundian-noticias-del-ministro-de-seguridad-bonaerense-sergio-berni-1113953.jpg?webp\" type=\"image\/webp\" media=\"(max-width: 375px)\" \/><source srcset=\"https:\/\/fotos.perfil.com\/2021\/01\/14\/trim\/414\/233\/facebookelimino-mas-de-mil-cuentas-que-difundian-noticias-del-ministro-de-seguridad-bonaerense-sergio-berni-1113953.jpg?webp\" type=\"image\/webp\" media=\"(max-width: 414px)\" \/><source srcset=\"https:\/\/fotos.perfil.com\/2021\/01\/14\/trim\/720\/405\/facebookelimino-mas-de-mil-cuentas-que-difundian-noticias-del-ministro-de-seguridad-bonaerense-sergio-berni-1113953.jpg?webp\" type=\"image\/webp\" media=\"(max-width: 768px)\" \/><source srcset=\"https:\/\/fotos.perfil.com\/2021\/01\/14\/trim\/635\/357\/facebookelimino-mas-de-mil-cuentas-que-difundian-noticias-del-ministro-de-seguridad-bonaerense-sergio-berni-1113953.jpg?webp\" type=\"image\/webp\" media=\"(max-width: 1024px)\" \/><source srcset=\"https:\/\/fotos.perfil.com\/2021\/01\/14\/trim\/950\/534\/facebookelimino-mas-de-mil-cuentas-que-difundian-noticias-del-ministro-de-seguridad-bonaerense-sergio-berni-1113953.jpg?webp\" type=\"image\/webp\" \/><source srcset=\"https:\/\/fotos.perfil.com\/2021\/01\/14\/trim\/320\/180\/facebookelimino-mas-de-mil-cuentas-que-difundian-noticias-del-ministro-de-seguridad-bonaerense-sergio-berni-1113953.jpg\" media=\"(max-width: 320px)\" \/><source srcset=\"https:\/\/fotos.perfil.com\/2021\/01\/14\/trim\/360\/202\/facebookelimino-mas-de-mil-cuentas-que-difundian-noticias-del-ministro-de-seguridad-bonaerense-sergio-berni-1113953.jpg\" media=\"(max-width: 360px)\" \/><source srcset=\"https:\/\/fotos.perfil.com\/2021\/01\/14\/trim\/375\/211\/facebookelimino-mas-de-mil-cuentas-que-difundian-noticias-del-ministro-de-seguridad-bonaerense-sergio-berni-1113953.jpg\" media=\"(max-width: 375px)\" \/><source srcset=\"https:\/\/fotos.perfil.com\/2021\/01\/14\/trim\/414\/233\/facebookelimino-mas-de-mil-cuentas-que-difundian-noticias-del-ministro-de-seguridad-bonaerense-sergio-berni-1113953.jpg\" media=\"(max-width: 414px)\" \/><source srcset=\"https:\/\/fotos.perfil.com\/2021\/01\/14\/trim\/720\/405\/facebookelimino-mas-de-mil-cuentas-que-difundian-noticias-del-ministro-de-seguridad-bonaerense-sergio-berni-1113953.jpg\" media=\"(max-width: 768px)\" \/><source srcset=\"https:\/\/fotos.perfil.com\/2021\/01\/14\/trim\/635\/357\/facebookelimino-mas-de-mil-cuentas-que-difundian-noticias-del-ministro-de-seguridad-bonaerense-sergio-berni-1113953.jpg\" media=\"(max-width: 1024px)\" \/><\/picture><\/figure>\n<\/article>\n<\/div>\n","protected":false},"excerpt":{"rendered":"<p>Pese a su alejamiento del espacio pol\u00edtico liderado por cristina Fern\u00e1ndez, fue confirmado por el gobernador Kichillof en su cargo como ministro de Seguridad.<\/p>\n","protected":false},"author":3,"featured_media":4562,"comment_status":"closed","ping_status":"closed","sticky":false,"template":"","format":"standard","meta":{"_monsterinsights_skip_tracking":false,"_monsterinsights_sitenote_active":false,"_monsterinsights_sitenote_note":"","_monsterinsights_sitenote_category":0,"footnotes":""},"categories":[4],"tags":[512,1157,529],"class_list":["post-4560","post","type-post","status-publish","format-standard","has-post-thumbnail","hentry","category-politica","tag-berni","tag-peronismo","tag-seguridad"],"_links":{"self":[{"href":"https:\/\/www.visionweb.com.ar\/index.php?rest_route=\/wp\/v2\/posts\/4560","targetHints":{"allow":["GET"]}}],"collection":[{"href":"https:\/\/www.visionweb.com.ar\/index.php?rest_route=\/wp\/v2\/posts"}],"about":[{"href":"https:\/\/www.visionweb.com.ar\/index.php?rest_route=\/wp\/v2\/types\/post"}],"author":[{"embeddable":true,"href":"https:\/\/www.visionweb.com.ar\/index.php?rest_route=\/wp\/v2\/users\/3"}],"replies":[{"embeddable":true,"href":"https:\/\/www.visionweb.com.ar\/index.php?rest_route=%2Fwp%2Fv2%2Fcomments&post=4560"}],"version-history":[{"count":4,"href":"https:\/\/www.visionweb.com.ar\/index.php?rest_route=\/wp\/v2\/posts\/4560\/revisions"}],"predecessor-version":[{"id":4565,"href":"https:\/\/www.visionweb.com.ar\/index.php?rest_route=\/wp\/v2\/posts\/4560\/revisions\/4565"}],"wp:featuredmedia":[{"embeddable":true,"href":"https:\/\/www.visionweb.com.ar\/index.php?rest_route=\/wp\/v2\/media\/4562"}],"wp:attachment":[{"href":"https:\/\/www.visionweb.com.ar\/index.php?rest_route=%2Fwp%2Fv2%2Fmedia&parent=4560"}],"wp:term":[{"taxonomy":"category","embeddable":true,"href":"https:\/\/www.visionweb.com.ar\/index.php?rest_route=%2Fwp%2Fv2%2Fcategories&post=4560"},{"taxonomy":"post_tag","embeddable":true,"href":"https:\/\/www.visionweb.com.ar\/index.php?rest_route=%2Fwp%2Fv2%2Ftags&post=4560"}],"curies":[{"name":"wp","href":"https:\/\/api.w.org\/{rel}","templated":true}]}}