{"id":4557,"date":"2022-02-18T08:06:04","date_gmt":"2022-02-18T11:06:04","guid":{"rendered":"https:\/\/www.visionweb.com.ar\/?p=4557"},"modified":"2022-02-17T19:40:42","modified_gmt":"2022-02-17T22:40:42","slug":"los-precios-de-la-canasta-basica-subieron-un-29-en-la-primera-quincena-de-febrero","status":"publish","type":"post","link":"https:\/\/www.visionweb.com.ar\/?p=4557","title":{"rendered":"Los precios de la canasta b\u00e1sica subieron un 2,9% en la primera quincena de febrero"},"content":{"rendered":"<p class=\"description mainfont\"><em><strong>Desde comienzos de a\u00f1o los alimentos registraron un incremento del orden del 8,09 por ciento, incidiendo de manera directa los datos del Indice de Precios al Consumidor.,seg\u00fan un relevamiento de Consumidores Libres.<\/strong><\/em><!--more--><\/p>\n<div id=\"vsmcontent\" class=\"content vsmcontent mainfont\">\n<div id=\"element-body\">\n<p><img loading=\"lazy\" decoding=\"async\" class=\"size-full wp-image-4390 alignright\" src=\"https:\/\/www.visionweb.com.ar\/wp-content\/uploads\/2022\/02\/frutas-y-verduras.bmp\" alt=\"\" width=\"512\" height=\"316\" \/>\u00a0<strong>L<\/strong>os alimentos registraron un incremento del orden del 8,09 por ciento, en lo que va del a\u00f1o y en febrero mostraron un aumento del\u00a0 2,9%, cifra que impacta de manera directa los datos del Indice de Precios\u00a0al Consumidor.<\/p>\n<p>El\u00a0precio de los 21 productos de la llamada \u00abcanasta b\u00e1sica de alimentos\u00bb tuvo un aumento del 2,9 por ciento durante la primera quincena de febrero, revel\u00f3, el \u00faltimo relevamiento efectuado por Consumidores Libres Consumidores Libres.<\/p>\n<p>La medici\u00f3n efectuada por la entidad en supermercados y negocios barriales de la ciudad de Buenos Aires mostr\u00f3 que, en esta oportunidad, el rubro que m\u00e1s empuj\u00f3 la suba fue Almac\u00e9n, donde se destacan los fuertes incrementos anotados en huevos (17,4 por ciento) y pan fresco (16,7 por ciento) y en menor medida los de az\u00facar (4,5 por ciento), leche en sachet (3,45 por ciento) y harina (2,6 por ciento).<\/p>\n<p>En tanto que Frutas y Verduras promediaron un aumento del 3,66 por ciento, donde se registraron extremos como el de la zanahoria (27 por ciento), acelga (15%), papa (7%), cebolla (5,2%) y naranja (45%), apenas compensados por las bajas en manzana (-3,7%) y tomate perita (-2,78%).<\/p>\n<p style=\"text-align: left;\">La subida de los productos frescos no es una novedad ya que en las \u00faltimas semanas se viene registrando una aceleraci\u00f3n en el\u00a0precio\u00a0de algunos productos como tomate y lechuga y desde el gobierno confiesan su incapacidad para contener las subidas de estos productos muy afectados por factores estacionales.<\/p>\n<h3 style=\"text-align: center;\"><span style=\"color: #0000ff;\"><strong><em>El tomate redondo aument\u00f3 82,2% y la lechuga 51,1%\u00a0<\/em><\/strong><\/span><\/h3>\n<p>Este martes, el \u00edndice de\u00a0Precios\u00a0al Consumidor (IPC-Costo de Vida) que public\u00f3 el Indec para el mes de enero mostr\u00f3 que entre los 10 alimentos que m\u00e1s aumentaron en enero se destacan el tomate redondo (82,2%) y la lechuga (51,1%). En el \u00abpodio\u00bb aparece tambi\u00e9n el lim\u00f3n (30,2%) y la naranja (15,2%).<br \/>\nEn la medici\u00f3n de Consumidores Libres, son llamativos los descomunales\u00a0aumentos\u00a0que en tan solo un mes y medio transcurrido desde principio de a\u00f1o acumulan algunos productos frescos: zanahoria (85,3%), acelga (66,6%) y tomate perita (52%).<\/p>\n<p>Con respecto a las\u00a0carnes, los cuatro cortes que releva Consumidores Libres mostraron un incremento promedio de 1,64 en los primeros 15 d\u00edas del mes, donde\u00a0carne\u00a0picada (3%) y bola de lomo (2%) registran las mayores subas.<\/p>\n<p>El kilo de asado, por su parte, cotiza a $990 un punto m\u00e1s arriba que a principio de enero.<\/p>\n<p>Como se inform\u00f3 desde estas p\u00e1ginas, en este rubro se aguardan nuevos\u00a0aumentos en los pr\u00f3ximos d\u00edas por efecto de una menor entrada de vacunos al mercado concentrador de Liniers. Esta semana el kilo vivo alcanz\u00f3 los $300 y se espera que el incremento no tarde en reflejarse en g\u00f3ndolas y carnicer\u00edas<strong>(VW)<\/strong><\/p>\n<\/div>\n<\/div>\n","protected":false},"excerpt":{"rendered":"<p>Desde comienzos de a\u00f1o los alimentos registraron un incremento del orden del 8,09 por ciento, incidiendo de manera directa los datos del Indice de Precios al Consumidor.,seg\u00fan un relevamiento de Consumidores Libres.<\/p>\n","protected":false},"author":3,"featured_media":4390,"comment_status":"closed","ping_status":"closed","sticky":false,"template":"","format":"standard","meta":{"_monsterinsights_skip_tracking":false,"_monsterinsights_sitenote_active":false,"_monsterinsights_sitenote_note":"","_monsterinsights_sitenote_category":0,"footnotes":""},"categories":[1],"tags":[],"class_list":["post-4557","post","type-post","status-publish","format-standard","has-post-thumbnail","hentry","category-uncategorized"],"_links":{"self":[{"href":"https:\/\/www.visionweb.com.ar\/index.php?rest_route=\/wp\/v2\/posts\/4557","targetHints":{"allow":["GET"]}}],"collection":[{"href":"https:\/\/www.visionweb.com.ar\/index.php?rest_route=\/wp\/v2\/posts"}],"about":[{"href":"https:\/\/www.visionweb.com.ar\/index.php?rest_route=\/wp\/v2\/types\/post"}],"author":[{"embeddable":true,"href":"https:\/\/www.visionweb.com.ar\/index.php?rest_route=\/wp\/v2\/users\/3"}],"replies":[{"embeddable":true,"href":"https:\/\/www.visionweb.com.ar\/index.php?rest_route=%2Fwp%2Fv2%2Fcomments&post=4557"}],"version-history":[{"count":1,"href":"https:\/\/www.visionweb.com.ar\/index.php?rest_route=\/wp\/v2\/posts\/4557\/revisions"}],"predecessor-version":[{"id":4558,"href":"https:\/\/www.visionweb.com.ar\/index.php?rest_route=\/wp\/v2\/posts\/4557\/revisions\/4558"}],"wp:featuredmedia":[{"embeddable":true,"href":"https:\/\/www.visionweb.com.ar\/index.php?rest_route=\/wp\/v2\/media\/4390"}],"wp:attachment":[{"href":"https:\/\/www.visionweb.com.ar\/index.php?rest_route=%2Fwp%2Fv2%2Fmedia&parent=4557"}],"wp:term":[{"taxonomy":"category","embeddable":true,"href":"https:\/\/www.visionweb.com.ar\/index.php?rest_route=%2Fwp%2Fv2%2Fcategories&post=4557"},{"taxonomy":"post_tag","embeddable":true,"href":"https:\/\/www.visionweb.com.ar\/index.php?rest_route=%2Fwp%2Fv2%2Ftags&post=4557"}],"curies":[{"name":"wp","href":"https:\/\/api.w.org\/{rel}","templated":true}]}}