{"id":4554,"date":"2022-02-17T15:20:09","date_gmt":"2022-02-17T18:20:09","guid":{"rendered":"https:\/\/www.visionweb.com.ar\/?p=4554"},"modified":"2022-02-17T15:20:09","modified_gmt":"2022-02-17T18:20:09","slug":"la-presencia-laboral-de-las-mujeres-se-ubica-en-niveles-similares-a-la-pre-pandemia","status":"publish","type":"post","link":"https:\/\/www.visionweb.com.ar\/?p=4554","title":{"rendered":"La presencia laboral de las mujeres se ubica en niveles similares a la pre pandemia"},"content":{"rendered":"<p><strong><em>El 10% de las mujeres que hoy est\u00e1n cercanas a la edad de jubilaci\u00f3n puede realizarlo a trav\u00e9s de la v\u00eda de aportes de 30 a\u00f1os.<\/em><\/strong><!--more--><\/p>\n<div id=\"attachment_1186\" style=\"width: 310px\" class=\"wp-caption alignright\"><img loading=\"lazy\" decoding=\"async\" aria-describedby=\"caption-attachment-1186\" class=\"wp-image-1186 size-medium\" src=\"https:\/\/www.visionweb.com.ar\/wp-content\/uploads\/2021\/03\/LAS-MUJERES-EN-LA-INDUTRIA-DE-LA-MAQUINAIRA-300x168.png\" alt=\"\" width=\"300\" height=\"168\" srcset=\"https:\/\/www.visionweb.com.ar\/wp-content\/uploads\/2021\/03\/LAS-MUJERES-EN-LA-INDUTRIA-DE-LA-MAQUINAIRA-300x168.png 300w, https:\/\/www.visionweb.com.ar\/wp-content\/uploads\/2021\/03\/LAS-MUJERES-EN-LA-INDUTRIA-DE-LA-MAQUINAIRA.png 640w\" sizes=\"auto, (max-width: 300px) 100vw, 300px\" \/><p id=\"caption-attachment-1186\" class=\"wp-caption-text\"><em><strong>La participaci\u00f3n d las mujeres en la actividad laboral ya se ubica en niveles similares a la pre pandemia.<\/strong><\/em><\/p><\/div>\n<p><strong>L<\/strong>a participaci\u00f3n de las mujeres en el mercado laboral regres\u00f3 a los niveles previos a la pandemia, de acuerdo a datos relevados por la Administraci\u00f3n Nacional de la Seguridad Social(ANSES), indic\u00f3 en la v\u00edspera, la directora nacional de Econom\u00eda, Igualdad y G\u00e9nero del Ministerio de Econom\u00eda, Mercedes D\u00b4Alessandro,<\/p>\n<p>\u00abLas mujeres, en los primeros meses de la pandemia, retrocedieron en el mercado laboral a niveles de 2002; y eso tard\u00f3 mucho en revertirse ya que ve\u00edamos que los varones volv\u00edan al mercado m\u00e1s r\u00e1pido que las mujeres\u00bb, explic\u00f3 D\u00b4Alessandro en declaraciones radiales.<\/p>\n<p>Luego de ese retroceso, la funcionaria se\u00f1al\u00f3 que las mujeres \u00abrecperaron los niveles de pre pandemia en octubre del a\u00f1o pasado\u00bb.<\/p>\n<p>\u00abEsta recuperaci\u00f3n es muy importante porque no s\u00f3lo se recuper\u00f3 el nivel pre pandemia, sino que se super\u00f3, con niveles de actividad y empleo de la mujer r\u00e9cord en la Argentina\u00bb, subray\u00f3 D\u00b4Alessandro, quien es la primera en ocupar el cargo en el Ministerio de Econom\u00eda, pionero a nivel latinoamericano y creado a principios de 2020.<\/p>\n<p>Seg\u00fan anunci\u00f3 la directora ejecutiva de la entidad previsional, Fernanda Raverta, ya alcanz\u00f3 a m\u00e1s de 100.000 mujeres, y permite acceder a una jubilaci\u00f3n a aquellas mujeres en edad de hacerlo (con 60 a\u00f1os o m\u00e1s), que sean madres y no cuenten con los 30 a\u00f1os de aportes.<\/p>\n<p>El reconocimiento es de un a\u00f1o de aportes por cada hijo o hija; dos por hijo adoptado siendo menor de edad; uno adicional por cada hijo con discapacidad y dos adicionales en caso de que por el hijo haya accedido a la Asignaci\u00f3n Universal por Hijo (AUH) por al menos 12 meses.<\/p>\n<p>\u00abSeg\u00fan los c\u00e1lculos que hizo Anses ser\u00edan 150.000 mujeres las que cumplen con los requisitos y podr\u00edan recibir esta jubilaci\u00f3n por cuidados; y que ya hayan accedido 100.000 quiere decir que se viene avanzando muy bien\u00bb, sostuvo D\u00b4Alessandro.<\/p>\n<p>Adem\u00e1s explic\u00f3 que debido a la \u00abinserci\u00f3n m\u00e1s precaria en el mercado laboral\u00bb, a las mujeres \u00ables cuesta m\u00e1s llegar a los 30 a\u00f1os de aportes\u00bb.<\/p>\n<h3 style=\"text-align: center;\"><span style=\"color: #0000ff;\"><strong><em>Para la ANSES ser\u00edan unas 150.000 mujeres las que cumplen con los requisitos y podr\u00edan acceder a una jubilaci\u00f3n.<\/em><\/strong><\/span><\/h3>\n<p>Precis\u00f3 que, de acuerdo a datos de principios de 2020, \u00abs\u00f3lo una de cada diez mujeres en edad de jubilarse tiene m\u00e1s de 30 a\u00f1os de aporte\u00bb.<\/p>\n<p>Y se\u00f1al\u00f3 que \u00fanicamente \u00abel 10% de las mujeres que hoy est\u00e1n cercanas a la edad de jubilaci\u00f3n puede realizarlo a trav\u00e9s de la v\u00eda de aportes de 30 a\u00f1os\u00bb.<\/p>\n<p>\u00abLos cuidados, al ser una parte central de cualquier persona o familia, tambi\u00e9n tienen que ser reconocidos como trabajo y eso forma parte del sentido m\u00e1s profundo de esta medida\u00bb, agreg\u00f3 la funcionaria.<\/p>\n<p>Tambi\u00e9n remarc\u00f3 otras pol\u00edticas como el programa Acompa\u00f1ar para v\u00edctimas de violencia de g\u00e9nero y Registradas que permite solicitar a los empleadores un beneficio de entre 30% y 50% del salario de las trabajadoras de casas particulares que sean formalizadas.<\/p>\n<p>\u00abEstos programas tienen que ver con entender que hoy el Estado tiene una mirada sobre la econom\u00eda de los cuidados y una mirada diferente sobre el rol de las mujeres en el sistema econ\u00f3mico y productivo\u00bb, concluy\u00f3 D\u00b4Alessandro <strong>(VW)<\/strong>.<\/p>\n","protected":false},"excerpt":{"rendered":"<p>El 10% de las mujeres que hoy est\u00e1n cercanas a la edad de jubilaci\u00f3n puede realizarlo a trav\u00e9s de la v\u00eda de aportes de 30 a\u00f1os.<\/p>\n","protected":false},"author":3,"featured_media":1186,"comment_status":"closed","ping_status":"closed","sticky":false,"template":"","format":"standard","meta":{"_monsterinsights_skip_tracking":false,"_monsterinsights_sitenote_active":false,"_monsterinsights_sitenote_note":"","_monsterinsights_sitenote_category":0,"footnotes":""},"categories":[5],"tags":[1816,128,168,242],"class_list":["post-4554","post","type-post","status-publish","format-standard","has-post-thumbnail","hentry","category-sociedad","tag-jubilacion","tag-mujeres","tag-pandemia","tag-trabajo"],"_links":{"self":[{"href":"https:\/\/www.visionweb.com.ar\/index.php?rest_route=\/wp\/v2\/posts\/4554","targetHints":{"allow":["GET"]}}],"collection":[{"href":"https:\/\/www.visionweb.com.ar\/index.php?rest_route=\/wp\/v2\/posts"}],"about":[{"href":"https:\/\/www.visionweb.com.ar\/index.php?rest_route=\/wp\/v2\/types\/post"}],"author":[{"embeddable":true,"href":"https:\/\/www.visionweb.com.ar\/index.php?rest_route=\/wp\/v2\/users\/3"}],"replies":[{"embeddable":true,"href":"https:\/\/www.visionweb.com.ar\/index.php?rest_route=%2Fwp%2Fv2%2Fcomments&post=4554"}],"version-history":[{"count":1,"href":"https:\/\/www.visionweb.com.ar\/index.php?rest_route=\/wp\/v2\/posts\/4554\/revisions"}],"predecessor-version":[{"id":4555,"href":"https:\/\/www.visionweb.com.ar\/index.php?rest_route=\/wp\/v2\/posts\/4554\/revisions\/4555"}],"wp:featuredmedia":[{"embeddable":true,"href":"https:\/\/www.visionweb.com.ar\/index.php?rest_route=\/wp\/v2\/media\/1186"}],"wp:attachment":[{"href":"https:\/\/www.visionweb.com.ar\/index.php?rest_route=%2Fwp%2Fv2%2Fmedia&parent=4554"}],"wp:term":[{"taxonomy":"category","embeddable":true,"href":"https:\/\/www.visionweb.com.ar\/index.php?rest_route=%2Fwp%2Fv2%2Fcategories&post=4554"},{"taxonomy":"post_tag","embeddable":true,"href":"https:\/\/www.visionweb.com.ar\/index.php?rest_route=%2Fwp%2Fv2%2Ftags&post=4554"}],"curies":[{"name":"wp","href":"https:\/\/api.w.org\/{rel}","templated":true}]}}