{"id":4551,"date":"2022-02-17T08:26:21","date_gmt":"2022-02-17T11:26:21","guid":{"rendered":"https:\/\/www.visionweb.com.ar\/?p=4551"},"modified":"2022-02-17T08:26:21","modified_gmt":"2022-02-17T11:26:21","slug":"el-municipio-de-lanus-renovo-el-contrato-con-coviela","status":"publish","type":"post","link":"https:\/\/www.visionweb.com.ar\/?p=4551","title":{"rendered":"El municipio de Lan\u00fas renov\u00f3 el contrato con Coviela"},"content":{"rendered":"<p><strong><em>La empresa recolectora de residuos mantendr\u00e1 su contrato con el distrito de Lan\u00fas. El acuerdo incluye tambi\u00e9n la ampliaci\u00f3n de los recorridos y la incorporaci\u00f3n de unidades 0km.<\/em><\/strong>\u00a0 <!--more--><\/p>\n<p><img loading=\"lazy\" decoding=\"async\" class=\"size-medium wp-image-4552 alignright\" src=\"https:\/\/www.visionweb.com.ar\/wp-content\/uploads\/2022\/02\/GRINDETTI-Y-KRAVETZ-300x163.png\" alt=\"\" width=\"300\" height=\"163\" srcset=\"https:\/\/www.visionweb.com.ar\/wp-content\/uploads\/2022\/02\/GRINDETTI-Y-KRAVETZ-300x163.png 300w, https:\/\/www.visionweb.com.ar\/wp-content\/uploads\/2022\/02\/GRINDETTI-Y-KRAVETZ-768x418.png 768w, https:\/\/www.visionweb.com.ar\/wp-content\/uploads\/2022\/02\/GRINDETTI-Y-KRAVETZ.png 800w\" sizes=\"auto, (max-width: 300px) 100vw, 300px\" \/><strong>L<\/strong>a empresa recolectora de basura contratada por el municipio de Lan\u00fas renov\u00f3 su convenio para mantener la prestaci\u00f3n de ese servicio y adem\u00e1s se amplio y renov\u00f3 el parque automotor.<\/p>\n<p>La presentaci\u00f3n del convenio estuvo a cargo del intendente de Lan\u00fas, N\u00e9stor Grindetti, que se concret\u00f3 en el Parque Lineal de Monte Chingolo.<\/p>\n<p>Con la presentaci\u00f3n del acuerdo, Grindetti dio detalles del nuevo cronograma de ejecuci\u00f3n y ampliaci\u00f3n de servicios de higiene urbana que alcanzar\u00e1n a todos los barrios de Lan\u00fas Este y Oeste.<\/p>\n<p>Al acto de presentaci\u00f3n asistieron adem\u00e1s d los titulares de la empresa, el Jefe de Gabinete Diego Kravetz y al secretario de Espacio y Servicios P\u00fablicos Gast\u00f3n Cochelo.<\/p>\n<p>El intendente N\u00e9stor Grindetti particip\u00f3 de la presentaci\u00f3n del nuevo convenio alcanzado con la empresa prestadora del servicio de recolecci\u00f3n Covelia que se realiz\u00f3 en el Parque Lineal de Monte Chingolo junto<\/p>\n<h3 style=\"text-align: center;\"><span style=\"color: #0000ff;\"><strong><em>Se sumar\u00e1n dos moto barredoras y equipos de lavado de calles.<\/em><\/strong><\/span><\/h3>\n<p>El nuevo convenio contempla la renovaci\u00f3n del parque automotor de la empresa, casi en su totalidad. y la ampliaci\u00f3n de la frecuencia diaria de barrido de arterias que se duplicar\u00e1 a lo largo de la jornada.<\/p>\n<p>Tambi\u00e9n se optimizar\u00e1 el servicio de limpieza post ferias, plazas, paseos y eventos al aire libre, para lo cual se sumar\u00e1n dos moto barredoras 0KM y equipos de lavado de calles.<\/p>\n<p>En cuanto a los camiones recolectores y sus distintos servicios, aumentar\u00e1n un 25 por ciento y la recolecci\u00f3n contenerizada incrementar\u00e1 su capacidad un 30 por ciento y contar\u00e1 con dos unidades rob\u00f3ticas de elevaci\u00f3n de contenedores tambi\u00e9n 0KM.<\/p>\n<p>Para aquellas zonas generadoras de gran cantidad de residuos s\u00f3lidos urbanos, el nuevo convenio tambi\u00e9n establece un importante aumento en la frecuencia de recolecci\u00f3n y para el levantamiento de poda y mont\u00edculos, se sumar\u00e1n veh\u00edculos renovados que elevar\u00e1n un 25 por ciento el material recogido, con sistemas de \u00faltima tecnolog\u00eda.<\/p>\n<p>En el convenio presentado por Grindetti la empresa prestadora adhiere a la puesta en marcha de campa\u00f1as de compromiso con la mejora ambiental, a trav\u00e9s de la implementaci\u00f3n de programas, capacitaciones y recursos que promover\u00e1n la separaci\u00f3n en origen de elementos reutilizables<strong>(VW)<\/strong>.<\/p>\n","protected":false},"excerpt":{"rendered":"<p>La empresa recolectora de residuos mantendr\u00e1 su contrato con el distrito de Lan\u00fas. El acuerdo incluye tambi\u00e9n la ampliaci\u00f3n de los recorridos y la incorporaci\u00f3n de unidades 0km.\u00a0<\/p>\n","protected":false},"author":3,"featured_media":4552,"comment_status":"closed","ping_status":"closed","sticky":false,"template":"","format":"standard","meta":{"_monsterinsights_skip_tracking":false,"_monsterinsights_sitenote_active":false,"_monsterinsights_sitenote_note":"","_monsterinsights_sitenote_category":0,"footnotes":""},"categories":[3],"tags":[],"class_list":["post-4551","post","type-post","status-publish","format-standard","has-post-thumbnail","hentry","category-actualidad"],"_links":{"self":[{"href":"https:\/\/www.visionweb.com.ar\/index.php?rest_route=\/wp\/v2\/posts\/4551","targetHints":{"allow":["GET"]}}],"collection":[{"href":"https:\/\/www.visionweb.com.ar\/index.php?rest_route=\/wp\/v2\/posts"}],"about":[{"href":"https:\/\/www.visionweb.com.ar\/index.php?rest_route=\/wp\/v2\/types\/post"}],"author":[{"embeddable":true,"href":"https:\/\/www.visionweb.com.ar\/index.php?rest_route=\/wp\/v2\/users\/3"}],"replies":[{"embeddable":true,"href":"https:\/\/www.visionweb.com.ar\/index.php?rest_route=%2Fwp%2Fv2%2Fcomments&post=4551"}],"version-history":[{"count":1,"href":"https:\/\/www.visionweb.com.ar\/index.php?rest_route=\/wp\/v2\/posts\/4551\/revisions"}],"predecessor-version":[{"id":4553,"href":"https:\/\/www.visionweb.com.ar\/index.php?rest_route=\/wp\/v2\/posts\/4551\/revisions\/4553"}],"wp:featuredmedia":[{"embeddable":true,"href":"https:\/\/www.visionweb.com.ar\/index.php?rest_route=\/wp\/v2\/media\/4552"}],"wp:attachment":[{"href":"https:\/\/www.visionweb.com.ar\/index.php?rest_route=%2Fwp%2Fv2%2Fmedia&parent=4551"}],"wp:term":[{"taxonomy":"category","embeddable":true,"href":"https:\/\/www.visionweb.com.ar\/index.php?rest_route=%2Fwp%2Fv2%2Fcategories&post=4551"},{"taxonomy":"post_tag","embeddable":true,"href":"https:\/\/www.visionweb.com.ar\/index.php?rest_route=%2Fwp%2Fv2%2Ftags&post=4551"}],"curies":[{"name":"wp","href":"https:\/\/api.w.org\/{rel}","templated":true}]}}