{"id":4539,"date":"2022-02-16T09:05:20","date_gmt":"2022-02-16T12:05:20","guid":{"rendered":"https:\/\/www.visionweb.com.ar\/?p=4539"},"modified":"2022-02-16T09:05:20","modified_gmt":"2022-02-16T12:05:20","slug":"maximo-kirchner-pidio-trabajar-en-listas-de-unidad-en-los-135-municipios","status":"publish","type":"post","link":"https:\/\/www.visionweb.com.ar\/?p=4539","title":{"rendered":"M\u00e1ximo Kirchner pidi\u00f3 trabajar en listas de unidad en los 135 municipios"},"content":{"rendered":"<p><em><strong>El proceso eleccionario del a\u00f1o pasado, que concluy\u00f3 con la designaci\u00f3n de M\u00e1ximo Kirchner como presidente del Consejo provincial del PJ, todav\u00eda contin\u00faa a\u00fan abierto.<\/strong><\/em><!--more--><\/p>\n<div id=\"attachment_4540\" style=\"width: 310px\" class=\"wp-caption alignright\"><img loading=\"lazy\" decoding=\"async\" aria-describedby=\"caption-attachment-4540\" class=\"wp-image-4540 size-medium\" src=\"https:\/\/www.visionweb.com.ar\/wp-content\/uploads\/2022\/02\/kichner-300x177.png\" alt=\"\" width=\"300\" height=\"177\" srcset=\"https:\/\/www.visionweb.com.ar\/wp-content\/uploads\/2022\/02\/kichner-300x177.png 300w, https:\/\/www.visionweb.com.ar\/wp-content\/uploads\/2022\/02\/kichner.png 707w\" sizes=\"auto, (max-width: 300px) 100vw, 300px\" \/><p id=\"caption-attachment-4540\" class=\"wp-caption-text\"><strong><em>El diputado M\u00e1ximo Kirchner convoc\u00f3 a los 135 intendentes pejotistas para armar una lista de unidad con miras a las elecciones de 2023 <\/em><\/strong><\/p><\/div>\n<p><strong>L<\/strong>os sectores que integran el justicialismo de la provincia de Buenos Aires avanzan en la conformaci\u00f3n de listas de unidad en cada uno de los 135 municipios del distrito con miras a los comicios internos que se llevar\u00e1n a cabo el pr\u00f3ximo 27 de marzo, seg\u00fan consignaron fuentes partidarias.<\/p>\n<p>El plazo para la presentaci\u00f3n de las n\u00f3minas de precandidatos expirar\u00e1 este jueves, y el diputado nacional y presidente del PJ bonaerense, M\u00e1ximo Kirchner, mantiene negociaciones con las diversas corrientes con el prop\u00f3sito de alcanzar \u00abun esp\u00edritu de unidad\u00bb que se materialice en la convocatoria electoral, consign\u00f3 <strong>la agencia de noticias PBA<\/strong><\/p>\n<p>Anoche, en La Plata, Kirchner encabez\u00f3 un encuentro con referentes distritales del PJ provincial con el prop\u00f3sito de sellar acuerdos para evitar la competencia interna, sobre todo en las localidades que son gobernadas por Juntos por el Cambio (JxC).<\/p>\n<p>En relaci\u00f3n a este encuentro, la ministra de Gobierno bonaerense y vicepresidenta primera del PJ nacional, <strong>Cristina \u00c1lvarez Rodr\u00edguez<\/strong>, afirm\u00f3 por las redes sociales que \u00aben el PJ continuamos trabajando para fortalecer el partido y seguir construyendo peronismo en los 135 municipios de la Provincia\u00bb.<\/p>\n<p>En tanto, el jefe de Gabinete bonaerense, Mart\u00edn Insaurralde, que asisti\u00f3 a este encuentro partidario, cont\u00f3 que \u00abjunto a M\u00e1ximo Kirchner compartimos una larga e interesante charla de debate con las compa\u00f1eras y los compa\u00f1eros sobre el presente y futuro del peronismo y la provincia de Buenos Aires\u00bb.<\/p>\n<p>\u00abEsta es una elecci\u00f3n complementaria a la que se realiz\u00f3 el a\u00f1o pasado y que tuvo como resultado la asunci\u00f3n de M\u00e1ximo (Kirchner) como presidente del Consejo partidario\u00bb, indicaron voceros del justicialismo bonaerense. En ese contexto, los consejeros y consejeras del PJ bonaerense reunidos ayer en la capital provincial ponderaron \u00abla <strong>necesidad de la unidad<\/strong>\u00ab, al tiempo que instaron a \u00abprofundizar las discusiones internas en el marco institucional del PJ\u00bb.<\/p>\n<p>El proceso eleccionario del a\u00f1o pasado, que concluy\u00f3 con la designaci\u00f3n de M\u00e1ximo Kirchner como presidente del Consejo provincial del PJ, <strong>todav\u00eda contin\u00faa\u00a0 abierto<\/strong>.<\/p>\n<p>Esto se debe a un reclamo por \u00abirregularidades de gravedad institucional\u00bb formulado por el ex titular partidario e intendente de Esteban Echeverr\u00eda, Fernando Gray, proceso que se encuentra en la Corte Suprema de Justicia pendiente de una resoluci\u00f3n, aclararon los voceros partidarios.<\/p>\n<p>Pese a que el diputado nacional y l\u00edder de La C\u00e1mpora sum\u00f3 las voluntades de todos los sectores del peronismo bonaerense para que asuma la presidencia del partido, el entonces vicepresidente objet\u00f3 las formas y sostuvo que \u00abel recambio deb\u00eda hacerse en diciembre y no adelantarlo\u00bb, por lo que inici\u00f3 un reclamo en la justicia, donde tuvo varios reveses, pero lleg\u00f3 a la Corte y ahora espera una sentencia, aunque no hay un plazo estimado.<strong>(VW)<\/strong><\/p>\n","protected":false},"excerpt":{"rendered":"<p>El proceso eleccionario del a\u00f1o pasado, que concluy\u00f3 con la designaci\u00f3n de M\u00e1ximo Kirchner como presidente del Consejo provincial del PJ, todav\u00eda contin\u00faa a\u00fan abierto.<\/p>\n","protected":false},"author":3,"featured_media":4540,"comment_status":"closed","ping_status":"closed","sticky":false,"template":"","format":"standard","meta":{"_monsterinsights_skip_tracking":false,"_monsterinsights_sitenote_active":false,"_monsterinsights_sitenote_note":"","_monsterinsights_sitenote_category":0,"footnotes":""},"categories":[4],"tags":[264,1814,490],"class_list":["post-4539","post","type-post","status-publish","format-standard","has-post-thumbnail","hentry","category-politica","tag-intendentes","tag-kichner","tag-pj"],"_links":{"self":[{"href":"https:\/\/www.visionweb.com.ar\/index.php?rest_route=\/wp\/v2\/posts\/4539","targetHints":{"allow":["GET"]}}],"collection":[{"href":"https:\/\/www.visionweb.com.ar\/index.php?rest_route=\/wp\/v2\/posts"}],"about":[{"href":"https:\/\/www.visionweb.com.ar\/index.php?rest_route=\/wp\/v2\/types\/post"}],"author":[{"embeddable":true,"href":"https:\/\/www.visionweb.com.ar\/index.php?rest_route=\/wp\/v2\/users\/3"}],"replies":[{"embeddable":true,"href":"https:\/\/www.visionweb.com.ar\/index.php?rest_route=%2Fwp%2Fv2%2Fcomments&post=4539"}],"version-history":[{"count":1,"href":"https:\/\/www.visionweb.com.ar\/index.php?rest_route=\/wp\/v2\/posts\/4539\/revisions"}],"predecessor-version":[{"id":4541,"href":"https:\/\/www.visionweb.com.ar\/index.php?rest_route=\/wp\/v2\/posts\/4539\/revisions\/4541"}],"wp:featuredmedia":[{"embeddable":true,"href":"https:\/\/www.visionweb.com.ar\/index.php?rest_route=\/wp\/v2\/media\/4540"}],"wp:attachment":[{"href":"https:\/\/www.visionweb.com.ar\/index.php?rest_route=%2Fwp%2Fv2%2Fmedia&parent=4539"}],"wp:term":[{"taxonomy":"category","embeddable":true,"href":"https:\/\/www.visionweb.com.ar\/index.php?rest_route=%2Fwp%2Fv2%2Fcategories&post=4539"},{"taxonomy":"post_tag","embeddable":true,"href":"https:\/\/www.visionweb.com.ar\/index.php?rest_route=%2Fwp%2Fv2%2Ftags&post=4539"}],"curies":[{"name":"wp","href":"https:\/\/api.w.org\/{rel}","templated":true}]}}