{"id":4537,"date":"2022-02-16T08:42:43","date_gmt":"2022-02-16T11:42:43","guid":{"rendered":"https:\/\/www.visionweb.com.ar\/?p=4537"},"modified":"2022-02-16T08:42:43","modified_gmt":"2022-02-16T11:42:43","slug":"habilitan-la-vacunacion-libre-de-tercera-dosis-para-mayores-de-30-anos","status":"publish","type":"post","link":"https:\/\/www.visionweb.com.ar\/?p=4537","title":{"rendered":"Habilitan la vacunaci\u00f3n libre de tercera dosis para mayores de 30 a\u00f1os"},"content":{"rendered":"<p><em><strong>Desde este mi\u00e9rcoles todas las personas mayores de 30 a\u00f1os que hayan cumplido 4 meses desde la \u00faltima aplicaci\u00f3n, se podr\u00e1n vacunar con la tercera dosis de manera libre.<\/strong><\/em><!--more--><img loading=\"lazy\" decoding=\"async\" class=\"size-medium wp-image-1279 alignright\" src=\"https:\/\/www.visionweb.com.ar\/wp-content\/uploads\/2021\/03\/VACUNAS-TURNOS-300x198.png\" alt=\"\" width=\"300\" height=\"198\" srcset=\"https:\/\/www.visionweb.com.ar\/wp-content\/uploads\/2021\/03\/VACUNAS-TURNOS-300x198.png 300w, https:\/\/www.visionweb.com.ar\/wp-content\/uploads\/2021\/03\/VACUNAS-TURNOS.png 640w\" sizes=\"auto, (max-width: 300px) 100vw, 300px\" \/>Desde este mi\u00e9rcoles todas las personas que tengan 30 o m\u00e1s a\u00f1os podr\u00e1n recibir una tercera dosis de refuerzo de las vacunas contra el Covid 19, anunciaron las autoridades bonaerenses<\/p>\n<p id=\"viewer-s8kb\" class=\"mm8Nw _1j-51 _1atvN _1FoOD _3M0Fe _2WrB- _1atvN public-DraftStyleDefault-block-depth0 fixed-tab-size public-DraftStyleDefault-text-ltr\"><span class=\"_2PHJq public-DraftStyleDefault-ltr\">\u00abDesde ma\u00f1ana (por hoy) habr\u00e1 refuerzo libre para todas las personas mayores de 30 a\u00f1os que hayan cumplido 4 meses desde que completaron su esquema primario\u00bb, anunci\u00f3 ayer el gobernador de la Provincia de Buenos Aires, Axel Kicillof, a trav\u00e9s de un posteo en su cuenta de la red social de Twitter.<\/span><\/p>\n<p id=\"viewer-ddph9\" class=\"mm8Nw _1j-51 _1atvN _1FoOD _3M0Fe _2WrB- _1atvN public-DraftStyleDefault-block-depth0 fixed-tab-size public-DraftStyleDefault-text-ltr\"><span class=\"_2PHJq public-DraftStyleDefault-ltr\">De esta manera, se ampl\u00eda la vacunaci\u00f3n libre de tercera dosis para ciudadanos y ciudadanas de los 135 municipios bonaerenses. Esto se suma al personal docente, de seguridad, de salud y las personas gestantes que ya se encontraban habilitadas para recibir la dosis de refuerzo sin turno previo y de manera libre en cualquiera de los vacunatorios radicados en la Provincia.<\/span><\/p>\n<p id=\"viewer-5pef8\" class=\"mm8Nw _1j-51 _1atvN _1FoOD _3M0Fe _2WrB- _1atvN public-DraftStyleDefault-block-depth0 fixed-tab-size public-DraftStyleDefault-text-ltr\"><span class=\"_2PHJq public-DraftStyleDefault-ltr\">El mandatario provincial, por otra parte, inform\u00f3 que el viernes 25 se realizar\u00e1 una nueva edici\u00f3n de \u00ab<em><strong>La Noche de las Vacunas<\/strong>\u00ab<\/em>, con m\u00e1s de 100 postas que funcionar\u00e1n de 20 a 00 horas.<\/span><\/p>\n<p id=\"viewer-4mq7e\" class=\"mm8Nw _1j-51 _1atvN _1FoOD _3M0Fe _2WrB- _1atvN public-DraftStyleDefault-block-depth0 fixed-tab-size public-DraftStyleDefault-text-ltr\"><span class=\"_2PHJq public-DraftStyleDefault-ltr\">Fuentes de Casa de Gobierno informaron a esta agencia que la segunda edici\u00f3n de La Noche de las Vacunas \u00abestar\u00e1 acompa\u00f1ada por corsos, murgas y bandas en vivo para celebrar el inicio de los carnavales y el \u00e9xito de este operativo de vacunaci\u00f3n.<strong>(VW)<\/strong><\/span><\/p>\n<p id=\"viewer-4mq7e\" class=\"mm8Nw _1j-51 _1atvN _1FoOD _3M0Fe _2WrB- _1atvN public-DraftStyleDefault-block-depth0 fixed-tab-size public-DraftStyleDefault-text-ltr\">\n","protected":false},"excerpt":{"rendered":"<p>Desde este mi\u00e9rcoles todas las personas mayores de 30 a\u00f1os que hayan cumplido 4 meses desde la \u00faltima aplicaci\u00f3n, se podr\u00e1n vacunar con la tercera dosis de manera libre.<\/p>\n","protected":false},"author":3,"featured_media":1279,"comment_status":"closed","ping_status":"closed","sticky":false,"template":"","format":"standard","meta":{"_monsterinsights_skip_tracking":false,"_monsterinsights_sitenote_active":false,"_monsterinsights_sitenote_note":"","_monsterinsights_sitenote_category":0,"footnotes":""},"categories":[3,5],"tags":[1813],"class_list":["post-4537","post","type-post","status-publish","format-standard","has-post-thumbnail","hentry","category-actualidad","category-sociedad","tag-vacunas-30-anos-noche"],"_links":{"self":[{"href":"https:\/\/www.visionweb.com.ar\/index.php?rest_route=\/wp\/v2\/posts\/4537","targetHints":{"allow":["GET"]}}],"collection":[{"href":"https:\/\/www.visionweb.com.ar\/index.php?rest_route=\/wp\/v2\/posts"}],"about":[{"href":"https:\/\/www.visionweb.com.ar\/index.php?rest_route=\/wp\/v2\/types\/post"}],"author":[{"embeddable":true,"href":"https:\/\/www.visionweb.com.ar\/index.php?rest_route=\/wp\/v2\/users\/3"}],"replies":[{"embeddable":true,"href":"https:\/\/www.visionweb.com.ar\/index.php?rest_route=%2Fwp%2Fv2%2Fcomments&post=4537"}],"version-history":[{"count":1,"href":"https:\/\/www.visionweb.com.ar\/index.php?rest_route=\/wp\/v2\/posts\/4537\/revisions"}],"predecessor-version":[{"id":4538,"href":"https:\/\/www.visionweb.com.ar\/index.php?rest_route=\/wp\/v2\/posts\/4537\/revisions\/4538"}],"wp:featuredmedia":[{"embeddable":true,"href":"https:\/\/www.visionweb.com.ar\/index.php?rest_route=\/wp\/v2\/media\/1279"}],"wp:attachment":[{"href":"https:\/\/www.visionweb.com.ar\/index.php?rest_route=%2Fwp%2Fv2%2Fmedia&parent=4537"}],"wp:term":[{"taxonomy":"category","embeddable":true,"href":"https:\/\/www.visionweb.com.ar\/index.php?rest_route=%2Fwp%2Fv2%2Fcategories&post=4537"},{"taxonomy":"post_tag","embeddable":true,"href":"https:\/\/www.visionweb.com.ar\/index.php?rest_route=%2Fwp%2Fv2%2Ftags&post=4537"}],"curies":[{"name":"wp","href":"https:\/\/api.w.org\/{rel}","templated":true}]}}