{"id":4534,"date":"2022-02-16T07:20:57","date_gmt":"2022-02-16T10:20:57","guid":{"rendered":"https:\/\/www.visionweb.com.ar\/?p=4534"},"modified":"2022-02-16T07:22:20","modified_gmt":"2022-02-16T10:22:20","slug":"se-acordo-mantener-el-kilo-de-pan-entre-180-y-220","status":"publish","type":"post","link":"https:\/\/www.visionweb.com.ar\/?p=4534","title":{"rendered":"Se acord\u00f3 mantener el kilo de pan entre $180 y $220"},"content":{"rendered":"<p><strong><em>El entendimiento se logr\u00f3 durante un encuentro entre el secretario de Comercio Interior y un grupo de centros de panaderos de la provincia de Buenos Aires, en donde ambas partes coincidieron en que \u00abno hay ninguna raz\u00f3n que justifique un precio final del pan por encima de esos valores.<\/em><\/strong><!--more--><\/p>\n<div class=\"paragraph\">\n<p><img loading=\"lazy\" decoding=\"async\" class=\"size-full wp-image-3609 alignright\" src=\"https:\/\/www.visionweb.com.ar\/wp-content\/uploads\/2021\/11\/pan.bmp\" alt=\"\" width=\"424\" height=\"434\" \/>El kilo de pan franc\u00e9sfue fijado en un valor que oscilar\u00e1 entre los <strong>$180 hasta los $220, <\/strong>acuerdo que surgi\u00f3 de un encuentro que se concret\u00f3 este martes entre el titular de la Secretar\u00eda de Comercio, Roberto Feletti y los representantes con un grupo de centros de panaderos de la provincia de Buenos Aires.<\/p>\n<p>Feletti y la subsecretaria de Acciones para la Defensa de las y los Consumidores,\u00a0Liliana Schwindt, acordaron con los centros de panaderos diversas cuestiones vinculadas a la conformaci\u00f3n del precio final del pan al p\u00fablico, en funci\u00f3n de la estructura de costos del sector.<\/p>\n<p>Fue en el marco de la reuni\u00f3n que las partes acordaron garantizar el precio del pan franc\u00e9s en las panader\u00edas en un rango que va desde los\u00a0<strong>$180 hasta los $220<\/strong>, inform\u00f3 la Secretar\u00eda.<\/p>\n<p>Adem\u00e1s, se constituy\u00f3 una mesa de trabajo con el prop\u00f3sito de \u00abarticular acciones para cuidar la mesa de los argentinos como parte de la pol\u00edtica de precios que lleva adelante el Gobierno nacional a trav\u00e9s de la Secretar\u00eda de Comercio Interior\u00bb, indic\u00f3 la agencia Telam.<\/p>\n<p>Los representantes del sector panadero y del gobierno coincidieron en que \u00abno hay ninguna raz\u00f3n que justifique un precio final del pan por encima de esos valores\u00bb.<\/p>\n<p>El jueves se llevar\u00e1 a cabo otro encuentro con representantes de la Federaci\u00f3n Industrial Panaderil de la Provincia de Buenos Aires, para seguir trabajando en esta misma direcci\u00f3n.<\/p>\n<p>Participaron autoridades del Centro Panaderos de Avellaneda, Gast\u00f3n Mora y Soledad Jeres; de Merlo, Sergio Izzo y Mart\u00edn Pinto; de Moreno, Juan Andr\u00e9s Gonzales; de Marcos Paz, Carlos Alberto Becerra; de Quilmes, Diego Salvio; de Florencio Varela, Ra\u00fal Pombo; Eduardo Amir\u00f3n; Pablo Notrica; M\u00f3nica Leonor Gom\u00e9z; y Roberto Ram\u00f3n Pucciarelli; estuvieron presentes representantes de Lomas de Zamora y General Rodr\u00edguez.<strong>(VW)<\/strong><\/p>\n<\/div>\n<div class=\"tags mt-4\"><\/div>\n","protected":false},"excerpt":{"rendered":"<p>El entendimiento se logr\u00f3 durante un encuentro entre el secretario de Comercio Interior y un grupo de centros de panaderos de la provincia de Buenos Aires, en donde ambas partes coincidieron en que \u00abno&#46;&#46;&#46;<\/p>\n","protected":false},"author":3,"featured_media":3609,"comment_status":"closed","ping_status":"closed","sticky":false,"template":"","format":"standard","meta":{"_monsterinsights_skip_tracking":false,"_monsterinsights_sitenote_active":false,"_monsterinsights_sitenote_note":"","_monsterinsights_sitenote_category":0,"footnotes":""},"categories":[8],"tags":[1811,509,1812],"class_list":["post-4534","post","type-post","status-publish","format-standard","has-post-thumbnail","hentry","category-interes-general","tag-kilo","tag-pan","tag-precio"],"_links":{"self":[{"href":"https:\/\/www.visionweb.com.ar\/index.php?rest_route=\/wp\/v2\/posts\/4534","targetHints":{"allow":["GET"]}}],"collection":[{"href":"https:\/\/www.visionweb.com.ar\/index.php?rest_route=\/wp\/v2\/posts"}],"about":[{"href":"https:\/\/www.visionweb.com.ar\/index.php?rest_route=\/wp\/v2\/types\/post"}],"author":[{"embeddable":true,"href":"https:\/\/www.visionweb.com.ar\/index.php?rest_route=\/wp\/v2\/users\/3"}],"replies":[{"embeddable":true,"href":"https:\/\/www.visionweb.com.ar\/index.php?rest_route=%2Fwp%2Fv2%2Fcomments&post=4534"}],"version-history":[{"count":2,"href":"https:\/\/www.visionweb.com.ar\/index.php?rest_route=\/wp\/v2\/posts\/4534\/revisions"}],"predecessor-version":[{"id":4536,"href":"https:\/\/www.visionweb.com.ar\/index.php?rest_route=\/wp\/v2\/posts\/4534\/revisions\/4536"}],"wp:featuredmedia":[{"embeddable":true,"href":"https:\/\/www.visionweb.com.ar\/index.php?rest_route=\/wp\/v2\/media\/3609"}],"wp:attachment":[{"href":"https:\/\/www.visionweb.com.ar\/index.php?rest_route=%2Fwp%2Fv2%2Fmedia&parent=4534"}],"wp:term":[{"taxonomy":"category","embeddable":true,"href":"https:\/\/www.visionweb.com.ar\/index.php?rest_route=%2Fwp%2Fv2%2Fcategories&post=4534"},{"taxonomy":"post_tag","embeddable":true,"href":"https:\/\/www.visionweb.com.ar\/index.php?rest_route=%2Fwp%2Fv2%2Ftags&post=4534"}],"curies":[{"name":"wp","href":"https:\/\/api.w.org\/{rel}","templated":true}]}}