{"id":4513,"date":"2022-02-14T09:28:16","date_gmt":"2022-02-14T12:28:16","guid":{"rendered":"https:\/\/www.visionweb.com.ar\/?p=4513"},"modified":"2022-02-14T09:28:16","modified_gmt":"2022-02-14T12:28:16","slug":"acumar-y-la-biblioteca-nacional-crearan-un-centro-documental-de-la-cuenca-matanza-riachuelo","status":"publish","type":"post","link":"https:\/\/www.visionweb.com.ar\/?p=4513","title":{"rendered":"ACUMAR y la Biblioteca Nacional crear\u00e1n un Centro Documental de la Cuenca Matanza Riachuelo"},"content":{"rendered":"<p><strong><em>Convenio entre \u00a0ACUMAR y la Biblioteca Nacional para la creaci\u00f3n de un Centro Documental de la Cuenca, p<\/em>ara <em>la preservaci\u00f3n de la documentaci\u00f3n y difusi\u00f3n de material hist\u00f3rico de la zona. Adem\u00e1s, el Centro contar\u00e1 con materiales de otras instituciones como el Archivo General de la Naci\u00f3n y el Museo Quinquela.<\/em><\/strong><!--more--><\/p>\n<p><em>\u00a0<\/em> <img loading=\"lazy\" decoding=\"async\" class=\"size-medium wp-image-4516 alignright\" src=\"https:\/\/www.visionweb.com.ar\/wp-content\/uploads\/2022\/02\/acumar-sabatella-300x224.jpg\" alt=\"\" width=\"300\" height=\"224\" srcset=\"https:\/\/www.visionweb.com.ar\/wp-content\/uploads\/2022\/02\/acumar-sabatella-300x224.jpg 300w, https:\/\/www.visionweb.com.ar\/wp-content\/uploads\/2022\/02\/acumar-sabatella-320x240.jpg 320w, https:\/\/www.visionweb.com.ar\/wp-content\/uploads\/2022\/02\/acumar-sabatella.jpg 540w\" sizes=\"auto, (max-width: 300px) 100vw, 300px\" \/>\u00a0\u00a0\u00a0\u00a0\u00a0 <strong>E<\/strong>l presidente de la Autoridad de Cuenca Matanza Riachuelo (ACUMAR), Mart\u00edn Sabbatella, y el director de la Biblioteca Nacional Mariano Moreno\u00a0 Juan Sasturain, firmaron un convenio de mutua colaboraci\u00f3n en el marco de la creaci\u00f3n de un Centro Documental de la Cuenca que prev\u00e9 la documentaci\u00f3n, preservaci\u00f3n y difusi\u00f3n de material hist\u00f3rico sobre la Cuenca, en formato audiovisual, diarios, revistas, literatura y fotograf\u00edas.<\/p>\n<p>El Centro, desarrollado por\u00a0ACUMAR, es un espacio virtual para la memoria hist\u00f3rica del territorio, a trav\u00e9s de la documentaci\u00f3n, preservaci\u00f3n y difusi\u00f3n de material sobre la Cuenca Matanza Riachuelo en diferentes formatos, conforme detall\u00f3 Prensa de ACUMAR.<\/p>\n<p>A partir de este acuerdo, la Biblioteca Nacional aportar\u00e1 asesoramiento t\u00e9cnico sobre la preparaci\u00f3n y catalogaci\u00f3n del material documental para su incorporaci\u00f3n en el repositorio online, informaci\u00f3n sobre el uso de sistemas para su gesti\u00f3n con software libre, y sobre la utilizaci\u00f3n de esquemas de est\u00e1ndares internacionales de metadatos. Asimismo, colaborar\u00e1 en el relevamiento de im\u00e1genes cartogr\u00e1ficas y fotogr\u00e1ficas para incluir en el Centro provenientes de la Biblioteca.<\/p>\n<p><em>\u00a0<\/em>\u201cRevalorizar los archivos es una manera de preservar nuestra identidad. Poder contar con todos estos documentos sistematizados y centralizados, va a ser un gran aporte para construir una visi\u00f3n de Cuenca que nos permita, en di\u00e1logo con nuestra historia, proyectar un futuro m\u00e1s justo y saludable para todos y todas<em>\u201d<\/em>, afirm\u00f3 Sabbatella.<\/p>\n<p>Este espacio virtual permitir\u00e1 catalogar y preservar los registros a los que actualmente es dif\u00edcil acceder por encontrarse dispersos en numerosos centros documentales, diferentes soportes y medios de prensa.<\/p>\n<div id=\"attachment_4517\" style=\"width: 310px\" class=\"wp-caption alignleft\"><img loading=\"lazy\" decoding=\"async\" aria-describedby=\"caption-attachment-4517\" class=\"wp-image-4517 size-medium\" src=\"https:\/\/www.visionweb.com.ar\/wp-content\/uploads\/2022\/02\/acumar-sasturain-300x198.jpg\" alt=\"\" width=\"300\" height=\"198\" srcset=\"https:\/\/www.visionweb.com.ar\/wp-content\/uploads\/2022\/02\/acumar-sasturain-300x198.jpg 300w, https:\/\/www.visionweb.com.ar\/wp-content\/uploads\/2022\/02\/acumar-sasturain.jpg 594w\" sizes=\"auto, (max-width: 300px) 100vw, 300px\" \/><p id=\"caption-attachment-4517\" class=\"wp-caption-text\">El Centro ofrecer\u00e1 material en formato audiovisual, diaros, revistas y literatura. (Foto: Juan Sasturain, gentileza Prensa de Acumar)<\/p><\/div>\n<p>El proyecto propone difundir materiales de inter\u00e9s para la historia del territorio, as\u00ed como materiales referidos a su presente, provenientes de distintas instituciones como la Biblioteca Nacional, el Archivo General de la Naci\u00f3n, el Museo Quinquela, entre otros; adem\u00e1s de la misma\u00a0ACUMAR.<\/p>\n<p>El Centro Documental espera convertirse en un centro de consulta para estudiantes, docentes, equipos de investigaci\u00f3n, medios de prensa y para toda la ciudadan\u00eda interesada en la historia, el patrimonio y la cultura de la Cuenca Matanza Riachuelo.<\/p>\n<p>Ver en web:\u00a0<a href=\"https:\/\/acumar.tr.pemsv06.net\/c\/eyJhIjoiYWN1bWFyIiwibSI6Im1haWxfY2t6aWx6ZW9qYnFpeTA4OTk1Mmg3YXV6YSIsImwiOiJsaW5rXzM2ZjY4NmNlMjI5ZDcyNTYxZTU4NjgxZDA0NDczN2JhY2M1NWM3NDAiLCJpIjpbXSwidSI6Imh0dHBzOi8vd3d3LmFjdW1hci5nb2IuYXIvcHJlbnNhL2F2YW56YW1vcy1lbi1sYS1saW1waWV6YS1kZS1hcnJveW9zLWNyaXRpY29zLWRlLWxhLWN1ZW5jYS8iLCJjIjoiIiwiaCI6IjEwZjM0NSJ9\">https:\/\/www.acumar.gob.ar\/prensa\/avanzamos-en-la-limpieza-de-arroyos-criticos-de-la-cuenca\/<\/a>\u00a0\u00a0\u00a0\u00a0 <strong>(VW)<\/strong><\/p>\n","protected":false},"excerpt":{"rendered":"<p>Convenio entre \u00a0ACUMAR y la Biblioteca Nacional para la creaci\u00f3n de un Centro Documental de la Cuenca, para la preservaci\u00f3n de la documentaci\u00f3n y difusi\u00f3n de material hist\u00f3rico de la zona. Adem\u00e1s, el Centro&#46;&#46;&#46;<\/p>\n","protected":false},"author":4,"featured_media":4517,"comment_status":"closed","ping_status":"closed","sticky":false,"template":"","format":"standard","meta":{"_monsterinsights_skip_tracking":false,"_monsterinsights_sitenote_active":false,"_monsterinsights_sitenote_note":"","_monsterinsights_sitenote_category":0,"footnotes":""},"categories":[7,8],"tags":[442,1805,1806,191],"class_list":["post-4513","post","type-post","status-publish","format-standard","has-post-thumbnail","hentry","category-educacion-y-cultura","category-interes-general","tag-acumar","tag-biblioteca-nacional","tag-centro-de-documentacion","tag-cuenca"],"_links":{"self":[{"href":"https:\/\/www.visionweb.com.ar\/index.php?rest_route=\/wp\/v2\/posts\/4513","targetHints":{"allow":["GET"]}}],"collection":[{"href":"https:\/\/www.visionweb.com.ar\/index.php?rest_route=\/wp\/v2\/posts"}],"about":[{"href":"https:\/\/www.visionweb.com.ar\/index.php?rest_route=\/wp\/v2\/types\/post"}],"author":[{"embeddable":true,"href":"https:\/\/www.visionweb.com.ar\/index.php?rest_route=\/wp\/v2\/users\/4"}],"replies":[{"embeddable":true,"href":"https:\/\/www.visionweb.com.ar\/index.php?rest_route=%2Fwp%2Fv2%2Fcomments&post=4513"}],"version-history":[{"count":2,"href":"https:\/\/www.visionweb.com.ar\/index.php?rest_route=\/wp\/v2\/posts\/4513\/revisions"}],"predecessor-version":[{"id":4518,"href":"https:\/\/www.visionweb.com.ar\/index.php?rest_route=\/wp\/v2\/posts\/4513\/revisions\/4518"}],"wp:featuredmedia":[{"embeddable":true,"href":"https:\/\/www.visionweb.com.ar\/index.php?rest_route=\/wp\/v2\/media\/4517"}],"wp:attachment":[{"href":"https:\/\/www.visionweb.com.ar\/index.php?rest_route=%2Fwp%2Fv2%2Fmedia&parent=4513"}],"wp:term":[{"taxonomy":"category","embeddable":true,"href":"https:\/\/www.visionweb.com.ar\/index.php?rest_route=%2Fwp%2Fv2%2Fcategories&post=4513"},{"taxonomy":"post_tag","embeddable":true,"href":"https:\/\/www.visionweb.com.ar\/index.php?rest_route=%2Fwp%2Fv2%2Ftags&post=4513"}],"curies":[{"name":"wp","href":"https:\/\/api.w.org\/{rel}","templated":true}]}}