{"id":4511,"date":"2022-02-14T09:21:30","date_gmt":"2022-02-14T12:21:30","guid":{"rendered":"https:\/\/www.visionweb.com.ar\/?p=4511"},"modified":"2022-02-14T09:21:30","modified_gmt":"2022-02-14T12:21:30","slug":"el-jueves-se-realizara-la-audiencia-publica-por-las-tarifas-electricas","status":"publish","type":"post","link":"https:\/\/www.visionweb.com.ar\/?p=4511","title":{"rendered":"El jueves se realizar\u00e1 la audiencia p\u00fablica por las tarifas el\u00e9ctricas"},"content":{"rendered":"<p><strong><em>Adem\u00e1s se analizar\u00e1 la determinaci\u00f3n de los Precios de Referencia de la Potencia (Potref) y del Precio Estabilizado de la Energ\u00eda (PEE) en el Mercado El\u00e9ctrico Mayorista (MEM).<\/em><\/strong><!--more--><\/p>\n<p><strong><img loading=\"lazy\" decoding=\"async\" class=\"size-full wp-image-3978 alignright\" src=\"https:\/\/www.visionweb.com.ar\/wp-content\/uploads\/2022\/01\/cortes-luz-3.bmp\" alt=\"\" width=\"603\" height=\"457\" \/>E<\/strong>n la audiencia se analizar\u00e1n las propuestas de un nuevo cuadro tarifario de transici\u00f3n del servicio el\u00e9ctrico para los precios de referencia en el Mercado El\u00e9ctrico Mayorista (MEM).<\/p>\n<p>Adem\u00e1s se analizaran las tarifas para el transporte y la distribuci\u00f3n de las concesionarias Edenor y Edesur, que operan en el \u00c1rea Metropolitana de Buenos Aires (AMBA), se analizar\u00e1n el jueves pr\u00f3ximo en audiencia p\u00fablica convocada por el Ente Nacional Regulador de la Electricidad (ENRE).<\/p>\n<p>La audiencia comenzar\u00e1 a las 8 del jueves y se realizar\u00e1 de manera virtual, de acuerdo con lo establecido en la resoluci\u00f3n 25\/2022 del Ente, ocasi\u00f3n en la que se expondr\u00e1 el R\u00e9gimen de Transici\u00f3n Tarifaria 2022 propuesto por Edenor y Edesur.<\/p>\n<p>Asimismo, se analizar\u00e1 la determinaci\u00f3n de los Precios de Referencia de la Potencia (Potref) y del Precio Estabilizado de la Energ\u00eda (PEE) en el Mercado El\u00e9ctrico Mayorista (MEM).<\/p>\n<p>A la vez se abordar\u00e1 el precio estabilizado del transporte para el Mercado El\u00e9ctrico Mayorista del Sistema de Tierra del Fuego (Memstdf), junto al R\u00e9gimen de Transici\u00f3n Tarifaria propuesto por el Ente Provincial de Energ\u00eda del Neuqu\u00e9n (EPEN).<\/p>\n<p>En el mismo orden, se escuchar\u00e1n las propuestas de las empresas de transporte de energ\u00eda el\u00e9ctrica Transener, Transba, Distrocuyo, Transpa, Transco, Transnea y Transnoa.<\/p>\n<p>La recomposici\u00f3n transitoria se dar\u00e1 bajo la premisa de sostener \u00abla necesaria prestaci\u00f3n de los servicios p\u00fablicos de transporte y distribuci\u00f3n de electricidad, en condiciones de seguridad y garantizando el abastecimiento respectivo, as\u00ed como la continuidad y accesibilidad de dichos servicios p\u00fablicos esenciales\u00bb, plante\u00f3 el ente en su convocatoria.<\/p>\n<p>As\u00ed, los reg\u00edmenes de transici\u00f3n que resulten de la realizaci\u00f3n de la audiencia p\u00fablica en materia de transporte y distribuci\u00f3n de energ\u00eda el\u00e9ctrica regir\u00e1n hasta tanto se arribe a un acuerdo definitivo de renegociaci\u00f3n.<br \/>\nEl ENRE hizo referencia en el comunicado a los aumentos de tarifas aplicados durante la Presidencia de Mauricio Macri.<\/p>\n<p>El aumento de tarifas de electricidad estimado por el Gobierno nacional para el a\u00f1o ser\u00e1 de hasta 20% a nivel nacional y se aplicar\u00e1 por \u00fanica vez hasta diciembre.<\/p>\n<p>Paralelamente, el ENRE desarroll\u00f3 una propuesta para implementar en el AMBA una primera etapa del programa de segmentaci\u00f3n tarifaria en el marco de la Ley de Solidaridad Social y Reactivaci\u00f3n Productiva<strong>(VW)<\/strong>.<\/p>\n<p>&nbsp;<\/p>\n","protected":false},"excerpt":{"rendered":"<p>Adem\u00e1s se analizar\u00e1 la determinaci\u00f3n de los Precios de Referencia de la Potencia (Potref) y del Precio Estabilizado de la Energ\u00eda (PEE) en el Mercado El\u00e9ctrico Mayorista (MEM).<\/p>\n","protected":false},"author":3,"featured_media":3978,"comment_status":"closed","ping_status":"closed","sticky":false,"template":"","format":"standard","meta":{"_monsterinsights_skip_tracking":false,"_monsterinsights_sitenote_active":false,"_monsterinsights_sitenote_note":"","_monsterinsights_sitenote_category":0,"footnotes":""},"categories":[8],"tags":[1804,1803,564],"class_list":["post-4511","post","type-post","status-publish","format-standard","has-post-thumbnail","hentry","category-interes-general","tag-ajuste","tag-audiencia","tag-tarifas"],"_links":{"self":[{"href":"https:\/\/www.visionweb.com.ar\/index.php?rest_route=\/wp\/v2\/posts\/4511","targetHints":{"allow":["GET"]}}],"collection":[{"href":"https:\/\/www.visionweb.com.ar\/index.php?rest_route=\/wp\/v2\/posts"}],"about":[{"href":"https:\/\/www.visionweb.com.ar\/index.php?rest_route=\/wp\/v2\/types\/post"}],"author":[{"embeddable":true,"href":"https:\/\/www.visionweb.com.ar\/index.php?rest_route=\/wp\/v2\/users\/3"}],"replies":[{"embeddable":true,"href":"https:\/\/www.visionweb.com.ar\/index.php?rest_route=%2Fwp%2Fv2%2Fcomments&post=4511"}],"version-history":[{"count":2,"href":"https:\/\/www.visionweb.com.ar\/index.php?rest_route=\/wp\/v2\/posts\/4511\/revisions"}],"predecessor-version":[{"id":4515,"href":"https:\/\/www.visionweb.com.ar\/index.php?rest_route=\/wp\/v2\/posts\/4511\/revisions\/4515"}],"wp:featuredmedia":[{"embeddable":true,"href":"https:\/\/www.visionweb.com.ar\/index.php?rest_route=\/wp\/v2\/media\/3978"}],"wp:attachment":[{"href":"https:\/\/www.visionweb.com.ar\/index.php?rest_route=%2Fwp%2Fv2%2Fmedia&parent=4511"}],"wp:term":[{"taxonomy":"category","embeddable":true,"href":"https:\/\/www.visionweb.com.ar\/index.php?rest_route=%2Fwp%2Fv2%2Fcategories&post=4511"},{"taxonomy":"post_tag","embeddable":true,"href":"https:\/\/www.visionweb.com.ar\/index.php?rest_route=%2Fwp%2Fv2%2Ftags&post=4511"}],"curies":[{"name":"wp","href":"https:\/\/api.w.org\/{rel}","templated":true}]}}