{"id":4506,"date":"2022-02-14T09:04:28","date_gmt":"2022-02-14T12:04:28","guid":{"rendered":"https:\/\/www.visionweb.com.ar\/?p=4506"},"modified":"2022-02-14T09:06:20","modified_gmt":"2022-02-14T12:06:20","slug":"por-el-recambio-turistico-habra-restricciones-en-la-circulacion-de-camiones","status":"publish","type":"post","link":"https:\/\/www.visionweb.com.ar\/?p=4506","title":{"rendered":"Por el recambio tur\u00edstico habr\u00e1 restricciones en la circulaci\u00f3n de camiones"},"content":{"rendered":"<p><em><strong>La medida se aplica en las principales rutas bonaerenses con destinos tur\u00edsticos. Es para facilitar el desplazamiento vehicular y por prevenci\u00f3n de accidentes.<\/strong><\/em><!--more--><\/p>\n<p><strong><img loading=\"lazy\" decoding=\"async\" class=\"size-medium wp-image-4507 alignright\" src=\"https:\/\/www.visionweb.com.ar\/wp-content\/uploads\/2022\/02\/camiones-300x197.png\" alt=\"\" width=\"300\" height=\"197\" srcset=\"https:\/\/www.visionweb.com.ar\/wp-content\/uploads\/2022\/02\/camiones-300x197.png 300w, https:\/\/www.visionweb.com.ar\/wp-content\/uploads\/2022\/02\/camiones.png 719w\" sizes=\"auto, (max-width: 300px) 100vw, 300px\" \/>D<\/strong>esde este lunes y hasta ma\u00f1ana martes, se restringir\u00e1 la circulaci\u00f3n de transportes pesado con carga superior a las 7 toneladas, por las principales rutas con acceso a los balnearios y otros destinos tur\u00edsticos por el recambio estacional<\/p>\n<p>De acuerdo a lo informado por el\u00a0 Ministerio de Transporte de la provincia de Buenos Aires la medida se aplica con el fin de facilitar el desplazamiento vehicular y prevenir accidentes.<\/p>\n<p>En este sentido, se indic\u00f3 que, durante el recambio de quincena, las restricciones de tr\u00e1nsito pesado ser\u00e1n el lunes 14 de 14 a 23.59 horas sentido a Ciudad Aut\u00f3noma de Buenos Aires y el martes 15 de 6 a 14 horas sentido costa atl\u00e1ntica.<\/p>\n<p>La medida se implementar\u00e1 en la autopista Buenos Aires-La Plata, en la autov\u00eda 2 y en las rutas provinciales 11, 36, 56, 63 y 74<strong>(VW)<\/strong>.<\/p>\n","protected":false},"excerpt":{"rendered":"<p>La medida se aplica en las principales rutas bonaerenses con destinos tur\u00edsticos. Es para facilitar el desplazamiento vehicular y por prevenci\u00f3n de accidentes.<\/p>\n","protected":false},"author":3,"featured_media":4507,"comment_status":"closed","ping_status":"closed","sticky":false,"template":"","format":"standard","meta":{"_monsterinsights_skip_tracking":false,"_monsterinsights_sitenote_active":false,"_monsterinsights_sitenote_note":"","_monsterinsights_sitenote_category":0,"footnotes":""},"categories":[700],"tags":[1802,1041,1199],"class_list":["post-4506","post","type-post","status-publish","format-standard","has-post-thumbnail","hentry","category-turismo","tag-recambio","tag-rutas","tag-tursimo"],"_links":{"self":[{"href":"https:\/\/www.visionweb.com.ar\/index.php?rest_route=\/wp\/v2\/posts\/4506","targetHints":{"allow":["GET"]}}],"collection":[{"href":"https:\/\/www.visionweb.com.ar\/index.php?rest_route=\/wp\/v2\/posts"}],"about":[{"href":"https:\/\/www.visionweb.com.ar\/index.php?rest_route=\/wp\/v2\/types\/post"}],"author":[{"embeddable":true,"href":"https:\/\/www.visionweb.com.ar\/index.php?rest_route=\/wp\/v2\/users\/3"}],"replies":[{"embeddable":true,"href":"https:\/\/www.visionweb.com.ar\/index.php?rest_route=%2Fwp%2Fv2%2Fcomments&post=4506"}],"version-history":[{"count":3,"href":"https:\/\/www.visionweb.com.ar\/index.php?rest_route=\/wp\/v2\/posts\/4506\/revisions"}],"predecessor-version":[{"id":4510,"href":"https:\/\/www.visionweb.com.ar\/index.php?rest_route=\/wp\/v2\/posts\/4506\/revisions\/4510"}],"wp:featuredmedia":[{"embeddable":true,"href":"https:\/\/www.visionweb.com.ar\/index.php?rest_route=\/wp\/v2\/media\/4507"}],"wp:attachment":[{"href":"https:\/\/www.visionweb.com.ar\/index.php?rest_route=%2Fwp%2Fv2%2Fmedia&parent=4506"}],"wp:term":[{"taxonomy":"category","embeddable":true,"href":"https:\/\/www.visionweb.com.ar\/index.php?rest_route=%2Fwp%2Fv2%2Fcategories&post=4506"},{"taxonomy":"post_tag","embeddable":true,"href":"https:\/\/www.visionweb.com.ar\/index.php?rest_route=%2Fwp%2Fv2%2Ftags&post=4506"}],"curies":[{"name":"wp","href":"https:\/\/api.w.org\/{rel}","templated":true}]}}