{"id":4497,"date":"2022-02-12T14:20:31","date_gmt":"2022-02-12T17:20:31","guid":{"rendered":"https:\/\/www.visionweb.com.ar\/?p=4497"},"modified":"2022-02-12T14:20:31","modified_gmt":"2022-02-12T17:20:31","slug":"los-incendios-en-corrientes-continuan-con-una-situacion-muy-critica","status":"publish","type":"post","link":"https:\/\/www.visionweb.com.ar\/?p=4497","title":{"rendered":"Los Incendios en Corrientes contin\u00faan con una situaci\u00f3n \u201cmuy cr\u00edtica\u201d"},"content":{"rendered":"<p><em><strong>La semana pasada el Gobierno de Corrientes decret\u00f3 el estado de\u00a0desastre agropecuario. Mientras productores rurales buscan alternativas frente a la situaci\u00f3n y piden un plan para recuperar las zonas afectadas, los gobiernos nacional y provincial procuran limar asperezas entre s\u00ed.<\/strong><\/em><!--more--><\/p>\n<div id=\"attachment_4499\" style=\"width: 640px\" class=\"wp-caption aligncenter\"><img loading=\"lazy\" decoding=\"async\" aria-describedby=\"caption-attachment-4499\" class=\"wp-image-4499 size-full\" src=\"https:\/\/www.visionweb.com.ar\/wp-content\/uploads\/2022\/02\/incendio-corrientes-telam.bmp\" alt=\"\" width=\"630\" height=\"355\" \/><p id=\"caption-attachment-4499\" class=\"wp-caption-text\">Imagen a\u00e9rea de \u00e1reas afectadas en la provincia de Corrientes. (Foto: Telam)<\/p><\/div>\n<p><strong>\u00a0\u00a0\u00a0\u00a0\u00a0 <\/strong><strong>A<\/strong> diario se declaran nuevos focos de incendio en la provincia de Corrientes y\u00a0se incrementa la cantidad de hect\u00e1reas de campos y forestaciones\u00a0arrasadas por las llamas. Brigadistas del Plan de Manejo del Fuego, aviones hidrantes y bomberos voluntarios no cesan sus intervenciones. En las \u00faltimas horas el fuego avanz\u00f3 sobre las localidades de Villa Olivari, Santa Rosa, San Luis del Palmar, Concepci\u00f3n y Empedrado.<\/p>\n<p>El fuego comenz\u00f3 en la provincia hace 40 d\u00edas y en los \u00faltimos diez arras\u00f3 con 184 mil hect\u00e1reas. Al respecto, el jefe de Operaciones de Defensa Civil, Orlando Bertoni, dijo a T\u00e9lam, que el fuego en muchas localidades \u00abfue controlado, y en este momento hay focos activos en la zona de El Tacuaral (Santa Rosa) y en Villa Olivari, que es el m\u00e1s bravo\u00bb.<\/p>\n<p>Seg\u00fan un informe del INTA de las \u00faltimas horas, ya son<strong>\u00a0<\/strong><strong>519 mil las hect\u00e1reas <\/strong>quemadas en la provincia.<\/p>\n<p>El gobernador de Corrientes Vald\u00e9s detall\u00f3 en redes el trabajo que se realiza en su provincia: \u201cCorrientes cuenta actualmente con 47 cuarteles de bomberos activos y seis en formaci\u00f3n, que suman un total de 1.298 bomberos. Estamos trabajando incansablemente junto a todos los intendentes para combatir los distintos focos de incendio en la provincia\u201d,<\/p>\n<p>Y subray\u00f3 que la Provincia contrat\u00f3<strong>\u00a0<\/strong>cuatro aviones hidrantes<strong>\u00a0<\/strong>que se sumaron a otros tres de privados y 97 brigadas que pertenecen a las grandes empresas forestadoras de Corrientes.<\/p>\n<p>A la vez, el Gobernador radical le pidi\u00f3 al ministro de Medio Ambiente de la Naci\u00f3n, Juan Cabandi\u00e9\u00a0\u201cno discutir ni generar divisiones\u201d.\u00a0 Cabandi\u00e9, sostuvo en estos d\u00edas, fuertes declaraciones contra los mandatarios de Corrientes, especialmente para su gobernador Gustavo Vald\u00e9s.<\/p>\n<p><strong>\u00a0<\/strong>Para Vald\u00e9s, es \u201cpreocupante que la provincia no tenga lluvias\u201d, adem\u00e1s que diferentes estudios revelaron que la sequ\u00eda en la regi\u00f3n se extender\u00eda por lo menos<strong>\u00a0<\/strong>hasta mediados de abril.<\/p>\n<p>En ese sentido, el ministro de la Producci\u00f3n de Corrientes, Claudio Anselmo, sostuvo que \u201csin lluvias, la situaci\u00f3n es muy cr\u00edtica y comprometida\u201d. El funcionario adem\u00e1s, procur\u00f3<strong>\u00a0<\/strong>bajar la tensi\u00f3n con el Gobierno Nacional\u00a0al asegurar que \u201cno queremos discutir, ni pelear porque eso no suma\u201d.<\/p>\n<p>En ese sentido, el secretario de Control y Monitoreo Ambiental del Ministerio de Ambiente de Naci\u00f3n, Sergio Federovisky, se reuni\u00f3 en las \u00faltimas horas con el ministro Anselmo. Ambos funcionarios buscaron limar asperezas y se comprometieron a abordar de manera conjunta la grave situaci\u00f3n generada por los incendios.<\/p>\n<p>Federovisky adem\u00e1s, anunci\u00f3 la creaci\u00f3n de una base en Ap\u00f3stoles (Misiones), para equipar y capacitar brigadistas a trav\u00e9s del Plan Nacional del Manejo del Fuego en esa zona del pa\u00eds.<\/p>\n<p>Por su parte, el Ministerio de Agricultura envi\u00f3 a Corrientes 200 millones de pesos que ser\u00e1n usados para la\u00a0asistencia a los productores afectados por la sequ\u00eda y los incendios.<\/p>\n<p>M\u00e1s ayuda: Esta semana, arribaron a Corrientes brigadistas enviados por el Gobierno de Jujuy y tambi\u00e9n una dotaci\u00f3n de bomberos voluntarios de Gar\u00edn, Buenos Aires. <strong>(VW)<\/strong><\/p>\n<p>&nbsp;<\/p>\n<p>&nbsp;<\/p>\n","protected":false},"excerpt":{"rendered":"<p>La semana pasada el Gobierno de Corrientes decret\u00f3 el estado de\u00a0desastre agropecuario. Mientras productores rurales buscan alternativas frente a la situaci\u00f3n y piden un plan para recuperar las zonas afectadas, los gobiernos nacional y&#46;&#46;&#46;<\/p>\n","protected":false},"author":4,"featured_media":4499,"comment_status":"closed","ping_status":"closed","sticky":false,"template":"","format":"standard","meta":{"_monsterinsights_skip_tracking":false,"_monsterinsights_sitenote_active":false,"_monsterinsights_sitenote_note":"","_monsterinsights_sitenote_category":0,"footnotes":""},"categories":[3,4],"tags":[1800,1801,1799,1260],"class_list":["post-4497","post","type-post","status-publish","format-standard","has-post-thumbnail","hentry","category-actualidad","category-politica","tag-corrientes","tag-focos-incendio","tag-ncendios","tag-valdes"],"_links":{"self":[{"href":"https:\/\/www.visionweb.com.ar\/index.php?rest_route=\/wp\/v2\/posts\/4497","targetHints":{"allow":["GET"]}}],"collection":[{"href":"https:\/\/www.visionweb.com.ar\/index.php?rest_route=\/wp\/v2\/posts"}],"about":[{"href":"https:\/\/www.visionweb.com.ar\/index.php?rest_route=\/wp\/v2\/types\/post"}],"author":[{"embeddable":true,"href":"https:\/\/www.visionweb.com.ar\/index.php?rest_route=\/wp\/v2\/users\/4"}],"replies":[{"embeddable":true,"href":"https:\/\/www.visionweb.com.ar\/index.php?rest_route=%2Fwp%2Fv2%2Fcomments&post=4497"}],"version-history":[{"count":2,"href":"https:\/\/www.visionweb.com.ar\/index.php?rest_route=\/wp\/v2\/posts\/4497\/revisions"}],"predecessor-version":[{"id":4500,"href":"https:\/\/www.visionweb.com.ar\/index.php?rest_route=\/wp\/v2\/posts\/4497\/revisions\/4500"}],"wp:featuredmedia":[{"embeddable":true,"href":"https:\/\/www.visionweb.com.ar\/index.php?rest_route=\/wp\/v2\/media\/4499"}],"wp:attachment":[{"href":"https:\/\/www.visionweb.com.ar\/index.php?rest_route=%2Fwp%2Fv2%2Fmedia&parent=4497"}],"wp:term":[{"taxonomy":"category","embeddable":true,"href":"https:\/\/www.visionweb.com.ar\/index.php?rest_route=%2Fwp%2Fv2%2Fcategories&post=4497"},{"taxonomy":"post_tag","embeddable":true,"href":"https:\/\/www.visionweb.com.ar\/index.php?rest_route=%2Fwp%2Fv2%2Ftags&post=4497"}],"curies":[{"name":"wp","href":"https:\/\/api.w.org\/{rel}","templated":true}]}}