{"id":4487,"date":"2022-02-11T15:34:09","date_gmt":"2022-02-11T18:34:09","guid":{"rendered":"https:\/\/www.visionweb.com.ar\/?p=4487"},"modified":"2022-02-11T15:34:09","modified_gmt":"2022-02-11T18:34:09","slug":"juez-federal-suspende-la-explotacion-petrolera-frente-a-mar-del-plata","status":"publish","type":"post","link":"https:\/\/www.visionweb.com.ar\/?p=4487","title":{"rendered":"Juez federal suspende la explotaci\u00f3n petrolera frente a Mar del Plata"},"content":{"rendered":"<p><strong><em>La Justicia<\/em><\/strong><strong><em> federal dict\u00f3 hoy una medida cautelar que obliga a<\/em><\/strong><em>\u00a0<\/em><strong><em>la inmediata suspensi\u00f3n del proyecto de explotaci\u00f3n petrolera frente a las costas de Mar del Plata.<\/em><\/strong><strong><em> El juez dio lugar al pedido de derecho invocado por los amparistas.<\/em><\/strong><!--more--><\/p>\n<div id=\"attachment_4490\" style=\"width: 628px\" class=\"wp-caption aligncenter\"><img loading=\"lazy\" decoding=\"async\" aria-describedby=\"caption-attachment-4490\" class=\"wp-image-4490 size-full\" src=\"https:\/\/www.visionweb.com.ar\/wp-content\/uploads\/2022\/02\/explotacion-petrolera-mdq.bmp\" alt=\"\" width=\"618\" height=\"365\" \/><p id=\"caption-attachment-4490\" class=\"wp-caption-text\">El juez Mart\u00edn indic\u00f3 que se omitieron los procesos de Evaluaci\u00f3n Ambiental Estrat\u00e9gica. (Imagen: internet)<\/p><\/div>\n<p><strong>E<\/strong>l juez federal de Mar del Plata,<strong>\u00a0<\/strong>Santiago Mart\u00edn, fall\u00f3 a favor de la presentaci\u00f3n realizada por organizaciones ambientalistas\u00a0y el intendente Guillermo Montenegro. La decisi\u00f3n tendr\u00e1 vigencia hasta que se analice el impacto ambiental que tendr\u00eda el proyecto\u00a0para \u00a0poder habilitar la\u00a0Campa\u00f1a de Adquisici\u00f3n S\u00edsmica Offshore Argentina.<\/p>\n<p>En esa l\u00ednea, varias ONGs ambientalistas y el intendente marplatense afirmaron que faltan estudios de impacto ambiental y que no se dio participaci\u00f3n a la poblaci\u00f3n.<\/p>\n<p>La medida cautelar asegura que: \u201cSe encuentra suficientemente acreditada la verosimilitud del derecho invocado por los amparistas de las explicaciones que brinde el Estado nacional y la empresa Equinor\u201d.<\/p>\n<p>En el escrito del fallo, el juez recalc\u00f3 que no se habr\u00eda cumplido con el est\u00e1ndar de m\u00e1xima publicidad que obliga a poner a disposici\u00f3n del p\u00fablico la informaci\u00f3n ambiental relevante.<\/p>\n<p>Adem\u00e1s,\u00a0Mart\u00edn agreg\u00f3 que se omitieron los procedimientos de la Evaluaci\u00f3n Ambiental Estrat\u00e9gica (EAE).<\/p>\n<p>Hace un mes, la fiscal Laura Mazzaferri dio curso a dos amparos presentados para frenar la exploraci\u00f3n petrolera en las costas de Mar del Plata, y ahora el juzgado federal se expide en ese sentido.<\/p>\n<p><strong>\u00a0<\/strong>Cabe recordar, que a trav\u00e9s de la Resoluci\u00f3n 436\/2021, el Gobierno nacional otorg\u00f3 en diciembre del a\u00f1o pasado la habilitaci\u00f3n de explotaci\u00f3n petrolera a\u00a0la empresa noruega Equinor, en sociedad con YPF Y Shell.<\/p>\n<p>As\u00ed, el Ejecutivo\u00a0otorg\u00f3 la explotaci\u00f3n de tres \u00e1reas extraterritoriales, ubicadas en Cuenta Argentina Norte, a 300 kil\u00f3metros de la Ciudad de Mar del Plata.<\/p>\n<p>Mediante esta resoluci\u00f3n,<strong>\u00a0<\/strong>el Gobierno dict\u00f3 la \u201csuspensi\u00f3n de los plazos del procedimiento de evaluaci\u00f3n del impacto ambiental\u201d, motivo principal por el que la Justicia oblig\u00f3 la suspensi\u00f3n de las actividades. <strong>(VW)<\/strong><\/p>\n<p><strong>\u00a0<\/strong><\/p>\n<p>&nbsp;<\/p>\n","protected":false},"excerpt":{"rendered":"<p>La Justicia federal dict\u00f3 hoy una medida cautelar que obliga a\u00a0la inmediata suspensi\u00f3n del proyecto de explotaci\u00f3n petrolera frente a las costas de Mar del Plata. El juez dio lugar al pedido de derecho&#46;&#46;&#46;<\/p>\n","protected":false},"author":4,"featured_media":4490,"comment_status":"closed","ping_status":"closed","sticky":false,"template":"","format":"standard","meta":{"_monsterinsights_skip_tracking":false,"_monsterinsights_sitenote_active":false,"_monsterinsights_sitenote_note":"","_monsterinsights_sitenote_category":0,"footnotes":""},"categories":[3],"tags":[1794,1793,1791,247,1792],"class_list":["post-4487","post","type-post","status-publish","format-standard","has-post-thumbnail","hentry","category-actualidad","tag-ambientalistas","tag-explotacion-netrolera","tag-juez-federal","tag-mar-del-plata","tag-martin"],"_links":{"self":[{"href":"https:\/\/www.visionweb.com.ar\/index.php?rest_route=\/wp\/v2\/posts\/4487","targetHints":{"allow":["GET"]}}],"collection":[{"href":"https:\/\/www.visionweb.com.ar\/index.php?rest_route=\/wp\/v2\/posts"}],"about":[{"href":"https:\/\/www.visionweb.com.ar\/index.php?rest_route=\/wp\/v2\/types\/post"}],"author":[{"embeddable":true,"href":"https:\/\/www.visionweb.com.ar\/index.php?rest_route=\/wp\/v2\/users\/4"}],"replies":[{"embeddable":true,"href":"https:\/\/www.visionweb.com.ar\/index.php?rest_route=%2Fwp%2Fv2%2Fcomments&post=4487"}],"version-history":[{"count":2,"href":"https:\/\/www.visionweb.com.ar\/index.php?rest_route=\/wp\/v2\/posts\/4487\/revisions"}],"predecessor-version":[{"id":4491,"href":"https:\/\/www.visionweb.com.ar\/index.php?rest_route=\/wp\/v2\/posts\/4487\/revisions\/4491"}],"wp:featuredmedia":[{"embeddable":true,"href":"https:\/\/www.visionweb.com.ar\/index.php?rest_route=\/wp\/v2\/media\/4490"}],"wp:attachment":[{"href":"https:\/\/www.visionweb.com.ar\/index.php?rest_route=%2Fwp%2Fv2%2Fmedia&parent=4487"}],"wp:term":[{"taxonomy":"category","embeddable":true,"href":"https:\/\/www.visionweb.com.ar\/index.php?rest_route=%2Fwp%2Fv2%2Fcategories&post=4487"},{"taxonomy":"post_tag","embeddable":true,"href":"https:\/\/www.visionweb.com.ar\/index.php?rest_route=%2Fwp%2Fv2%2Ftags&post=4487"}],"curies":[{"name":"wp","href":"https:\/\/api.w.org\/{rel}","templated":true}]}}