{"id":4483,"date":"2022-02-11T13:35:15","date_gmt":"2022-02-11T16:35:15","guid":{"rendered":"https:\/\/www.visionweb.com.ar\/?p=4483"},"modified":"2022-02-11T13:35:15","modified_gmt":"2022-02-11T16:35:15","slug":"piensan-una-canasta-de-precios-cuidados-para-almacenes","status":"publish","type":"post","link":"https:\/\/www.visionweb.com.ar\/?p=4483","title":{"rendered":"Piensan una canasta de \u201cPrecios Cuidados\u201d para almacenes"},"content":{"rendered":"<p><em><strong>Quieren llevar los precios cuidados a los almacenes y negocios de cercan\u00eda con \u00abuna canasta de aproximadamente 100\u00bb \u00edtems.<\/strong><\/em><!--more--><\/p>\n<p><strong><img loading=\"lazy\" decoding=\"async\" class=\"size-medium wp-image-4485 alignright\" src=\"https:\/\/www.visionweb.com.ar\/wp-content\/uploads\/2022\/02\/ALMACEN-DE-BARRIO-300x173.jpg\" alt=\"\" width=\"300\" height=\"173\" srcset=\"https:\/\/www.visionweb.com.ar\/wp-content\/uploads\/2022\/02\/ALMACEN-DE-BARRIO-300x173.jpg 300w, https:\/\/www.visionweb.com.ar\/wp-content\/uploads\/2022\/02\/ALMACEN-DE-BARRIO.jpg 669w\" sizes=\"auto, (max-width: 300px) 100vw, 300px\" \/>L<\/strong>a subsecretaria de Acciones para la Defensa de las y los Consumidores, Liliana Schwindt, declar\u00f3\u00a0que contin\u00faan las conversaciones para poder replicar los \u201cPrecios Cuidados\u201d para almacenes y negocios de cercan\u00eda con \u00abuna canasta de aproximadamente 100\u00bb \u00edtems. Asegur\u00f3 que los productos que integran el programa actual \u00abson muy requeridos en los supermercados\u00bb.<\/p>\n<p>Schwindt adem\u00e1s, volvi\u00f3 a pedir esta ma\u00f1ana en declaraciones radiales, \u00abel compromiso de gobernadores e intendentes para el control del efectivo cumplimiento del Programa Precios Cuidados en cada uno de los distritos\u201d.<\/p>\n<p>\u201cLes pido a todos que lo hagan y a los consumidores que detecten irregularidades pueden hacer la denuncia en la p\u00e1gina web de la defensa del consumidor\u00bb, ampli\u00f3 la funcionaria.<\/p>\n<p>En ese marco, reiter\u00f3 que mantienen conversaciones con los almacenes y negocios de cercan\u00eda \u00abpara armar una canasta de aproximadamente 100 productos de Precios Cuidados\u00bb.<\/p>\n<p>Adem\u00e1s, en la entrevista, la funcionaria reconoci\u00f3 que la inflaci\u00f3n en los alimentos \u00abes alta y la gente lo siente en el bolsillo\u00bb. A la vez destac\u00f3 que, si bien se trata de \u201cun fen\u00f3meno monop\u00f3lico, tambi\u00e9n se siente en las g\u00f3ndolas\u00bb.<\/p>\n<p>Respecto a la implementaci\u00f3n de la Ley de G\u00f3ndolas, Schwindt detall\u00f3 que las PYMes se encuentran en per\u00edodo de capacitaci\u00f3n, y estim\u00f3 que, \u00abreci\u00e9n en marzo o abril se estar\u00e1 en condiciones de controlar fuertemente su cumplimiento\u201d.\u00a0 <strong>(VW)<\/strong><\/p>\n<p>&nbsp;<\/p>\n<p>&nbsp;<\/p>\n<p>&nbsp;<\/p>\n","protected":false},"excerpt":{"rendered":"<p>Quieren llevar los precios cuidados a los almacenes y negocios de cercan\u00eda con \u00abuna canasta de aproximadamente 100\u00bb \u00edtems.<\/p>\n","protected":false},"author":4,"featured_media":4485,"comment_status":"closed","ping_status":"closed","sticky":false,"template":"","format":"standard","meta":{"_monsterinsights_skip_tracking":false,"_monsterinsights_sitenote_active":false,"_monsterinsights_sitenote_note":"","_monsterinsights_sitenote_category":0,"footnotes":""},"categories":[6],"tags":[1790,1788,1789],"class_list":["post-4483","post","type-post","status-publish","format-standard","has-post-thumbnail","hentry","category-economia","tag-canasta-almacenes","tag-precios-cuudados-almacenes","tag-schwindt"],"_links":{"self":[{"href":"https:\/\/www.visionweb.com.ar\/index.php?rest_route=\/wp\/v2\/posts\/4483","targetHints":{"allow":["GET"]}}],"collection":[{"href":"https:\/\/www.visionweb.com.ar\/index.php?rest_route=\/wp\/v2\/posts"}],"about":[{"href":"https:\/\/www.visionweb.com.ar\/index.php?rest_route=\/wp\/v2\/types\/post"}],"author":[{"embeddable":true,"href":"https:\/\/www.visionweb.com.ar\/index.php?rest_route=\/wp\/v2\/users\/4"}],"replies":[{"embeddable":true,"href":"https:\/\/www.visionweb.com.ar\/index.php?rest_route=%2Fwp%2Fv2%2Fcomments&post=4483"}],"version-history":[{"count":2,"href":"https:\/\/www.visionweb.com.ar\/index.php?rest_route=\/wp\/v2\/posts\/4483\/revisions"}],"predecessor-version":[{"id":4486,"href":"https:\/\/www.visionweb.com.ar\/index.php?rest_route=\/wp\/v2\/posts\/4483\/revisions\/4486"}],"wp:featuredmedia":[{"embeddable":true,"href":"https:\/\/www.visionweb.com.ar\/index.php?rest_route=\/wp\/v2\/media\/4485"}],"wp:attachment":[{"href":"https:\/\/www.visionweb.com.ar\/index.php?rest_route=%2Fwp%2Fv2%2Fmedia&parent=4483"}],"wp:term":[{"taxonomy":"category","embeddable":true,"href":"https:\/\/www.visionweb.com.ar\/index.php?rest_route=%2Fwp%2Fv2%2Fcategories&post=4483"},{"taxonomy":"post_tag","embeddable":true,"href":"https:\/\/www.visionweb.com.ar\/index.php?rest_route=%2Fwp%2Fv2%2Ftags&post=4483"}],"curies":[{"name":"wp","href":"https:\/\/api.w.org\/{rel}","templated":true}]}}