{"id":4464,"date":"2022-02-10T13:58:53","date_gmt":"2022-02-10T16:58:53","guid":{"rendered":"https:\/\/www.visionweb.com.ar\/?p=4464"},"modified":"2022-02-11T12:28:09","modified_gmt":"2022-02-11T15:28:09","slug":"regreso-a-clases-el-gobierno-presento-el-protocolo-para-todo-el-pais","status":"publish","type":"post","link":"https:\/\/www.visionweb.com.ar\/?p=4464","title":{"rendered":"Regreso a Clases: El Gobierno present\u00f3 el protocolo para todo el pa\u00eds"},"content":{"rendered":"<p><em><strong>\u201cAula Segura\u201d: El protocolo incluye \u00abasistencia cuidada, vacunaci\u00f3n, uso apropiado del barbijo, ventilaci\u00f3n, higiene y distanciamiento social\u00bb.<\/strong><\/em><!--more--><\/p>\n<p><strong><img loading=\"lazy\" decoding=\"async\" class=\"size-full wp-image-4478 aligncenter\" src=\"https:\/\/www.visionweb.com.ar\/wp-content\/uploads\/2022\/02\/aulas.bmp\" alt=\"\" width=\"554\" height=\"297\" \/>E<\/strong>l Gobierno nacional present\u00f3 hoy el protocolo para el inicio de clases, luego de una reuni\u00f3n conjunta de los Consejos Federales de Salud y de Educaci\u00f3n. El nuevo protocolo \u201cAula Segura\u201d consta de seis ejes de prevenci\u00f3n y cuidados en el marco del inicio al pr\u00f3ximo ciclo lectivo.<\/p>\n<p>El anuncio lo hizo este mediod\u00eda la ministra de Salud, Carla Vizzotti en un acto en el Museo del Bicentenario de la Casa Rosada, con la presencia del presidente Alberto Fern\u00e1ndez.<\/p>\n<p>\u201cTenemos un desaf\u00edo para el inicio de ciclo lectivo, que lo vamos a encarar como hasta ahora, evaluando la evidencia cient\u00edfica, dialogando y mirando para adelante\u201d, destac\u00f3 Vizzotti, luego del encuentro conjunto de los Consejos Federales de Salud y de Educaci\u00f3n.<\/p>\n<p>En ese sentido, el ministro de Educaci\u00f3n, Jaime Perczyk, asegur\u00f3 que se garantizar\u00e1 un ciclo lectivo para que \u201cvuelvan todos y todas en forma presencial a las escuelas y para que se repare, reconstruya y recupere lo que se perdi\u00f3 durante la pandemia de coronavirus\u201d.<\/p>\n<p>Percyk indic\u00f3 que: \u201cTenemos la expectativa y la esperanza que se comience a construir un camino mejor para todos los argentinos\u201d.<\/p>\n<p>El presidente Alberto Fern\u00e1ndez particip\u00f3 de la presentaci\u00f3n y destac\u00f3 la necesidad de \u201cvolver a traer al sistema educativo a todos los chicos que se alejaron del sistema durante la pandemia de coronavirus\u201d y subray\u00f3 que \u201cno debe haber diferencias ideol\u00f3gicas o partidarias\u201d en este tema.<\/p>\n<p>\u201cTenemos que hacer del 2022 el a\u00f1o de la educaci\u00f3n y que la normalidad vuelva a existir en los colegios. La tarea por delante es compleja; tenemos que recuperar el \u00e1nimo despu\u00e9s del des\u00e1nimo\u201d, dijo el Jefe de estado.\u00a0 <strong>(VW)<\/strong><\/p>\n","protected":false},"excerpt":{"rendered":"<p>\u201cAula Segura\u201d: El protocolo incluye \u00abasistencia cuidada, vacunaci\u00f3n, uso apropiado del barbijo, ventilaci\u00f3n, higiene y distanciamiento social\u00bb.<\/p>\n","protected":false},"author":4,"featured_media":4478,"comment_status":"closed","ping_status":"closed","sticky":false,"template":"","format":"standard","meta":{"_monsterinsights_skip_tracking":false,"_monsterinsights_sitenote_active":false,"_monsterinsights_sitenote_note":"","_monsterinsights_sitenote_category":0,"footnotes":""},"categories":[7,5],"tags":[1782,168,1293,1781],"class_list":["post-4464","post","type-post","status-publish","format-standard","has-post-thumbnail","hentry","category-educacion-y-cultura","category-sociedad","tag-aula-segura","tag-pandemia","tag-protocolo","tag-regreso-a-clases"],"_links":{"self":[{"href":"https:\/\/www.visionweb.com.ar\/index.php?rest_route=\/wp\/v2\/posts\/4464","targetHints":{"allow":["GET"]}}],"collection":[{"href":"https:\/\/www.visionweb.com.ar\/index.php?rest_route=\/wp\/v2\/posts"}],"about":[{"href":"https:\/\/www.visionweb.com.ar\/index.php?rest_route=\/wp\/v2\/types\/post"}],"author":[{"embeddable":true,"href":"https:\/\/www.visionweb.com.ar\/index.php?rest_route=\/wp\/v2\/users\/4"}],"replies":[{"embeddable":true,"href":"https:\/\/www.visionweb.com.ar\/index.php?rest_route=%2Fwp%2Fv2%2Fcomments&post=4464"}],"version-history":[{"count":4,"href":"https:\/\/www.visionweb.com.ar\/index.php?rest_route=\/wp\/v2\/posts\/4464\/revisions"}],"predecessor-version":[{"id":4480,"href":"https:\/\/www.visionweb.com.ar\/index.php?rest_route=\/wp\/v2\/posts\/4464\/revisions\/4480"}],"wp:featuredmedia":[{"embeddable":true,"href":"https:\/\/www.visionweb.com.ar\/index.php?rest_route=\/wp\/v2\/media\/4478"}],"wp:attachment":[{"href":"https:\/\/www.visionweb.com.ar\/index.php?rest_route=%2Fwp%2Fv2%2Fmedia&parent=4464"}],"wp:term":[{"taxonomy":"category","embeddable":true,"href":"https:\/\/www.visionweb.com.ar\/index.php?rest_route=%2Fwp%2Fv2%2Fcategories&post=4464"},{"taxonomy":"post_tag","embeddable":true,"href":"https:\/\/www.visionweb.com.ar\/index.php?rest_route=%2Fwp%2Fv2%2Ftags&post=4464"}],"curies":[{"name":"wp","href":"https:\/\/api.w.org\/{rel}","templated":true}]}}