{"id":4462,"date":"2022-02-10T13:54:04","date_gmt":"2022-02-10T16:54:04","guid":{"rendered":"https:\/\/www.visionweb.com.ar\/?p=4462"},"modified":"2022-02-10T13:54:04","modified_gmt":"2022-02-10T16:54:04","slug":"las-disyuntivas-del-subsidio-al-transporte-en-la-ciudad","status":"publish","type":"post","link":"https:\/\/www.visionweb.com.ar\/?p=4462","title":{"rendered":"Las disyuntivas del subsidio al transporte en la Ciudad"},"content":{"rendered":"<p><em><strong>Controversias entre Naci\u00f3n y Caba por los subsidios al transporte p\u00fablico. Es un valor estimado en los 14.000 millones de pesos que el Gobierno nacional quiere retener. Podr\u00edan aumentar significativamente el precio de los boletos.<\/strong><\/em><!--more--><\/p>\n<p><strong><img loading=\"lazy\" decoding=\"async\" class=\"size-full wp-image-4302 aligncenter\" src=\"https:\/\/www.visionweb.com.ar\/wp-content\/uploads\/2022\/01\/bicisendas-imagen-bsas-ciudad.bmp\" alt=\"\" width=\"594\" height=\"368\" \/>E<\/strong>l Gobierno nacional busca acordar el traspaso de colectivos con jurisdicci\u00f3n en CABA. De concretarse, la medida abarcar\u00eda 32 l\u00edneas que no cruzan la Avenida General Paz, es decir que s\u00f3lo se mueven por las calles porte\u00f1as. Ser\u00edan unos 14.000 millones de pesos que deber\u00edan ser absorbidos por la gesti\u00f3n de Rodr\u00edguez Larreta.<\/p>\n<p>A la vez, las empresas de transporte que trasladan pasajeros por la Ciudad y la provincia de Buenos Aires seguir\u00e1n con el aporte del Estado.<\/p>\n<p>\u00abNo hay una pelea, ni de una discusi\u00f3n de uno contra otro en un \u00e1mbito federal como es nuestro pa\u00eds; de lo que se trata es de analizar la competencia de la jurisdicci\u00f3n y establecer qu\u00e9 le corresponde a cada uno: atender, regular, fiscalizar y subsidiar en el caso que sea necesario\u00bb, indic\u00f3 este mi\u00e9rcoles Diego Giuliano, secretario de Transporte de la Naci\u00f3n.<\/p>\n<p>\u00abLo que estamos planteando es que hay 32 l\u00edneas de colectivos que circulan en el interior de la Ciudad de Buenos Aires y que tienen un subsidio muy importante de parte de la Naci\u00f3n, de 14.600 millones de pesos; cuando el subsidio para todo el Interior del pa\u00eds ha sido de 28.000 millones\u00bb, justific\u00f3 el funcionario en comunicaciones radiales.<\/p>\n<p>Por su parte, el jefe de Gobierno porte\u00f1o, Horacio Rodr\u00edguez Larreta, cuestion\u00f3 hoy al Gobierno por esta iniciativa: \u00abEs una muestra m\u00e1s de los embates del Gobierno nacional contra la Ciudad de Buenos Aires.<\/p>\n<p>Larreta afirm\u00f3 que \u201cEs un claro avance contra la autonom\u00eda\u201d, durante un acto en el Centro de Monitoreo Norte del Anillo Digital, en conferencia de prensa.<\/p>\n<p>\u00abEs otra vez el gobierno nacional contra la Ciudad, otra vez el gobierno nacional contra los ciudadanos y contra millones de argentinos que circulan por la ciudad. Muchos son porte\u00f1os y muchos de la provincia\u00bb, subray\u00f3.<\/p>\n<p>Y sostuvo que: \u00abSiempre estamos para dialogar. Estamos convencidos de que es el camino para solucionar los problemas. (\u2026) si se avanza en esa iniciativa sin di\u00e1logo, ser\u00eda un acto inconstitucional\u00bb.<\/p>\n<p>En ese sentido, el ministro de Gobierno porte\u00f1o, Jorge Macri, subray\u00f3 que las l\u00edneas de colectivo en cuesti\u00f3n \u00abdependen de Naci\u00f3n\u00bb. \u00abSi el Gobierno nacional retira el subsidio, eso seguramente va a tener un impacto en el costo del boleto por decisi\u00f3n del Gobierno nacional\u00bb.<\/p>\n<p>Macri, ministro de Gobierno de la Ciudad Aut\u00f3noma de Buenos Aires, afirm\u00f3 adem\u00e1s que:\u00a0\u00absi el Gobierno Nacional quita la mitad del subsidio, podr\u00eda m\u00e1s que duplicarse el costo del boleto, es el impacto de dejar de subsidiar parte de la tarifa\u00bb.<\/p>\n<p>Al respecto y en contrapartida, la portavoz de la Presidencia, Gabriela Cerruti, dijo este jueves, que el jefe de Gobierno porte\u00f1o, Horacio Rodr\u00edguez Larreta, \u00abcon el mismo criterio de autonom\u00eda, deber\u00eda asumir sus responsabilidades\u00bb.<\/p>\n<p>\u00abLa ciudad tiene que empezar a hacerse responsable de los temas que le corresponden, Larreta ha judicializado la coparticipaci\u00f3n y llev\u00f3 el tema a la Corte. Con el mismo criterio de autonom\u00eda, deber\u00eda asumir sus responsabildades. La ciudad y Larreta s\u00f3lo quieren los derechos de autonom\u00eda y ninguno de los deberes\u00bb, dijo Cerruti en una conferencia de prensa en Casa de Gobierno esta ma\u00f1ana. <strong>(VW)<\/strong><\/p>\n<p>&nbsp;<\/p>\n","protected":false},"excerpt":{"rendered":"<p>Controversias entre Naci\u00f3n y Caba por los subsidios al transporte p\u00fablico. Es un valor estimado en los 14.000 millones de pesos que el Gobierno nacional quiere retener. Podr\u00edan aumentar significativamente el precio de los&#46;&#46;&#46;<\/p>\n","protected":false},"author":4,"featured_media":4302,"comment_status":"closed","ping_status":"closed","sticky":false,"template":"","format":"standard","meta":{"_monsterinsights_skip_tracking":false,"_monsterinsights_sitenote_active":false,"_monsterinsights_sitenote_note":"","_monsterinsights_sitenote_category":0,"footnotes":""},"categories":[4],"tags":[330,705,871,1780],"class_list":["post-4462","post","type-post","status-publish","format-standard","has-post-thumbnail","hentry","category-politica","tag-caba","tag-colectivos","tag-subsidios","tag-traspaso"],"_links":{"self":[{"href":"https:\/\/www.visionweb.com.ar\/index.php?rest_route=\/wp\/v2\/posts\/4462","targetHints":{"allow":["GET"]}}],"collection":[{"href":"https:\/\/www.visionweb.com.ar\/index.php?rest_route=\/wp\/v2\/posts"}],"about":[{"href":"https:\/\/www.visionweb.com.ar\/index.php?rest_route=\/wp\/v2\/types\/post"}],"author":[{"embeddable":true,"href":"https:\/\/www.visionweb.com.ar\/index.php?rest_route=\/wp\/v2\/users\/4"}],"replies":[{"embeddable":true,"href":"https:\/\/www.visionweb.com.ar\/index.php?rest_route=%2Fwp%2Fv2%2Fcomments&post=4462"}],"version-history":[{"count":2,"href":"https:\/\/www.visionweb.com.ar\/index.php?rest_route=\/wp\/v2\/posts\/4462\/revisions"}],"predecessor-version":[{"id":4466,"href":"https:\/\/www.visionweb.com.ar\/index.php?rest_route=\/wp\/v2\/posts\/4462\/revisions\/4466"}],"wp:featuredmedia":[{"embeddable":true,"href":"https:\/\/www.visionweb.com.ar\/index.php?rest_route=\/wp\/v2\/media\/4302"}],"wp:attachment":[{"href":"https:\/\/www.visionweb.com.ar\/index.php?rest_route=%2Fwp%2Fv2%2Fmedia&parent=4462"}],"wp:term":[{"taxonomy":"category","embeddable":true,"href":"https:\/\/www.visionweb.com.ar\/index.php?rest_route=%2Fwp%2Fv2%2Fcategories&post=4462"},{"taxonomy":"post_tag","embeddable":true,"href":"https:\/\/www.visionweb.com.ar\/index.php?rest_route=%2Fwp%2Fv2%2Ftags&post=4462"}],"curies":[{"name":"wp","href":"https:\/\/api.w.org\/{rel}","templated":true}]}}