{"id":4459,"date":"2022-02-10T12:00:42","date_gmt":"2022-02-10T15:00:42","guid":{"rendered":"https:\/\/www.visionweb.com.ar\/?p=4459"},"modified":"2022-02-10T12:00:42","modified_gmt":"2022-02-10T15:00:42","slug":"trenes-argentinos-cedera-terrenos-para-la-construccion-de-dos-casas-de-provincia","status":"publish","type":"post","link":"https:\/\/www.visionweb.com.ar\/?p=4459","title":{"rendered":"Trenes Argentinos ceder\u00e1 terrenos para la construcci\u00f3n de dos Casas de Provincia"},"content":{"rendered":"<p><em><strong>Mediante un convenio que prev\u00e9 la cesi\u00f3n de predios ferroviarios, el gobierno provincial avanzar\u00e1 con el plan de construcci\u00f3n de \u201cCasas de la Provincia\u201d.<\/strong><\/em><!--more--><\/p>\n<p><strong><img loading=\"lazy\" decoding=\"async\" class=\"size-medium wp-image-4176 alignright\" src=\"https:\/\/www.visionweb.com.ar\/wp-content\/uploads\/2022\/01\/SALTA-300x225.png\" alt=\"\" width=\"300\" height=\"225\" srcset=\"https:\/\/www.visionweb.com.ar\/wp-content\/uploads\/2022\/01\/SALTA-300x225.png 300w, https:\/\/www.visionweb.com.ar\/wp-content\/uploads\/2022\/01\/SALTA-768x576.png 768w, https:\/\/www.visionweb.com.ar\/wp-content\/uploads\/2022\/01\/SALTA-320x240.png 320w, https:\/\/www.visionweb.com.ar\/wp-content\/uploads\/2022\/01\/SALTA.png 800w\" sizes=\"auto, (max-width: 300px) 100vw, 300px\" \/>E<\/strong>l Gobierno de la Provincia de Buenos Aires firm\u00f3 un acuerdo con la empresa Trenes Argentinos y la Agencia de Administraci\u00f3n de Bienes del Estado (ABBE) para obtener cesiones de tierras p\u00fablicas para construir dos nuevas Casas de la Provincia.<\/p>\n<p>El acuerdo consolidado este mi\u00e9rcoles, lleva la firma del presidente de Trenes Argentinos, Mart\u00edn Marinucci, el titular de la Agencia de Administraci\u00f3n de Bienes del Estado, Mart\u00edn Consentino, y el ministro de Infraestructura y Servicios P\u00fablicos, Leonardo Nardini.<\/p>\n<p>Cabe resaltar que las Casas de la Provincia tienen como objetivo centralizar en un mismo edificio todas las dependencias del Estado para facilitar y agilizar la realizaci\u00f3n de tr\u00e1mites administrativos en cercan\u00edas del conurbano.<\/p>\n<p>El convenio prev\u00e9 la cesi\u00f3n de predios ferroviarios, en los cuales el Gobierno provincial avanzar\u00e1 con el \u201cplan de cercan\u00eda\u201d, que ser\u00e1n sedes administrativas locales del Estado bonaerense.<\/p>\n<p>\u201cAportamos nuestro granito de arena para garantizar el pleno acceso a sus derechos y consolidar un Estado presente con pol\u00edticas de cercan\u00eda\u201d, se\u00f1al\u00f3 Marinucci, titular de Trenes, en relaci\u00f3n a las tierras que pasar\u00e1n a manos provinciales.<\/p>\n<p>Al respecto, el ministro provincial Leonardo Nardini, inform\u00f3 a la prensa que: \u201cEste convenio que firmamos hoy nos permite avanzar en la materializaci\u00f3n de las Casas de la Provincia. Son muy importantes porque permitir\u00e1n descentralizar los servicios de la provincia en el territorio y dignificar a los trabajadores que muchas veces est\u00e1n en diferentes lugares\u201d. <strong>(VW)<\/strong><\/p>\n","protected":false},"excerpt":{"rendered":"<p>Mediante un convenio que prev\u00e9 la cesi\u00f3n de predios ferroviarios, el gobierno provincial avanzar\u00e1 con el plan de construcci\u00f3n de \u201cCasas de la Provincia\u201d.<\/p>\n","protected":false},"author":4,"featured_media":4176,"comment_status":"closed","ping_status":"closed","sticky":false,"template":"","format":"standard","meta":{"_monsterinsights_skip_tracking":false,"_monsterinsights_sitenote_active":false,"_monsterinsights_sitenote_note":"","_monsterinsights_sitenote_category":0,"footnotes":""},"categories":[8],"tags":[1778,254,1669,1779,1739],"class_list":["post-4459","post","type-post","status-publish","format-standard","has-post-thumbnail","hentry","category-interes-general","tag-casas-de-la-provincia","tag-convenio","tag-marinucci","tag-nardini","tag-trenes-argentinos"],"_links":{"self":[{"href":"https:\/\/www.visionweb.com.ar\/index.php?rest_route=\/wp\/v2\/posts\/4459","targetHints":{"allow":["GET"]}}],"collection":[{"href":"https:\/\/www.visionweb.com.ar\/index.php?rest_route=\/wp\/v2\/posts"}],"about":[{"href":"https:\/\/www.visionweb.com.ar\/index.php?rest_route=\/wp\/v2\/types\/post"}],"author":[{"embeddable":true,"href":"https:\/\/www.visionweb.com.ar\/index.php?rest_route=\/wp\/v2\/users\/4"}],"replies":[{"embeddable":true,"href":"https:\/\/www.visionweb.com.ar\/index.php?rest_route=%2Fwp%2Fv2%2Fcomments&post=4459"}],"version-history":[{"count":2,"href":"https:\/\/www.visionweb.com.ar\/index.php?rest_route=\/wp\/v2\/posts\/4459\/revisions"}],"predecessor-version":[{"id":4461,"href":"https:\/\/www.visionweb.com.ar\/index.php?rest_route=\/wp\/v2\/posts\/4459\/revisions\/4461"}],"wp:featuredmedia":[{"embeddable":true,"href":"https:\/\/www.visionweb.com.ar\/index.php?rest_route=\/wp\/v2\/media\/4176"}],"wp:attachment":[{"href":"https:\/\/www.visionweb.com.ar\/index.php?rest_route=%2Fwp%2Fv2%2Fmedia&parent=4459"}],"wp:term":[{"taxonomy":"category","embeddable":true,"href":"https:\/\/www.visionweb.com.ar\/index.php?rest_route=%2Fwp%2Fv2%2Fcategories&post=4459"},{"taxonomy":"post_tag","embeddable":true,"href":"https:\/\/www.visionweb.com.ar\/index.php?rest_route=%2Fwp%2Fv2%2Ftags&post=4459"}],"curies":[{"name":"wp","href":"https:\/\/api.w.org\/{rel}","templated":true}]}}