{"id":4456,"date":"2022-02-10T11:22:59","date_gmt":"2022-02-10T14:22:59","guid":{"rendered":"https:\/\/www.visionweb.com.ar\/?p=4456"},"modified":"2022-02-11T12:29:35","modified_gmt":"2022-02-11T15:29:35","slug":"lanus-jornadas-de-capacitacion-en-primeros-auxilios-y-rcp","status":"publish","type":"post","link":"https:\/\/www.visionweb.com.ar\/?p=4456","title":{"rendered":"Lan\u00fas: Jornadas de capacitaci\u00f3n en primeros auxilios y RCP"},"content":{"rendered":"<p><em><strong>Desde el \u00e1rea de Defensa Civil del Municipio capacitar\u00e1n a la ciudadan\u00eda para el ejercicio y la pr\u00e1ctica de\u00a0 maniobras b\u00e1sicas de primeros auxilios en casos de emergencia.<\/strong><\/em><!--more--><\/p>\n<p><strong> <img loading=\"lazy\" decoding=\"async\" class=\"size-medium wp-image-4481 alignright\" src=\"https:\/\/www.visionweb.com.ar\/wp-content\/uploads\/2022\/02\/RCP-en-lanus-300x183.jpg\" alt=\"\" width=\"300\" height=\"183\" srcset=\"https:\/\/www.visionweb.com.ar\/wp-content\/uploads\/2022\/02\/RCP-en-lanus-300x183.jpg 300w, https:\/\/www.visionweb.com.ar\/wp-content\/uploads\/2022\/02\/RCP-en-lanus.jpg 623w\" sizes=\"auto, (max-width: 300px) 100vw, 300px\" \/><\/strong><strong>\u00a0\u00a0\u00a0 L<\/strong>a direcci\u00f3n de Defensa Civil de la Municipalidad de Lan\u00fas llevar\u00e1\u00a0 adelante una nueva etapa de capacitaci\u00f3n con charlas y pr\u00e1cticas, en el marco de continuar con la campa\u00f1a de formaci\u00f3n de RCP. El objetivo es saber asistir ante situaciones de emergencia, fundamentalmente primeros auxilios y reanimaci\u00f3n cardiopulmonar.<\/p>\n<p>Las jornadas de RCP (Reanimaci\u00f3n Cardio Pulmonar) se desarrollar\u00e1n los viernes de febrero a partir de las 16.30 en diferentes puntos del municipio y tiene como objetivo brindarle a los asistentes \u201ccharlas de autoprotecci\u00f3n\u201d, conforme detall\u00f3 Prensa de la Comuna.<\/p>\n<p>La participaci\u00f3n est\u00e1 dirigida a toda la familia, incluidos ni\u00f1os en edad escolar, ya que los capacitadores orientan mediante un lenguaje adaptado a cada una de las franjas etarias de la sociedad.<\/p>\n<p>La finalidad es crear conciencia sobre la autoprotecci\u00f3n y la importancia de salvar vidas mediante el uso y la puesta en pr\u00e1ctica de herramientas primarias de socorro como el desfibrilador y las maniobras de reanimaci\u00f3n cardiopulmonar RCP.<\/p>\n<p>En cada encuentro a cargo de instructores de Defensa Civil con la colaboraci\u00f3n de socorristas del distrito, se brindar\u00e1 una charla te\u00f3rica y una secci\u00f3n pr\u00e1ctica mediante la utilizaci\u00f3n de mu\u00f1ecos y un desfibrilador de simulaci\u00f3n.<\/p>\n<p>Mediante esta pr\u00e1ctica de primeros auxilios las personas participantes incorporar\u00e1n valiosos conocimientos acerca de c\u00f3mo actuar ante situaciones de emergencia dom\u00e9sticas, en la v\u00eda p\u00fablica o ante personas desmayadas, entre otros casos.<\/p>\n<p>El cronograma de la actividad que \u00fanicamente se suspende por lluvia,\u00a0 es de acceso libre y gratuito, previa inscripci\u00f3n en\u00a0<a href=\"http:\/\/www.lanus.gob.ar\/jornadasrcp\">www.lanus.gob.ar\/jornadasrcp<\/a>,\u00a0 es el siguiente:<\/p>\n<ul>\n<li>11\/02: Plaza Giardino (Marco Avellaneda y Molinedo, Lan\u00fas Oeste).<\/li>\n<li>18\/02: Plaza Sarmiento (H\u00e9ctor Guido y 9 de Julio, Lan\u00fas Este).<\/li>\n<li>25\/02: Av. Remedios de Escalada y Av. Rivadavia, Valent\u00edn Alsina. <strong>(VW)<\/strong><\/li>\n<\/ul>\n<p>&nbsp;<\/p>\n<p>&nbsp;<\/p>\n","protected":false},"excerpt":{"rendered":"<p>Desde el \u00e1rea de Defensa Civil del Municipio capacitar\u00e1n a la ciudadan\u00eda para el ejercicio y la pr\u00e1ctica de\u00a0 maniobras b\u00e1sicas de primeros auxilios en casos de emergencia.<\/p>\n","protected":false},"author":4,"featured_media":4481,"comment_status":"closed","ping_status":"closed","sticky":false,"template":"","format":"standard","meta":{"_monsterinsights_skip_tracking":false,"_monsterinsights_sitenote_active":false,"_monsterinsights_sitenote_note":"","_monsterinsights_sitenote_category":0,"footnotes":""},"categories":[8],"tags":[949,1777,19,1776,1775],"class_list":["post-4456","post","type-post","status-publish","format-standard","has-post-thumbnail","hentry","category-interes-general","tag-capacitacion","tag-cursos","tag-lanus","tag-primeros-auxilios","tag-rcp"],"_links":{"self":[{"href":"https:\/\/www.visionweb.com.ar\/index.php?rest_route=\/wp\/v2\/posts\/4456","targetHints":{"allow":["GET"]}}],"collection":[{"href":"https:\/\/www.visionweb.com.ar\/index.php?rest_route=\/wp\/v2\/posts"}],"about":[{"href":"https:\/\/www.visionweb.com.ar\/index.php?rest_route=\/wp\/v2\/types\/post"}],"author":[{"embeddable":true,"href":"https:\/\/www.visionweb.com.ar\/index.php?rest_route=\/wp\/v2\/users\/4"}],"replies":[{"embeddable":true,"href":"https:\/\/www.visionweb.com.ar\/index.php?rest_route=%2Fwp%2Fv2%2Fcomments&post=4456"}],"version-history":[{"count":3,"href":"https:\/\/www.visionweb.com.ar\/index.php?rest_route=\/wp\/v2\/posts\/4456\/revisions"}],"predecessor-version":[{"id":4482,"href":"https:\/\/www.visionweb.com.ar\/index.php?rest_route=\/wp\/v2\/posts\/4456\/revisions\/4482"}],"wp:featuredmedia":[{"embeddable":true,"href":"https:\/\/www.visionweb.com.ar\/index.php?rest_route=\/wp\/v2\/media\/4481"}],"wp:attachment":[{"href":"https:\/\/www.visionweb.com.ar\/index.php?rest_route=%2Fwp%2Fv2%2Fmedia&parent=4456"}],"wp:term":[{"taxonomy":"category","embeddable":true,"href":"https:\/\/www.visionweb.com.ar\/index.php?rest_route=%2Fwp%2Fv2%2Fcategories&post=4456"},{"taxonomy":"post_tag","embeddable":true,"href":"https:\/\/www.visionweb.com.ar\/index.php?rest_route=%2Fwp%2Fv2%2Ftags&post=4456"}],"curies":[{"name":"wp","href":"https:\/\/api.w.org\/{rel}","templated":true}]}}