{"id":4447,"date":"2022-02-09T09:46:42","date_gmt":"2022-02-09T12:46:42","guid":{"rendered":"https:\/\/www.visionweb.com.ar\/?p=4447"},"modified":"2022-02-09T09:49:09","modified_gmt":"2022-02-09T12:49:09","slug":"cae-banda-de-roba-cables-en-lanus","status":"publish","type":"post","link":"https:\/\/www.visionweb.com.ar\/?p=4447","title":{"rendered":"Policiales: Cae banda roba cables en Lan\u00fas"},"content":{"rendered":"<p><strong><em>Secuestraron m\u00e1s de 370 kilos de cables de cobre de uso industrial en un galp\u00f3n clandestino. En un operativo conjunto de fuerzas de seguridad y agentes de inspecci\u00f3n municipal de Lan\u00fas, se logr\u00f3 desarticular una banda. <\/em><\/strong><!--more--><\/p>\n<div id=\"attachment_4449\" style=\"width: 310px\" class=\"wp-caption alignright\"><img loading=\"lazy\" decoding=\"async\" aria-describedby=\"caption-attachment-4449\" class=\"wp-image-4449 size-medium\" src=\"https:\/\/www.visionweb.com.ar\/wp-content\/uploads\/2022\/02\/BANDA-ROBA-CABLES-LANUS-300x225.jpg\" alt=\"\" width=\"300\" height=\"225\" srcset=\"https:\/\/www.visionweb.com.ar\/wp-content\/uploads\/2022\/02\/BANDA-ROBA-CABLES-LANUS-300x225.jpg 300w, https:\/\/www.visionweb.com.ar\/wp-content\/uploads\/2022\/02\/BANDA-ROBA-CABLES-LANUS-320x240.jpg 320w, https:\/\/www.visionweb.com.ar\/wp-content\/uploads\/2022\/02\/BANDA-ROBA-CABLES-LANUS.jpg 566w\" sizes=\"auto, (max-width: 300px) 100vw, 300px\" \/><p id=\"caption-attachment-4449\" class=\"wp-caption-text\">Una propiedad sobre la calle Bolivia, era el dep\u00f3sito de material robado. (Foto: Prensa de Lan\u00fas)<\/p><\/div>\n<p><strong> \u00a0 \u00a0\u00a0E<\/strong>fectivos policiales bonaerenses y de la Patrulla de Respuesta Inmediata (PRI) procedieron a la detenci\u00f3n de dos hombres mayores de edad, luego de una investigaci\u00f3n que deriv\u00f3 en el allanamiento de un galp\u00f3n en Lan\u00fas Oeste.<\/p>\n<p>Las actuaciones correspondientes con el secuestro de 370 kilos de material y los imputados del fraude e il\u00edcito quedaron a cargo de la Unidad Fiscal 7 del Departamento Judicial Avellaneda-Lan\u00fas, conforme detall\u00f3 Prensa de la comuna.<\/p>\n<p>En el lugar del operativo, ubicado en Bolivia 1960 de Lan\u00fas Oeste, agentes policiales y de inspecci\u00f3n constataron la presencia de varios bolsones de arpillera con recortes de cables Sintenax, de gran valor y reconocido uso industrial.<\/p>\n<p>Al no poder justificar el origen, la procedencia del material el\u00e9ctrico y las actividades que se realizaban en el lugar, ambos hombres fueron identificados y posteriormente detenidos y trasladados a la comisar\u00eda de cercan\u00eda.<\/p>\n<p>En tanto que el dep\u00f3sito, que carec\u00eda de habilitaci\u00f3n para todo tipo de fines comerciales,\u00a0 qued\u00f3 clausurado a la espera de nuevas inspecciones y actuaciones judiciales.\u00a0Los detenidos fueron identificados como Ram\u00f3n Franco de 24 a\u00f1os y Cristian Molina de 37, ambos con domicilio en Lan\u00fas.\u00a0<strong>(VW<\/strong><\/p>\n","protected":false},"excerpt":{"rendered":"<p>Secuestraron m\u00e1s de 370 kilos de cables de cobre de uso industrial en un galp\u00f3n clandestino. En un operativo conjunto de fuerzas de seguridad y agentes de inspecci\u00f3n municipal de Lan\u00fas, se logr\u00f3 desarticular&#46;&#46;&#46;<\/p>\n","protected":false},"author":4,"featured_media":4449,"comment_status":"closed","ping_status":"closed","sticky":false,"template":"","format":"standard","meta":{"_monsterinsights_skip_tracking":false,"_monsterinsights_sitenote_active":false,"_monsterinsights_sitenote_note":"","_monsterinsights_sitenote_category":0,"footnotes":""},"categories":[3],"tags":[1772,1773,19,1736,1623],"class_list":["post-4447","post","type-post","status-publish","format-standard","has-post-thumbnail","hentry","category-actualidad","tag-cae-banda","tag-detencion","tag-lanus","tag-policia","tag-pri"],"_links":{"self":[{"href":"https:\/\/www.visionweb.com.ar\/index.php?rest_route=\/wp\/v2\/posts\/4447","targetHints":{"allow":["GET"]}}],"collection":[{"href":"https:\/\/www.visionweb.com.ar\/index.php?rest_route=\/wp\/v2\/posts"}],"about":[{"href":"https:\/\/www.visionweb.com.ar\/index.php?rest_route=\/wp\/v2\/types\/post"}],"author":[{"embeddable":true,"href":"https:\/\/www.visionweb.com.ar\/index.php?rest_route=\/wp\/v2\/users\/4"}],"replies":[{"embeddable":true,"href":"https:\/\/www.visionweb.com.ar\/index.php?rest_route=%2Fwp%2Fv2%2Fcomments&post=4447"}],"version-history":[{"count":4,"href":"https:\/\/www.visionweb.com.ar\/index.php?rest_route=\/wp\/v2\/posts\/4447\/revisions"}],"predecessor-version":[{"id":4452,"href":"https:\/\/www.visionweb.com.ar\/index.php?rest_route=\/wp\/v2\/posts\/4447\/revisions\/4452"}],"wp:featuredmedia":[{"embeddable":true,"href":"https:\/\/www.visionweb.com.ar\/index.php?rest_route=\/wp\/v2\/media\/4449"}],"wp:attachment":[{"href":"https:\/\/www.visionweb.com.ar\/index.php?rest_route=%2Fwp%2Fv2%2Fmedia&parent=4447"}],"wp:term":[{"taxonomy":"category","embeddable":true,"href":"https:\/\/www.visionweb.com.ar\/index.php?rest_route=%2Fwp%2Fv2%2Fcategories&post=4447"},{"taxonomy":"post_tag","embeddable":true,"href":"https:\/\/www.visionweb.com.ar\/index.php?rest_route=%2Fwp%2Fv2%2Ftags&post=4447"}],"curies":[{"name":"wp","href":"https:\/\/api.w.org\/{rel}","templated":true}]}}