{"id":4443,"date":"2022-02-08T21:24:01","date_gmt":"2022-02-09T00:24:01","guid":{"rendered":"https:\/\/www.visionweb.com.ar\/?p=4443"},"modified":"2022-02-08T21:24:01","modified_gmt":"2022-02-09T00:24:01","slug":"no-corras-mas-tu-tiempo-es-hoy-el-poeta-el-musico-el-flaco","status":"publish","type":"post","link":"https:\/\/www.visionweb.com.ar\/?p=4443","title":{"rendered":"\u201cNo corras m\u00e1s, tu tiempo es hoy\u201d: El Poeta, El M\u00fasico, \u201cEl Flaco\u201d"},"content":{"rendered":"<p><em><strong>Luis Alberto Spinetta. Este 8 de febrero se cumplen diez a\u00f1os de su muerte. Y es notablemente vigente, su legado sigue creciendo sin distinci\u00f3n de edades. Pero eso no es magia, es su genialidad multifac\u00e9tica.<\/strong><\/em><!--more--><\/p>\n<div id=\"attachment_4445\" style=\"width: 550px\" class=\"wp-caption aligncenter\"><img loading=\"lazy\" decoding=\"async\" aria-describedby=\"caption-attachment-4445\" class=\"wp-image-4445 size-full\" src=\"https:\/\/www.visionweb.com.ar\/wp-content\/uploads\/2022\/02\/spinetta-facebook.bmp\" alt=\"\" width=\"540\" height=\"540\" \/><p id=\"caption-attachment-4445\" class=\"wp-caption-text\">El poeta del Rock argentino, siempre vigente. (Imagen: Facebook oficial LAS)<\/p><\/div>\n<p><strong>D<\/strong>iez a\u00f1os de la muerte de Luis Alberto Spinetta. Sin dudas una de las figuras m\u00e1s importantes e influyentes del rock argentino, se convirti\u00f3 en un \u00edcono creador, form\u00f3 grupos como Almendra y Pescado Rabioso. Muchos lo vieron en vivo y generaciones escucharon y escuchan sus discos. Tan actual y \u00fanico que se instala a perpetuidad.<\/p>\n<p>\u201cVivir no es otra cosa que arder en preguntas\u201d Artaud.<\/p>\n<p>Aunque no hace falta que un rockero publique un libro de poes\u00edas para ser considerado un poeta, Spinetta lo hizo.<\/p>\n<p>En 1978 lanz\u00f3 el libro<em>\u00a0<\/em><em>Guitarra negra<\/em>, que alguna vez describi\u00f3 como \u201cNegra por fuera y quiz\u00e1s blanca en su interior\u201d. Pero al margen de esta obra, siempre se lo consider\u00f3\u00a0el poeta del rock argentino, desde sus primeras canciones en Almendra.<\/p>\n<p>El Flaco hizo todo, desde versos de antolog\u00eda como estructuras complejas, el rey de las palabras inusuales. Met\u00e1foras inimaginadas. Historias de fantas\u00eda. Y siempre lo positivo en sus mensajes.<\/p>\n<p>En cuanto a la m\u00fasica, es imposible de encasillar musicalmente a Spinetta, por la diversidad de estilos en los que se zambull\u00f3, auque siempre se lo identifique con el rock. Compuso temas casi rom\u00e1nticos, luego fue al rock duro, al pop rock electr\u00f3nico, al jazz.<\/p>\n<p>En las largas estructuras de\u00a0<em>Crist\u00e1lida<\/em>\u00a0y\u00a0<em>Cantata de puentes amarillos<\/em>, Luis Alberto lo distingui\u00f3 as\u00ed: \u201cEn una, los m\u00f3dulos se reiteran de modo rotativo, mientras que en la otra son diferentes entre s\u00ed\u201d.<\/p>\n<p>Spinetta<strong>\u00a0<\/strong>es universal, pero tambi\u00e9n argentino, tal como demuestran sus descripciones de personajes en\u00a0<em>El anillo del Capit\u00e1n Beto<\/em> o\u00a0<em>Bajo Belgrano<\/em>.\u00a0Recurri\u00f3 a nombres como Ana, Ferm\u00edn, Laura, Pototo, Beto, Maribel, Ricky, Agueda, Ludmila, Olga, cada uno ligado a nuestra cotidianeidad.<\/p>\n<p><em>El jaguar herido<\/em>\u00a0es una alegor\u00eda de la represi\u00f3n militar.\u00a0Y por su parte, <em>La bengala perdida,<\/em>\u00a0se inspir\u00f3 en la muerte de un hincha de Racing en la cancha de Boca, tras\u00a0el lanzamiento de una bengala de tribuna a tribuna.<\/p>\n<p>\u201cTengo que aprender a volar entre tanta gente de pie\u201d.<\/p>\n<p>\u201cDe ti saldr\u00e1 la luz, s\u00f3lo as\u00ed ser\u00e1s feliz\u201d.<\/p>\n<p>\u201cR\u00edete al fin, que llorar trae tanto fr\u00edo\u201d.<\/p>\n<p>\u201cLa m\u00fasica es el vino que llena la copa del silencio\u201d.<\/p>\n<p>El Flaco Spinetta \u201cse fue de gira\u201d como dicen los m\u00fasicos. Siempre aqu\u00ed estar\u00e1. <strong>(VW)<\/strong><\/p>\n","protected":false},"excerpt":{"rendered":"<p>Luis Alberto Spinetta. Este 8 de febrero se cumplen diez a\u00f1os de su muerte. Y es notablemente vigente, su legado sigue creciendo sin distinci\u00f3n de edades. Pero eso no es magia, es su genialidad&#46;&#46;&#46;<\/p>\n","protected":false},"author":4,"featured_media":4445,"comment_status":"closed","ping_status":"closed","sticky":false,"template":"","format":"standard","meta":{"_monsterinsights_skip_tracking":false,"_monsterinsights_sitenote_active":false,"_monsterinsights_sitenote_note":"","_monsterinsights_sitenote_category":0,"footnotes":""},"categories":[8,1],"tags":[1770,1769,1771,1768],"class_list":["post-4443","post","type-post","status-publish","format-standard","has-post-thumbnail","hentry","category-interes-general","category-uncategorized","tag-diez-anos","tag-el-flaco","tag-el-musico","tag-luis-alberto-sninetta"],"_links":{"self":[{"href":"https:\/\/www.visionweb.com.ar\/index.php?rest_route=\/wp\/v2\/posts\/4443","targetHints":{"allow":["GET"]}}],"collection":[{"href":"https:\/\/www.visionweb.com.ar\/index.php?rest_route=\/wp\/v2\/posts"}],"about":[{"href":"https:\/\/www.visionweb.com.ar\/index.php?rest_route=\/wp\/v2\/types\/post"}],"author":[{"embeddable":true,"href":"https:\/\/www.visionweb.com.ar\/index.php?rest_route=\/wp\/v2\/users\/4"}],"replies":[{"embeddable":true,"href":"https:\/\/www.visionweb.com.ar\/index.php?rest_route=%2Fwp%2Fv2%2Fcomments&post=4443"}],"version-history":[{"count":2,"href":"https:\/\/www.visionweb.com.ar\/index.php?rest_route=\/wp\/v2\/posts\/4443\/revisions"}],"predecessor-version":[{"id":4446,"href":"https:\/\/www.visionweb.com.ar\/index.php?rest_route=\/wp\/v2\/posts\/4443\/revisions\/4446"}],"wp:featuredmedia":[{"embeddable":true,"href":"https:\/\/www.visionweb.com.ar\/index.php?rest_route=\/wp\/v2\/media\/4445"}],"wp:attachment":[{"href":"https:\/\/www.visionweb.com.ar\/index.php?rest_route=%2Fwp%2Fv2%2Fmedia&parent=4443"}],"wp:term":[{"taxonomy":"category","embeddable":true,"href":"https:\/\/www.visionweb.com.ar\/index.php?rest_route=%2Fwp%2Fv2%2Fcategories&post=4443"},{"taxonomy":"post_tag","embeddable":true,"href":"https:\/\/www.visionweb.com.ar\/index.php?rest_route=%2Fwp%2Fv2%2Ftags&post=4443"}],"curies":[{"name":"wp","href":"https:\/\/api.w.org\/{rel}","templated":true}]}}