{"id":4434,"date":"2022-02-08T10:13:30","date_gmt":"2022-02-08T13:13:30","guid":{"rendered":"https:\/\/www.visionweb.com.ar\/?p=4434"},"modified":"2022-02-08T10:13:30","modified_gmt":"2022-02-08T13:13:30","slug":"lanus-inicio-la-construccion-de-dos-nuevos-jardines-de-infantes","status":"publish","type":"post","link":"https:\/\/www.visionweb.com.ar\/?p=4434","title":{"rendered":"Lan\u00fas: Inici\u00f3 la construcci\u00f3n de dos nuevos jardines de infantes"},"content":{"rendered":"<p><strong><em>El \u00e1rea de Desarrollo Urbano local avanza en la concreci\u00f3n del proyecto de construcci\u00f3n de dos nuevos centros de formaci\u00f3n infantil y contin\u00faa \u00a0obras de infraestructura escolar en establecimientos municipales.<\/em><\/strong><!--more--><\/p>\n<div id=\"attachment_4436\" style=\"width: 310px\" class=\"wp-caption alignright\"><img loading=\"lazy\" decoding=\"async\" aria-describedby=\"caption-attachment-4436\" class=\"wp-image-4436 size-medium\" src=\"https:\/\/www.visionweb.com.ar\/wp-content\/uploads\/2022\/02\/lanus-jardin-infantes-II-300x200.jpg\" alt=\"\" width=\"300\" height=\"200\" srcset=\"https:\/\/www.visionweb.com.ar\/wp-content\/uploads\/2022\/02\/lanus-jardin-infantes-II-300x200.jpg 300w, https:\/\/www.visionweb.com.ar\/wp-content\/uploads\/2022\/02\/lanus-jardin-infantes-II.jpg 538w\" sizes=\"auto, (max-width: 300px) 100vw, 300px\" \/><p id=\"caption-attachment-4436\" class=\"wp-caption-text\">Obras en pleno desarrollo en el Parque Lineal y el Polo Educativo. (Foto: Prensa de Lan\u00fas)<\/p><\/div>\n<p><strong><em>\u00a0<\/em><\/strong> \u00a0\u00a0\u00a0 <strong>E<\/strong>l Municipio de Lan\u00fas, inici\u00f3 la construcci\u00f3n de dos nuevos jardines de infantes en Monte Chingolo y Villa Jard\u00edn, con un plazo estimado de 8 meses de obra, y con un presupuesto superior a los 70 millones de pesos aportados por la Naci\u00f3n. As\u00ed busca ampliar el abanico de establecimientos educativos hacia el Parque Lineal y el Polo Educativo.<\/p>\n<p>Con una superficie de 300 metros cuadrados, cada uno de estos dos nuevos centros educativos infantiles se encuentra en pleno desarrollo, y en la tarea de movimiento de tierra y acondicionamiento del suelo para completar el llenado de los cimientos, conforme indic\u00f3 Prensa de Lan\u00fas.<\/p>\n<p>A la vez, la Comuna lleva adelante un amplio plan de trabajos en una decena de centros educativos y escuelas de educaci\u00f3n especial con una inversi\u00f3n cercana a los 100 millones de pesos y una multiplicidad de obras de refacci\u00f3n total, cambio de cubierta e impermeabilizaci\u00f3n, renovado de tendido el\u00e9ctrico y gas e infraestructura menor, entre otras tareas.\u00a0Con el objetivo de generar espacios renovados de educaci\u00f3n y formaci\u00f3n para el alumnado local.<\/p>\n<p>En cuanto a las escuelas de gesti\u00f3n municipal y ante el inminente comienzo de clases, tambi\u00e9n se realiza la adecuaci\u00f3n y puesta en valor en infraestructura en los centros educativos 6, 7, 10 y 16 ubicados en Lan\u00fas Oeste, Remedios de Escalada y Valent\u00edn Alsina y en las escuelas de educaci\u00f3n especial 501, 503 y 504 de Valent\u00edn Alsina y Lan\u00fas Este.<\/p>\n<p>En el caso de la escuela especial 503 de Tuyut\u00ed 3487, se trabaja en la primera etapa de un amplio plan de refacci\u00f3n total, en el establecimiento 504 de similares caracter\u00edsticas en Cnel. Molinedo 1900 se cambian cubiertas e impermeabilizan los espacios exteriores y en el 501 de Juncal 1259 se renuevan sanitarios, pintura, instalaci\u00f3n el\u00e9ctrica y adecuan los accesos, entre otras obras.<\/p>\n<p><img loading=\"lazy\" decoding=\"async\" class=\"size-medium wp-image-4437 alignleft\" src=\"https:\/\/www.visionweb.com.ar\/wp-content\/uploads\/2022\/02\/lanus-jardin-infantes-I-300x152.jpg\" alt=\"\" width=\"300\" height=\"152\" srcset=\"https:\/\/www.visionweb.com.ar\/wp-content\/uploads\/2022\/02\/lanus-jardin-infantes-I-300x152.jpg 300w, https:\/\/www.visionweb.com.ar\/wp-content\/uploads\/2022\/02\/lanus-jardin-infantes-I.jpg 638w\" sizes=\"auto, (max-width: 300px) 100vw, 300px\" \/>En los centros educativos 6 y 7 ubicados en Pasaje de Burgos 697 y Coronel D\u2019El\u00eda 1369 las principales tareas consisten en renovaci\u00f3n de pintura interior, reparaci\u00f3n de \u00a0revoque e impermeabilizaci\u00f3n de cubierta.<\/p>\n<p>En los establecimientos 10 y 16 de Murature 4136 y Purita 2278, se suman a la planificaci\u00f3n de obras de remodelaci\u00f3n y reemplazo de carpinter\u00eda exterior,\u00a0 e infraestructura con retiro de \u00e1rboles de gran porte, tareas vinculadas a la renovaci\u00f3n de la red de gas.<\/p>\n<p>Desde el inicio de la gesti\u00f3n del intendente N\u00e9stor Grindetti son permanentes las obras de mantenimiento durante los recesos escolares, especialmente durante la temporada estival, donde se planifica con mayor tiempo la adecuaci\u00f3n de edificios con el objetivo de iniciar de la mejor manera el ciclo lectivo 2022 en marzo pr\u00f3ximo.<\/p>\n<p>M\u00e1s all\u00e1 de la emergencia sanitaria que alternativamente gener\u00f3 interrupci\u00f3n de tareas, estos trabajos programados por el Municipio conllevan el objetivo de poder cumplir con la continuidad plena de las clases presenciales en todos los niveles en el distrito de Lan\u00fas. <strong>(VW)<\/strong><\/p>\n<p>&nbsp;<\/p>\n<p>&nbsp;<\/p>\n","protected":false},"excerpt":{"rendered":"<p>El \u00e1rea de Desarrollo Urbano local avanza en la concreci\u00f3n del proyecto de construcci\u00f3n de dos nuevos centros de formaci\u00f3n infantil y contin\u00faa \u00a0obras de infraestructura escolar en establecimientos municipales.<\/p>\n","protected":false},"author":4,"featured_media":4437,"comment_status":"closed","ping_status":"closed","sticky":false,"template":"","format":"standard","meta":{"_monsterinsights_skip_tracking":false,"_monsterinsights_sitenote_active":false,"_monsterinsights_sitenote_note":"","_monsterinsights_sitenote_category":0,"footnotes":""},"categories":[7],"tags":[1765,1766,19],"class_list":["post-4434","post","type-post","status-publish","format-standard","has-post-thumbnail","hentry","category-educacion-y-cultura","tag-construciion-jardines-de-infantes","tag-desarrollo-urbano","tag-lanus"],"_links":{"self":[{"href":"https:\/\/www.visionweb.com.ar\/index.php?rest_route=\/wp\/v2\/posts\/4434","targetHints":{"allow":["GET"]}}],"collection":[{"href":"https:\/\/www.visionweb.com.ar\/index.php?rest_route=\/wp\/v2\/posts"}],"about":[{"href":"https:\/\/www.visionweb.com.ar\/index.php?rest_route=\/wp\/v2\/types\/post"}],"author":[{"embeddable":true,"href":"https:\/\/www.visionweb.com.ar\/index.php?rest_route=\/wp\/v2\/users\/4"}],"replies":[{"embeddable":true,"href":"https:\/\/www.visionweb.com.ar\/index.php?rest_route=%2Fwp%2Fv2%2Fcomments&post=4434"}],"version-history":[{"count":2,"href":"https:\/\/www.visionweb.com.ar\/index.php?rest_route=\/wp\/v2\/posts\/4434\/revisions"}],"predecessor-version":[{"id":4438,"href":"https:\/\/www.visionweb.com.ar\/index.php?rest_route=\/wp\/v2\/posts\/4434\/revisions\/4438"}],"wp:featuredmedia":[{"embeddable":true,"href":"https:\/\/www.visionweb.com.ar\/index.php?rest_route=\/wp\/v2\/media\/4437"}],"wp:attachment":[{"href":"https:\/\/www.visionweb.com.ar\/index.php?rest_route=%2Fwp%2Fv2%2Fmedia&parent=4434"}],"wp:term":[{"taxonomy":"category","embeddable":true,"href":"https:\/\/www.visionweb.com.ar\/index.php?rest_route=%2Fwp%2Fv2%2Fcategories&post=4434"},{"taxonomy":"post_tag","embeddable":true,"href":"https:\/\/www.visionweb.com.ar\/index.php?rest_route=%2Fwp%2Fv2%2Ftags&post=4434"}],"curies":[{"name":"wp","href":"https:\/\/api.w.org\/{rel}","templated":true}]}}