{"id":4430,"date":"2022-02-07T17:42:20","date_gmt":"2022-02-07T20:42:20","guid":{"rendered":"https:\/\/www.visionweb.com.ar\/?p=4430"},"modified":"2022-02-07T17:42:20","modified_gmt":"2022-02-07T20:42:20","slug":"precio-de-la-carne-comienza-a-regir-hoy-un-nuevo-acuerdo","status":"publish","type":"post","link":"https:\/\/www.visionweb.com.ar\/?p=4430","title":{"rendered":"Precio de la carne: Comienza a regir hoy un nuevo acuerdo"},"content":{"rendered":"<p><em><strong>En busca de dar continuidad al programa Cortes Cuidados, comienza a regir a partir de hoy el acuerdo del Gobierno con frigor\u00edficos y supermercados. Estar\u00e1 vigente durante todo 2022 y son siete cortes de carne vacuna a precios acordados.<\/strong><\/em><!--more--><\/p>\n<p><strong><img loading=\"lazy\" decoding=\"async\" class=\"size-full wp-image-4432 aligncenter\" src=\"https:\/\/www.visionweb.com.ar\/wp-content\/uploads\/2022\/02\/carnicerias.bmp\" alt=\"\" width=\"618\" height=\"317\" \/>E<\/strong>l convenio del Gobierno con frigor\u00edficos y supermercados, estar\u00e1 vigente durante el resto del a\u00f1o, y abarca siete de los principales cortes: tira de asado, vac\u00edo, tapa de asado, matambre, falda, nalga y paleta.<\/p>\n<p>El acuerdo est\u00e1 integrado por la Asociaci\u00f3n de Supermercados Unidos (ASU), el consorcio de exportadores de carnes argentinas ABC, los frigor\u00edficos nucleados en la Federaci\u00f3n de Industrias Frigor\u00edficas Regionales (Fifra) y en la Uni\u00f3n de la Industria C\u00e1rnica Argentina (Unica).<\/p>\n<p>La primera etapa del programa se extender\u00e1 hasta el 7 de abril pr\u00f3ximo, fecha en la que se analizar\u00e1n las condiciones de pr\u00f3rroga para el resto del a\u00f1o. Los precios del acuerdo tendr\u00e1n una pauta de aumento del 2% entre el 7 de marzo y el 7 de abril.<\/p>\n<p>Seg\u00fan el acuerdo, el valor por kilo de los cortes ser\u00e1 de $ 699 la tira de asado; $ 749 el vac\u00edo; $ 779 el matambre; $ 449 la falda; $ 639 la tapa de asado; $ 799 la nalga; y $ 649 la paleta, \u00a0que son considerados los cortes m\u00e1s representativos del consumo.<\/p>\n<p>Se podr\u00e1 acceder a estos cortes en m\u00e1s de 1.000 bocas de expendio que incluyen las grandes cadenas de supermercados como Coto, Jumbo, Plaza Vea, Disco, Carrefour, Walmart, Changomas, La An\u00f3nima y D\u00eda%, las cadenas mayoristas Vital y Makro, y carnicer\u00edas adheridas a Unica y ABC.<\/p>\n<p>En ese contexto, el secretario de Comercio Interior, Roberto Feletti, sostuvo que\u00a0\u201cen alimentos se est\u00e1n construyendo los instrumentos regulatorios\u201d para alinear la pol\u00edtica de ingresos con la pol\u00edtica de precios\u201d.<\/p>\n<p>Y subray\u00f3 que: \u201cTenemos la necesidad de alinear la pol\u00edtica de ingresos con la pol\u00edtica de precios. No se puede regular todo, pero s\u00ed podemos avanzar en este sentido, y en alimentos estamos construyendo los instrumentos regulatorios y creo que en marzo se va a ver el efecto\u201d. <strong>(VW)<\/strong><\/p>\n<p>&nbsp;<\/p>\n<p>&nbsp;<\/p>\n<p>&nbsp;<\/p>\n","protected":false},"excerpt":{"rendered":"<p>En busca de dar continuidad al programa Cortes Cuidados, comienza a regir a partir de hoy el acuerdo del Gobierno con frigor\u00edficos y supermercados. Estar\u00e1 vigente durante todo 2022 y son siete cortes de&#46;&#46;&#46;<\/p>\n","protected":false},"author":4,"featured_media":4432,"comment_status":"closed","ping_status":"closed","sticky":false,"template":"","format":"standard","meta":{"_monsterinsights_skip_tracking":false,"_monsterinsights_sitenote_active":false,"_monsterinsights_sitenote_note":"","_monsterinsights_sitenote_category":0,"footnotes":""},"categories":[3,6],"tags":[380,1762,1764,1761,1763],"class_list":["post-4430","post","type-post","status-publish","format-standard","has-post-thumbnail","hentry","category-actualidad","category-economia","tag-acuerdo","tag-carnicerias","tag-frugorificos","tag-precios-de-la-carne","tag-supermetcsdos"],"_links":{"self":[{"href":"https:\/\/www.visionweb.com.ar\/index.php?rest_route=\/wp\/v2\/posts\/4430","targetHints":{"allow":["GET"]}}],"collection":[{"href":"https:\/\/www.visionweb.com.ar\/index.php?rest_route=\/wp\/v2\/posts"}],"about":[{"href":"https:\/\/www.visionweb.com.ar\/index.php?rest_route=\/wp\/v2\/types\/post"}],"author":[{"embeddable":true,"href":"https:\/\/www.visionweb.com.ar\/index.php?rest_route=\/wp\/v2\/users\/4"}],"replies":[{"embeddable":true,"href":"https:\/\/www.visionweb.com.ar\/index.php?rest_route=%2Fwp%2Fv2%2Fcomments&post=4430"}],"version-history":[{"count":2,"href":"https:\/\/www.visionweb.com.ar\/index.php?rest_route=\/wp\/v2\/posts\/4430\/revisions"}],"predecessor-version":[{"id":4433,"href":"https:\/\/www.visionweb.com.ar\/index.php?rest_route=\/wp\/v2\/posts\/4430\/revisions\/4433"}],"wp:featuredmedia":[{"embeddable":true,"href":"https:\/\/www.visionweb.com.ar\/index.php?rest_route=\/wp\/v2\/media\/4432"}],"wp:attachment":[{"href":"https:\/\/www.visionweb.com.ar\/index.php?rest_route=%2Fwp%2Fv2%2Fmedia&parent=4430"}],"wp:term":[{"taxonomy":"category","embeddable":true,"href":"https:\/\/www.visionweb.com.ar\/index.php?rest_route=%2Fwp%2Fv2%2Fcategories&post=4430"},{"taxonomy":"post_tag","embeddable":true,"href":"https:\/\/www.visionweb.com.ar\/index.php?rest_route=%2Fwp%2Fv2%2Ftags&post=4430"}],"curies":[{"name":"wp","href":"https:\/\/api.w.org\/{rel}","templated":true}]}}