{"id":4425,"date":"2022-02-07T16:50:22","date_gmt":"2022-02-07T19:50:22","guid":{"rendered":"https:\/\/www.visionweb.com.ar\/?p=4425"},"modified":"2022-02-07T16:50:22","modified_gmt":"2022-02-07T19:50:22","slug":"ya-estan-las-preguntas-que-habra-en-el-censo-2022","status":"publish","type":"post","link":"https:\/\/www.visionweb.com.ar\/?p=4425","title":{"rendered":"Ya est\u00e1n las preguntas que habr\u00e1 en el Censo 2022"},"content":{"rendered":"<p><em><strong>El INDEC ya present\u00f3 el cuestionario del Censo del 18 de mayo pr\u00f3ximo. Ser\u00e1n 61 preguntas, que un integrante de cada familia puede responder con antelaci\u00f3n en la web para agilizar el tr\u00e1mite. Se conserva el anonimato de los usuarios.<\/strong><\/em><!--more--><\/p>\n<p><strong><img loading=\"lazy\" decoding=\"async\" class=\"size-full wp-image-4427 aligncenter\" src=\"https:\/\/www.visionweb.com.ar\/wp-content\/uploads\/2022\/02\/censo-imagen-formulario.bmp\" alt=\"\" width=\"622\" height=\"316\" \/>E<\/strong>l Instituto Nacional de Estad\u00edstica y Censos (INDEC) present\u00f3 el cuestionario definitivo del Censo Nacional de Poblaci\u00f3n, Hogares y Viviendas 2022. Ser\u00e1n 61 preguntas, 24 relacionadas con las caracter\u00edsticas de las viviendas y los hogares, y 37 sobre la estructura de la poblaci\u00f3n<\/p>\n<p>Adem\u00e1s, retir\u00f3 del cuestionario el n\u00famero de DNI de los censados, un pedido que hab\u00eda levantado cr\u00edticas entre las organizaciones dedicadas a la protecci\u00f3n de datos personales, que presentaron un recurso judicial.<\/p>\n<p>El instrumento de recolecci\u00f3n ser\u00e1 un \u201ccuestionario censal que se utilizar\u00e1 en el relevamiento digital, embebido en una aplicaci\u00f3n accesible mediante m\u00faltiples dispositivos, y en papel para el operativo presencial de barrido a realizarse el D\u00eda del Censo\u201d, inform\u00f3 el Indec.<\/p>\n<p>El Censo 2022, se realizar\u00e1 el pr\u00f3ximo 18 de mayo de forma presencial, y, por primera vez se implementar\u00e1 una versi\u00f3n digital a trav\u00e9s de la cual un integrante de cada grupo familiar podr\u00e1 responder el cuestionario a partir del 16 de marzo de manera online y ahorrar tiempo para cuando pase el censista.<\/p>\n<p>El Censo digital estar\u00e1 habilitado desde el mi\u00e9rcoles 16 de marzo hasta el mi\u00e9rcoles 18 de mayo de 2022 a las 8. En tanto, el 18 de mayo, fue declarado como feriado nacional a trav\u00e9s del Decreto 42\/2022.<\/p>\n<p>Para responder las preguntas del cuestionario censal, cada hogar elegir\u00e1 una persona de referencia que cuente con la informaci\u00f3n necesaria acerca de quienes lo integran.<\/p>\n<p>Adem\u00e1s, entre las novedades, figura la incorporaci\u00f3n de una nueva pregunta sobre la identidad de g\u00e9nero y se ampli\u00f3 el alcance de la pregunta sobre autorreconocimiento \u00e9tnico-pueblos ind\u00edgenas y afrodescendientes- a toda la poblaci\u00f3n.<\/p>\n<p>Sobre sexo e identidad de g\u00e9nero, se preguntar\u00e1 a todas las personas el sexo registrado al nacer (incluyendo la categor\u00eda \u201cX\u201d) y c\u00f3mo se considera\/autopercibe (\u201cmujer\u201d, \u201cmujer trans\/travesti\u201d, \u201cvar\u00f3n\u201d, \u201cvar\u00f3n trans\/masculinidad trans\u201d, \u201cno binario\u201d, \u201cotra identidad\/ninguna de las anteriores\u201d).<\/p>\n<p>En cuanto autorreconocimiento ind\u00edgena u originario, se preguntar\u00e1 a todas las personas si se reconocen ind\u00edgenas o descendientes de pueblos ind\u00edgenas u originarios, aclarando el pueblo y, adem\u00e1s, si habla y\/o entiende la lengua de ese pueblo declarado.<\/p>\n<p>Todas las personas responder\u00e1n tambi\u00e9n si se reconocen afrodescendientes o de antepasados negros o africanos.<\/p>\n<p>Tambi\u00e9n se preguntar\u00e1 sobre \u201cdificultad y limitaci\u00f3n\u201d se consultar\u00e1, por ejemplo, si alguna persona las tiene para \u201ccaminar o subir escaleras\u201d o para \u201crecordar o concentrarse\u201d.<\/p>\n<p>El cuestionario definitivo se encuentra disponible en:\u00a0<a href=\"https:\/\/censo.gob.ar\/wp-content\/uploads\/2022\/02\/Censo2022_cuestionario_viviendas_particulares.pdf\">https:\/\/censo.gob.ar\/wp-content\/uploads\/2022\/02\/Censo2022_cuestionario_viviendas_particulares.pdf<\/a>.\u00a0\u00a0\u00a0 <strong>(VW)<\/strong><\/p>\n","protected":false},"excerpt":{"rendered":"<p>El INDEC ya present\u00f3 el cuestionario del Censo del 18 de mayo pr\u00f3ximo. Ser\u00e1n 61 preguntas, que un integrante de cada familia puede responder con antelaci\u00f3n en la web para agilizar el tr\u00e1mite. Se&#46;&#46;&#46;<\/p>\n","protected":false},"author":4,"featured_media":4427,"comment_status":"closed","ping_status":"closed","sticky":false,"template":"","format":"standard","meta":{"_monsterinsights_skip_tracking":false,"_monsterinsights_sitenote_active":false,"_monsterinsights_sitenote_note":"","_monsterinsights_sitenote_category":0,"footnotes":""},"categories":[8,5],"tags":[1759,1758,75,1760],"class_list":["post-4425","post","type-post","status-publish","format-standard","has-post-thumbnail","hentry","category-interes-general","category-sociedad","tag-61-preguntas","tag-censo-2022","tag-indec","tag-web"],"_links":{"self":[{"href":"https:\/\/www.visionweb.com.ar\/index.php?rest_route=\/wp\/v2\/posts\/4425","targetHints":{"allow":["GET"]}}],"collection":[{"href":"https:\/\/www.visionweb.com.ar\/index.php?rest_route=\/wp\/v2\/posts"}],"about":[{"href":"https:\/\/www.visionweb.com.ar\/index.php?rest_route=\/wp\/v2\/types\/post"}],"author":[{"embeddable":true,"href":"https:\/\/www.visionweb.com.ar\/index.php?rest_route=\/wp\/v2\/users\/4"}],"replies":[{"embeddable":true,"href":"https:\/\/www.visionweb.com.ar\/index.php?rest_route=%2Fwp%2Fv2%2Fcomments&post=4425"}],"version-history":[{"count":2,"href":"https:\/\/www.visionweb.com.ar\/index.php?rest_route=\/wp\/v2\/posts\/4425\/revisions"}],"predecessor-version":[{"id":4428,"href":"https:\/\/www.visionweb.com.ar\/index.php?rest_route=\/wp\/v2\/posts\/4425\/revisions\/4428"}],"wp:featuredmedia":[{"embeddable":true,"href":"https:\/\/www.visionweb.com.ar\/index.php?rest_route=\/wp\/v2\/media\/4427"}],"wp:attachment":[{"href":"https:\/\/www.visionweb.com.ar\/index.php?rest_route=%2Fwp%2Fv2%2Fmedia&parent=4425"}],"wp:term":[{"taxonomy":"category","embeddable":true,"href":"https:\/\/www.visionweb.com.ar\/index.php?rest_route=%2Fwp%2Fv2%2Fcategories&post=4425"},{"taxonomy":"post_tag","embeddable":true,"href":"https:\/\/www.visionweb.com.ar\/index.php?rest_route=%2Fwp%2Fv2%2Ftags&post=4425"}],"curies":[{"name":"wp","href":"https:\/\/api.w.org\/{rel}","templated":true}]}}