{"id":4393,"date":"2022-02-04T18:01:27","date_gmt":"2022-02-04T21:01:27","guid":{"rendered":"https:\/\/www.visionweb.com.ar\/?p=4393"},"modified":"2022-02-04T18:01:27","modified_gmt":"2022-02-04T21:01:27","slug":"marcha-3f-en-defensa-de-la-corte-y-respeto-a-la-division-de-poderes","status":"publish","type":"post","link":"https:\/\/www.visionweb.com.ar\/?p=4393","title":{"rendered":"Marcha 3F: En defensa de la Corte y \u00abRespeto a la divisi\u00f3n de poderes\u00bb"},"content":{"rendered":"<p><em><strong>Cerca de mil manifestantes marcharon ayer al Palacio de Justicia en repudio al avance contra la Corte Suprema al son de redoblantes, silbatos y aplausos con el lema: \u00abJusticia Independiente por una rep\u00fablica democr\u00e1tica\u00bb.<\/strong><\/em><!--more--><\/p>\n<p><strong><img loading=\"lazy\" decoding=\"async\" class=\"size-full wp-image-4396 aligncenter\" src=\"https:\/\/www.visionweb.com.ar\/wp-content\/uploads\/2022\/02\/marcha-3F.bmp\" alt=\"\" width=\"500\" height=\"361\" \/>R<\/strong>epresentantes de la sociedad civil y de sectores vinculados al Derecho y a la oposici\u00f3n se concentraron este jueves frente a Tribunales en defensa de la Corte Suprema. La cita se desarroll\u00f3 bajo la consigna \u00abLa Corte no se toca\u00bb, y fue convocada luego de la movilizaci\u00f3n en contra el m\u00e1ximo tribunal que el martes 1\u00ba encabezaron el juez\u00a0Juan Ramos Padilla\u00a0y Luis D&#8217;El\u00eda, con el aval del Gobierno.<\/p>\n<p>La contrapropuesta callejera naci\u00f3 de unos 120 profesores de Derecho de todo el pa\u00eds y luego se fueron sumando el Colegio de Abogados de la Ciudad, Acci\u00f3n Conjunta Republicana, Acci\u00f3n Conjunta Republicana Rural, Acci\u00f3n Conjunta Justicia, Ser\u00e1 Justicia, Profesores Republicanos, Justa Causa y algunas agrupaciones de magistrados y de fiscales.<\/p>\n<p>Fueron cerca de mil manifestantes con las siguientes consignas escritas sobre banderas nacionales: \u00abJusticia Independiente por una rep\u00fablica democr\u00e1tica\u00bb; \u00abExigimos Justicia, basta de impunidad. Mafia o Rep\u00fablica\u00bb y \u00abRespeto a la divisi\u00f3n de poderes\u00bb.<\/p>\n<p>El diputado nacional Ricardo L\u00f3pez Murphy\u00a0expres\u00f3: \u00abNosotros adherimos para manifestar nuestro apoyo al sistema institucional de gobierno, a la divisi\u00f3n de poderes, y a la rep\u00fablica. No puede dejarse pasar el intento de coacci\u00f3n a la Corte\u00bb.<\/p>\n<p>Y en referencia a la manifestaci\u00f3n K, subray\u00f3 que: \u00abSe vio una cantidad de insultos y descalificaciones, algo que no se ve en ning\u00fan pa\u00eds de Am\u00e9rica Latina\u00bb. <strong>(VW)<\/strong><\/p>\n<p>&nbsp;<\/p>\n","protected":false},"excerpt":{"rendered":"<p>Cerca de mil manifestantes marcharon ayer al Palacio de Justicia en repudio al avance contra la Corte Suprema al son de redoblantes, silbatos y aplausos con el lema: \u00abJusticia Independiente por una rep\u00fablica democr\u00e1tica\u00bb.<\/p>\n","protected":false},"author":4,"featured_media":4396,"comment_status":"closed","ping_status":"closed","sticky":false,"template":"","format":"standard","meta":{"_monsterinsights_skip_tracking":false,"_monsterinsights_sitenote_active":false,"_monsterinsights_sitenote_note":"","_monsterinsights_sitenote_category":0,"footnotes":""},"categories":[3,4],"tags":[1743,1727,1729,461],"class_list":["post-4393","post","type-post","status-publish","format-standard","has-post-thumbnail","hentry","category-actualidad","category-politica","tag-defensa-corte-suprema","tag-marcha-3f","tag-oposicion","tag-repudio"],"_links":{"self":[{"href":"https:\/\/www.visionweb.com.ar\/index.php?rest_route=\/wp\/v2\/posts\/4393","targetHints":{"allow":["GET"]}}],"collection":[{"href":"https:\/\/www.visionweb.com.ar\/index.php?rest_route=\/wp\/v2\/posts"}],"about":[{"href":"https:\/\/www.visionweb.com.ar\/index.php?rest_route=\/wp\/v2\/types\/post"}],"author":[{"embeddable":true,"href":"https:\/\/www.visionweb.com.ar\/index.php?rest_route=\/wp\/v2\/users\/4"}],"replies":[{"embeddable":true,"href":"https:\/\/www.visionweb.com.ar\/index.php?rest_route=%2Fwp%2Fv2%2Fcomments&post=4393"}],"version-history":[{"count":2,"href":"https:\/\/www.visionweb.com.ar\/index.php?rest_route=\/wp\/v2\/posts\/4393\/revisions"}],"predecessor-version":[{"id":4397,"href":"https:\/\/www.visionweb.com.ar\/index.php?rest_route=\/wp\/v2\/posts\/4393\/revisions\/4397"}],"wp:featuredmedia":[{"embeddable":true,"href":"https:\/\/www.visionweb.com.ar\/index.php?rest_route=\/wp\/v2\/media\/4396"}],"wp:attachment":[{"href":"https:\/\/www.visionweb.com.ar\/index.php?rest_route=%2Fwp%2Fv2%2Fmedia&parent=4393"}],"wp:term":[{"taxonomy":"category","embeddable":true,"href":"https:\/\/www.visionweb.com.ar\/index.php?rest_route=%2Fwp%2Fv2%2Fcategories&post=4393"},{"taxonomy":"post_tag","embeddable":true,"href":"https:\/\/www.visionweb.com.ar\/index.php?rest_route=%2Fwp%2Fv2%2Ftags&post=4393"}],"curies":[{"name":"wp","href":"https:\/\/api.w.org\/{rel}","templated":true}]}}