{"id":4387,"date":"2022-02-04T11:03:05","date_gmt":"2022-02-04T14:03:05","guid":{"rendered":"https:\/\/www.visionweb.com.ar\/?p=4387"},"modified":"2022-02-04T11:03:05","modified_gmt":"2022-02-04T14:03:05","slug":"precios-feletti-admitio-que-estamos-perdiendo-la-batalla","status":"publish","type":"post","link":"https:\/\/www.visionweb.com.ar\/?p=4387","title":{"rendered":"Precios: Feletti admiti\u00f3 que \u00abestamos perdiendo la batalla\u00bb"},"content":{"rendered":"<p><em><strong>\u201cEstamos perdiendo la batalla de los productos frescos, como la carne, el tomate, la papa, las verduras\u201d, \u201cno se puede regular todo\u201d, expres\u00f3 Feletti.<\/strong><\/em><!--more--><\/p>\n<div id=\"attachment_4390\" style=\"width: 522px\" class=\"wp-caption aligncenter\"><img loading=\"lazy\" decoding=\"async\" aria-describedby=\"caption-attachment-4390\" class=\"wp-image-4390 size-full\" src=\"https:\/\/www.visionweb.com.ar\/wp-content\/uploads\/2022\/02\/frutas-y-verduras.bmp\" alt=\"\" width=\"512\" height=\"316\" \/><p id=\"caption-attachment-4390\" class=\"wp-caption-text\">Consumidores Libres inform\u00f3 que frutas y verduras aumentaron 20,9% en enero. (Imagen: internet)<\/p><\/div>\n<p><strong>E<\/strong>l secretario de Comercio Interior, Roberto Feletti, admiti\u00f3 que los controles de precios no reflejan el resultado que esperaban y reconoci\u00f3 que se est\u00e1 \u201cperdiendo la batalla\u201d al anticipar que la inflaci\u00f3n de enero ser\u00e1 \u201cigual a la de diciembre (3,8%)\u201d. En contrapartida, dijo que ya en \u201cmarzo se ver\u00e1n los efectos de las medidas oficiales\u201d.<\/p>\n<p>\u201cEstamos perdiendo la batalla de los productos frescos, como la carne, el tomate, la papa, las verduras\u201d,\u00a0indic\u00f3 el secretario de Comercio en declaraciones radiales.<\/p>\n<p>El secretario de Comercio Interior El funcionario anticip\u00f3 que la inflaci\u00f3n de enero ser\u00e1\u00a0\u201cigual a la de diciembre (3,8 por ciento)\u201d, aunque las consultoras privadas estimaron que estar\u00e1 por encima del 4 por ciento. Y a la vez, mostr\u00f3 confianza en revertir la situaci\u00f3n: \u201cen marzo se ver\u00e1n los efectos de las medidas oficiales\u201d, subray\u00f3.<\/p>\n<p><a href=\"https:\/\/www.visionweb.com.ar\/wp-content\/uploads\/2022\/02\/feletti.bmp\"><img loading=\"lazy\" decoding=\"async\" class=\"size-full wp-image-4391 aligncenter\" src=\"https:\/\/www.visionweb.com.ar\/wp-content\/uploads\/2022\/02\/feletti.bmp\" alt=\"\" width=\"531\" height=\"435\" \/><\/a>Al respecto, dijo que \u201cno se puede regular todo\u201d, y \u00a0advirti\u00f3 que la inflaci\u00f3n en alimentos \u201cva a ser m\u00e1s alta\u201d que la registrada en diciembre de 2021. Y adjudic\u00f3 esta situaci\u00f3n a la \u201cestacionalidad en frutas y verduras\u201d.<\/p>\n<p>Consumidores Libres, que hace relevamientos peri\u00f3dicos de productos quincenalmente, inform\u00f3 que frutas y verduras aumentaron 20,9 por ciento durante enero.<\/p>\n<p>Pese a que mes a mes la inflaci\u00f3n mantiene en alza, Feletti se mostr\u00f3 confiado en cambiar la situaci\u00f3n:\u00a0\u201cen marzo se ver\u00e1n\u201d\u00a0los efectos de las medidas oficiales.<\/p>\n<p>\u201cLa inflaci\u00f3n monop\u00f3lica es la inflaci\u00f3n de g\u00f3ndola, la de oferta concertada de bienes procesados, y la inflaci\u00f3n internacional es la de los productos frescos. Ah\u00ed es donde se tienen que dar los desacoples\u201d, detall\u00f3.<\/p>\n<p>En ese sentido, sostuvo la idea de acuerdos de precios y salarios para frenar la suba: \u201ctenemos la necesidad de aparear la pol\u00edtica de precios con la pol\u00edtica de ingresos. Con un segmento libre, no se puede regular todo\u201d. <strong>(VW)<\/strong><\/p>\n<p>&nbsp;<\/p>\n","protected":false},"excerpt":{"rendered":"<p>\u201cEstamos perdiendo la batalla de los productos frescos, como la carne, el tomate, la papa, las verduras\u201d, \u201cno se puede regular todo\u201d, expres\u00f3 Feletti.<\/p>\n","protected":false},"author":4,"featured_media":4391,"comment_status":"closed","ping_status":"closed","sticky":false,"template":"","format":"standard","meta":{"_monsterinsights_skip_tracking":false,"_monsterinsights_sitenote_active":false,"_monsterinsights_sitenote_note":"","_monsterinsights_sitenote_category":0,"footnotes":""},"categories":[6],"tags":[1742,1217,77,47],"class_list":["post-4387","post","type-post","status-publish","format-standard","has-post-thumbnail","hentry","category-economia","tag-cmercio-interior","tag-feletti","tag-inflacion","tag-precios"],"_links":{"self":[{"href":"https:\/\/www.visionweb.com.ar\/index.php?rest_route=\/wp\/v2\/posts\/4387","targetHints":{"allow":["GET"]}}],"collection":[{"href":"https:\/\/www.visionweb.com.ar\/index.php?rest_route=\/wp\/v2\/posts"}],"about":[{"href":"https:\/\/www.visionweb.com.ar\/index.php?rest_route=\/wp\/v2\/types\/post"}],"author":[{"embeddable":true,"href":"https:\/\/www.visionweb.com.ar\/index.php?rest_route=\/wp\/v2\/users\/4"}],"replies":[{"embeddable":true,"href":"https:\/\/www.visionweb.com.ar\/index.php?rest_route=%2Fwp%2Fv2%2Fcomments&post=4387"}],"version-history":[{"count":2,"href":"https:\/\/www.visionweb.com.ar\/index.php?rest_route=\/wp\/v2\/posts\/4387\/revisions"}],"predecessor-version":[{"id":4392,"href":"https:\/\/www.visionweb.com.ar\/index.php?rest_route=\/wp\/v2\/posts\/4387\/revisions\/4392"}],"wp:featuredmedia":[{"embeddable":true,"href":"https:\/\/www.visionweb.com.ar\/index.php?rest_route=\/wp\/v2\/media\/4391"}],"wp:attachment":[{"href":"https:\/\/www.visionweb.com.ar\/index.php?rest_route=%2Fwp%2Fv2%2Fmedia&parent=4387"}],"wp:term":[{"taxonomy":"category","embeddable":true,"href":"https:\/\/www.visionweb.com.ar\/index.php?rest_route=%2Fwp%2Fv2%2Fcategories&post=4387"},{"taxonomy":"post_tag","embeddable":true,"href":"https:\/\/www.visionweb.com.ar\/index.php?rest_route=%2Fwp%2Fv2%2Ftags&post=4387"}],"curies":[{"name":"wp","href":"https:\/\/api.w.org\/{rel}","templated":true}]}}