{"id":4370,"date":"2022-02-03T14:09:07","date_gmt":"2022-02-03T17:09:07","guid":{"rendered":"https:\/\/www.visionweb.com.ar\/?p=4370"},"modified":"2022-02-03T14:09:07","modified_gmt":"2022-02-03T17:09:07","slug":"cocaina-envenenada-investigan-si-hay-guerra-narco","status":"publish","type":"post","link":"https:\/\/www.visionweb.com.ar\/?p=4370","title":{"rendered":"Coca\u00edna envenenada: Investigan si hay guerra narco"},"content":{"rendered":"<p><em><strong>Consumidores de coca\u00edna en las zonas oeste y noroeste del conurbano bonaerense resultaron envenenados. Investigadores estudian como principal hip\u00f3tesis una\u00a0guerra narco. La polic\u00eda secuestr\u00f3 miles bolsitas color rosa. Hay 8 detenidos y uno de ellos, el \u00abPaisa\u00bb es inminente responsable.<\/strong><\/em><!--more--><\/p>\n<div id=\"attachment_4373\" style=\"width: 638px\" class=\"wp-caption aligncenter\"><img loading=\"lazy\" decoding=\"async\" aria-describedby=\"caption-attachment-4373\" class=\"wp-image-4373 size-full\" src=\"https:\/\/www.visionweb.com.ar\/wp-content\/uploads\/2022\/02\/droga-envenenada.bmp\" alt=\"\" width=\"628\" height=\"343\" \/><p id=\"caption-attachment-4373\" class=\"wp-caption-text\">La droga adulterada que ya cobr\u00f3 20 vidas, se vend\u00eda en bolsitas color rosa. (Imagen: internet)<\/p><\/div>\n<p><strong>E<\/strong>l Ministerio de Salud de la provincia de Buenos Aires inform\u00f3 en su \u00faltimo reporte (hace una hora) que hasta el momento son 20 las personas fallecidas. Hay cientos de personas afectadas y contin\u00faan internadas unas 49 personas\u00a0en hospitales de distintos partidos bonaerenses, de las cuales 21 siguen con asistencia respiratoria mec\u00e1nica. El fiscal general de San Mart\u00edn Marcelo Lapargo, indic\u00f3 que \u00bb Nos hace pensar que la sustancia se incluy\u00f3 deliberadamente, no es un error del proceso\u00bb.<\/p>\n<p>Seg\u00fan el parte oficial que difundi\u00f3 la cartera sanitaria este jueves, los pacientes se encuentran internados en hospitales de San Mart\u00edn, Tres de Febrero, General Rodr\u00edguez, Moreno, Mor\u00f3n, Ituzaing\u00f3, Hurlingham, Tigre, San Isidro y Vicente L\u00f3pez. Todos se concentran en la zona oeste y noroeste del conurbano bonaerense. Los estupefacientes adulterados salieron de un barrio denominado Puerta 8.<\/p>\n<p>La provincia de Buenos Aires emiti\u00f3 ayer un alerta epidemiol\u00f3gico por contaminaci\u00f3n por consumo de coca\u00edna, en el que describe los s\u00edntomas que pueden indicar intoxicaci\u00f3n e incluyen signos de shock, depresi\u00f3n del sensorio, dificultad respiratoria, excitaci\u00f3n psicomotriz.<\/p>\n<p>Si bien a\u00fan no hay autopsias concluidas, fuentes m\u00e9dicas confirmaron que todos los pacientes ingresaron con cuadros de intoxicaci\u00f3n \u201cmuy severa\u201d y que presumiblemente se trata de una afecci\u00f3n derivada de la ingesta de alg\u00fan \u201copi\u00e1ceo\u201d incorporado intencionalmente a la mezcla de coca\u00edna, que provoca los s\u00edntomas de depresi\u00f3n del sistema nervioso compatible con los s\u00edntomas que presentaban las personas ingresadas a los centros asistenciales.<\/p>\n<p><strong>La investigaci\u00f3n<\/strong>: Mientras siguen los allanamientos y se esperan los\u00a0resultados de los an\u00e1lisis y las autopsias, el fiscal general de San Mart\u00edn, Marcelo Lapargo confirm\u00f3 que la coca\u00edna se adulter\u00f3 intencionalmente. \u00abEs un hecho grav\u00edsimo para la salud p\u00fablica\u00bb. \u00abNos hace pensar que la sustancia se incluy\u00f3 deliberadamente, no es un error del proceso\u00bb.<\/p>\n<p>Adem\u00e1s, Lapargo revel\u00f3 el\u00a0relato de uno de los consumidores:\u00a0\u00abTenemos el testimonio de alguien que estaba consumiendo en grupo. Dijo que consumi\u00f3\u00a0una cantidad muy peque\u00f1a y que se sinti\u00f3 muy mal, por eso no consumi\u00f3 m\u00e1s. Pero\u00a0los que estaban con \u00e9l s\u00ed siguieron y fallecieron tres\u00a0de ellos\u00bb, expres\u00f3 Lapargo, en di\u00e1logo con\u00a0<em>TN<\/em>.<\/p>\n<p>\u00abPuede ser que sea un\u00a0ajuste de cuentas<strong>\u00a0<\/strong>entre narcotraficantes, pero ahora es algo conjetural.\u00a0Es algo excepcional, no es algo que sucede habitualmente como para decir que &#8216;esto es lo que pasa en un ajuste de cuentas entre narcos'\u00bb, dijo el fiscal general de San Mart\u00edn.<\/p>\n<p>En ese contexto el ministro de Seguridad bonaerense Sergio Berni hizo un pedido para \u00abque pare esta oleada\u00bb, y en sinton\u00eda con eso, Lapargo solicit\u00f3 que aquellas personas que hayan comprado droga en las \u00faltimas horas\u00a0la entreguen a la Justicia<strong>\u00a0<\/strong>o que, en su defecto,\u00a0la descarten.<\/p>\n<p><strong>Todo apunta a una guerra entre narcos<\/strong>:<\/p>\n<p>La Polic\u00eda Bonaerense detuvo esta madrugada, junto a otras siete personas, a Joaqu\u00edn\u00a0Aquino tiene 33 a\u00f1os, es narco, le dicen \u00abPaisa\u00bb y podr\u00eda\u00a0ser la punta para entender qu\u00e9\u00a0pas\u00f3\u00a0con la coca\u00edna contaminada que ya se cobr\u00f3\u00a020 muertos y m\u00e1s de un centenar de afectados.<\/p>\n<p><strong>\u00a0<\/strong>La historia de Aquino remite a\u00a0una guerra narco por el control de tres asentamientos del oeste:\u00a0la Villa Loyola, la villa Sarmiento y la Villa 18 de Septiembre.<\/p>\n<p>Esta guerra enfrenta a dos bandos muy pesados. Por un lado el liderado por Max Ali Alegre (32, alias \u00abAlicho\u00bb) y Blas \u00abEl Negro\u00bb Gomez (28) -ambos presos- y por otro lado como rival, Iv\u00e1n Villalba, hijo del m\u00edtico jefe de la droga de la Villa 18, Miguel Angel \u201cMameluco Villalba.<\/p>\n<p>Ahora la droga, similar a la que mat\u00f3\u00a0ya a 20 personas, fue encontrada en poder del \u00abPaisa\u00bb, que responde a \u00abAlicho\u00bb.<\/p>\n<p>La banda estaba siendo investigada desde agosto en la Justicia Federal, en el marco de la causa\u00a01842\/2021 con apoyo de la Procunar (Procuradur\u00eda de Narcocriminalidad). En diciembre la Procunar pidi\u00f3 hacer una serie de allanamientos contra la organizaci\u00f3n de \u00abAlicho\u00bb y \u00abPaisa\u00bb. <strong>(VW)<\/strong><\/p>\n","protected":false},"excerpt":{"rendered":"<p>Consumidores de coca\u00edna en las zonas oeste y noroeste del conurbano bonaerense resultaron envenenados. Investigadores estudian como principal hip\u00f3tesis una\u00a0guerra narco. La polic\u00eda secuestr\u00f3 miles bolsitas color rosa. Hay 8 detenidos y uno de&#46;&#46;&#46;<\/p>\n","protected":false},"author":4,"featured_media":4373,"comment_status":"closed","ping_status":"closed","sticky":false,"template":"","format":"standard","meta":{"_monsterinsights_skip_tracking":false,"_monsterinsights_sitenote_active":false,"_monsterinsights_sitenote_note":"","_monsterinsights_sitenote_category":0,"footnotes":""},"categories":[5],"tags":[512,1735,1738,1737,1734,1736],"class_list":["post-4370","post","type-post","status-publish","format-standard","has-post-thumbnail","hentry","category-sociedad","tag-berni","tag-cocaina-adulterada","tag-fiscal","tag-lasargo","tag-narcos","tag-policia"],"_links":{"self":[{"href":"https:\/\/www.visionweb.com.ar\/index.php?rest_route=\/wp\/v2\/posts\/4370","targetHints":{"allow":["GET"]}}],"collection":[{"href":"https:\/\/www.visionweb.com.ar\/index.php?rest_route=\/wp\/v2\/posts"}],"about":[{"href":"https:\/\/www.visionweb.com.ar\/index.php?rest_route=\/wp\/v2\/types\/post"}],"author":[{"embeddable":true,"href":"https:\/\/www.visionweb.com.ar\/index.php?rest_route=\/wp\/v2\/users\/4"}],"replies":[{"embeddable":true,"href":"https:\/\/www.visionweb.com.ar\/index.php?rest_route=%2Fwp%2Fv2%2Fcomments&post=4370"}],"version-history":[{"count":2,"href":"https:\/\/www.visionweb.com.ar\/index.php?rest_route=\/wp\/v2\/posts\/4370\/revisions"}],"predecessor-version":[{"id":4374,"href":"https:\/\/www.visionweb.com.ar\/index.php?rest_route=\/wp\/v2\/posts\/4370\/revisions\/4374"}],"wp:featuredmedia":[{"embeddable":true,"href":"https:\/\/www.visionweb.com.ar\/index.php?rest_route=\/wp\/v2\/media\/4373"}],"wp:attachment":[{"href":"https:\/\/www.visionweb.com.ar\/index.php?rest_route=%2Fwp%2Fv2%2Fmedia&parent=4370"}],"wp:term":[{"taxonomy":"category","embeddable":true,"href":"https:\/\/www.visionweb.com.ar\/index.php?rest_route=%2Fwp%2Fv2%2Fcategories&post=4370"},{"taxonomy":"post_tag","embeddable":true,"href":"https:\/\/www.visionweb.com.ar\/index.php?rest_route=%2Fwp%2Fv2%2Ftags&post=4370"}],"curies":[{"name":"wp","href":"https:\/\/api.w.org\/{rel}","templated":true}]}}