{"id":4363,"date":"2022-02-03T12:41:11","date_gmt":"2022-02-03T15:41:11","guid":{"rendered":"https:\/\/www.visionweb.com.ar\/?p=4363"},"modified":"2022-02-03T12:41:11","modified_gmt":"2022-02-03T15:41:11","slug":"boom-del-turismo-en-la-argentina-y-la-tercera-edicion-del-previaje","status":"publish","type":"post","link":"https:\/\/www.visionweb.com.ar\/?p=4363","title":{"rendered":"Boom del turismo en la Argentina y la tercera edici\u00f3n del PreViaje"},"content":{"rendered":"<p><em><strong>La ocupaci\u00f3n es de entre el 80% y el 90% en destinos de todo el pa\u00eds. Con el nuevo programa se buscar\u00e1 estimular destinos alternativos en temporada media y baja.<\/strong> <strong>Est\u00e1 dirigido a las personas que normalmente no pueden viajar, pero ser\u00e1 m\u00e1s acotado.<\/strong><\/em><!--more--><\/p>\n<div id=\"attachment_4366\" style=\"width: 559px\" class=\"wp-caption aligncenter\"><img loading=\"lazy\" decoding=\"async\" aria-describedby=\"caption-attachment-4366\" class=\"wp-image-4366 size-full\" src=\"https:\/\/www.visionweb.com.ar\/wp-content\/uploads\/2022\/02\/pre-viaje.bmp\" alt=\"\" width=\"549\" height=\"368\" \/><p id=\"caption-attachment-4366\" class=\"wp-caption-text\">Se perfila el PreViaje III para la temporada baja y medua. (Foto: internet)<\/p><\/div>\n<p><strong>S<\/strong>eg\u00fan indic\u00f3 la C\u00e1mara Argentina de Turismo (CAT), el turismo en el pa\u00eds tiene una temporada r\u00e9cord. El sector anticipa que ser\u00e1 mejor todav\u00eda en febrero y marzo, y podr\u00eda resultar en un alargamiento de la temporada. Estudian lanzar la Tercera Edici\u00f3n del Programa PreViaje enfocada en destinos alternativos y personas de menores recursos. Es un proyecto de ley que el Ejecutivo enviar\u00e1 al Congreso en marzo.<\/p>\n<p>En ese sentido, el titular de la CAT, Gustavo Hani, indic\u00f3 este mi\u00e9rcoles en una conferencia de prensa que hay una\u00a0\u201cocupaci\u00f3n de entre el 80% y el 90% en destinos de todo el pa\u00eds, acompa\u00f1ado por un alto nivel de gasto entre los turistas\u201d.<\/p>\n<p><strong>\u00a0<\/strong>\u201cTenemos una temporada r\u00e9cord en much\u00edsimos lugares, lo que se explica por el \u00e9xito del PreViaje y tambi\u00e9n por el trabajo que han hecho todas las provincias para ampliar la oferta de los destinos\u201d, destac\u00f3 Hani.<\/p>\n<p>En este contexto, el empresario confirm\u00f3 que<strong>\u00a0<\/strong>en breve se oficializar\u00e1 el lanzamiento de la tercera edici\u00f3n de PreViaje, incluida dentro de un proyecto de ley que el Ejecutivo enviar\u00e1 al Congreso en marzo.<\/p>\n<p>Esta edici\u00f3n del PreViaje III est\u00e1 pensado \u201cpara que puedan viajar quienes normalmente no pueden\u201d. Y\u00a0se buscar\u00e1 estimular destinos alternativos en temporada media y baja.<\/p>\n<p>As\u00ed, la tercera edici\u00f3n del Pre Viaje estar\u00e1 vigente hasta 2025 y ser\u00e1 m\u00e1s acotada que las dos ediciones anteriores. Hani explic\u00f3 que \u201cel contexto macroecon\u00f3mico y el reciente acuerdo con el FMI, que manda reducir el d\u00e9ficit fiscal, obliga al Estado a revisar especialmente las pol\u00edticas de subsidios\u201d.<\/p>\n<p>En se orden, las empresas tur\u00edsticas privadas aunadas en la CAT,\u00a0 anticiparon que acompa\u00f1ar\u00e1n la iniciativa y trabajar\u00e1n para su aprobaci\u00f3n. El proyecto lleva el t\u00edtulo de \u201cR\u00e9gimen plurianual de incentivos para la promoci\u00f3n del empleo e inversiones para la actividad tur\u00edstica\u201d.<\/p>\n<div id=\"attachment_4368\" style=\"width: 310px\" class=\"wp-caption alignright\"><img loading=\"lazy\" decoding=\"async\" aria-describedby=\"caption-attachment-4368\" class=\"wp-image-4368 size-medium\" src=\"https:\/\/www.visionweb.com.ar\/wp-content\/uploads\/2022\/02\/uritorco-cba-300x205.jpg\" alt=\"\" width=\"300\" height=\"205\" srcset=\"https:\/\/www.visionweb.com.ar\/wp-content\/uploads\/2022\/02\/uritorco-cba-300x205.jpg 300w, https:\/\/www.visionweb.com.ar\/wp-content\/uploads\/2022\/02\/uritorco-cba.jpg 551w\" sizes=\"auto, (max-width: 300px) 100vw, 300px\" \/><p id=\"caption-attachment-4368\" class=\"wp-caption-text\">Cerr\u00f3 Uritorco. Amanecer. (Foto: Archivo VW)<\/p><\/div>\n<p>Con relaci\u00f3n a la temporada en curso, Hani asegur\u00f3 que \u201cla gente est\u00e1 viajando con plata\u201d.<strong>\u00a0<\/strong>Se\u00f1al\u00f3 que se esperaba que las personas que cargaron sus compras de turismo anticipadas y recibieron la devoluci\u00f3n del 50% del gasto mediante el programa Pre Viaje guardar\u00edan ese cr\u00e9dito para utilizarlo a lo largo de todo el a\u00f1o, algo que est\u00e1 permitido. Pero, en vez de eso, se advierte que las personas gastan el cr\u00e9dito en el lugar al que viajan.<\/p>\n<p>Seg\u00fan un relevamiento de la Confederaci\u00f3n Argentina de la Mediana Empresa (CAME), entre la segunda quincena de diciembre y fines de enero 19,7 millones de personas vacacionaron en destinos locales, un 58% m\u00e1s que en la temporada 2021.<\/p>\n<p>El sector anticipa que le ir\u00e1 mejor todav\u00eda en febrero y marzo, lo que contribuye a un alargamiento de la temporada. Aunque hay algunas actividades del sector que todav\u00eda no recuperaron los niveles prepandemia, como los hoteles de las grandes urbes, las instalaciones dedicadas a congresos y convenciones y las agencias de viaje y servicios orientados al turismo receptivo.<\/p>\n<div id=\"attachment_4367\" style=\"width: 179px\" class=\"wp-caption alignleft\"><img loading=\"lazy\" decoding=\"async\" aria-describedby=\"caption-attachment-4367\" class=\"wp-image-4367 size-medium\" src=\"https:\/\/www.visionweb.com.ar\/wp-content\/uploads\/2022\/02\/avion-cami-perez-169x300.jpg\" alt=\"\" width=\"169\" height=\"300\" srcset=\"https:\/\/www.visionweb.com.ar\/wp-content\/uploads\/2022\/02\/avion-cami-perez-169x300.jpg 169w, https:\/\/www.visionweb.com.ar\/wp-content\/uploads\/2022\/02\/avion-cami-perez.jpg 318w\" sizes=\"auto, (max-width: 169px) 100vw, 169px\" \/><p id=\"caption-attachment-4367\" class=\"wp-caption-text\">Los destinos m\u00e1s buscados son a la Patagonia. (Foto de autor: Camila P\u00e9rez)<\/p><\/div>\n<p>Por su parte, el director comercial de Aerol\u00edneas Argentinas, Fabi\u00e1n Lombardo sostuvo en la conferencia de prensa, que en enero se registr\u00f3 un 88% de ocupaci\u00f3n en los vuelos de cabotaje y que los destinos m\u00e1s buscados fueron los del sur del pa\u00eds: Bariloche, Ushuaia y Calafate.<\/p>\n<p>Pero explic\u00f3 que la situaci\u00f3n es distinta en los vuelos internacionales, que se recomponen a un ritmo m\u00e1s lento, afectados por mayores requisitos y contemplaciones sanitarias. Lombardo anticip\u00f3 que a partir de abril se sumar\u00e1n tres destinos internacionales orientados a \u201ctraer brasile\u00f1os a la Argentina\u201d: Porto Alegre, Curitiba y Brasilia, con cuatro frecuencias semanales. <strong>(VW)<\/strong><\/p>\n<p>&nbsp;<\/p>\n","protected":false},"excerpt":{"rendered":"<p>La ocupaci\u00f3n es de entre el 80% y el 90% en destinos de todo el pa\u00eds. Con el nuevo programa se buscar\u00e1 estimular destinos alternativos en temporada media y baja. Est\u00e1 dirigido a las&#46;&#46;&#46;<\/p>\n","protected":false},"author":4,"featured_media":4368,"comment_status":"closed","ping_status":"closed","sticky":false,"template":"","format":"standard","meta":{"_monsterinsights_skip_tracking":false,"_monsterinsights_sitenote_active":false,"_monsterinsights_sitenote_note":"","_monsterinsights_sitenote_category":0,"footnotes":""},"categories":[700],"tags":[1336,1371,202,1733,49,50],"class_list":["post-4363","post","type-post","status-publish","format-standard","has-post-thumbnail","hentry","category-turismo","tag-camara","tag-cat","tag-previaje","tag-tercera-edicion","tag-turismo","tag-viajes"],"_links":{"self":[{"href":"https:\/\/www.visionweb.com.ar\/index.php?rest_route=\/wp\/v2\/posts\/4363","targetHints":{"allow":["GET"]}}],"collection":[{"href":"https:\/\/www.visionweb.com.ar\/index.php?rest_route=\/wp\/v2\/posts"}],"about":[{"href":"https:\/\/www.visionweb.com.ar\/index.php?rest_route=\/wp\/v2\/types\/post"}],"author":[{"embeddable":true,"href":"https:\/\/www.visionweb.com.ar\/index.php?rest_route=\/wp\/v2\/users\/4"}],"replies":[{"embeddable":true,"href":"https:\/\/www.visionweb.com.ar\/index.php?rest_route=%2Fwp%2Fv2%2Fcomments&post=4363"}],"version-history":[{"count":2,"href":"https:\/\/www.visionweb.com.ar\/index.php?rest_route=\/wp\/v2\/posts\/4363\/revisions"}],"predecessor-version":[{"id":4369,"href":"https:\/\/www.visionweb.com.ar\/index.php?rest_route=\/wp\/v2\/posts\/4363\/revisions\/4369"}],"wp:featuredmedia":[{"embeddable":true,"href":"https:\/\/www.visionweb.com.ar\/index.php?rest_route=\/wp\/v2\/media\/4368"}],"wp:attachment":[{"href":"https:\/\/www.visionweb.com.ar\/index.php?rest_route=%2Fwp%2Fv2%2Fmedia&parent=4363"}],"wp:term":[{"taxonomy":"category","embeddable":true,"href":"https:\/\/www.visionweb.com.ar\/index.php?rest_route=%2Fwp%2Fv2%2Fcategories&post=4363"},{"taxonomy":"post_tag","embeddable":true,"href":"https:\/\/www.visionweb.com.ar\/index.php?rest_route=%2Fwp%2Fv2%2Ftags&post=4363"}],"curies":[{"name":"wp","href":"https:\/\/api.w.org\/{rel}","templated":true}]}}