{"id":4358,"date":"2022-02-02T15:11:49","date_gmt":"2022-02-02T18:11:49","guid":{"rendered":"https:\/\/www.visionweb.com.ar\/?p=4358"},"modified":"2022-02-02T15:11:49","modified_gmt":"2022-02-02T18:11:49","slug":"lanzan-la-canasta-escolar-a-precios-acordados","status":"publish","type":"post","link":"https:\/\/www.visionweb.com.ar\/?p=4358","title":{"rendered":"Lanzan la canasta escolar a precios acordados"},"content":{"rendered":"<p><em><strong>El programa \u00abVuelta al Cole\u00bb sali\u00f3 con m\u00e1s de 160 productos a precios acordados. Hay art\u00edculos de librer\u00eda y textiles. Se encuentran desde hoy en varios supermercados y tiendas.<\/strong><\/em><!--more--><\/p>\n<p><strong><img loading=\"lazy\" decoding=\"async\" class=\"size-full wp-image-4361 aligncenter\" src=\"https:\/\/www.visionweb.com.ar\/wp-content\/uploads\/2022\/02\/canasta-escolar-cuidados.bmp\" alt=\"\" width=\"719\" height=\"295\" \/>L<\/strong>a Secretar\u00eda de Comercio Interior de la Naci\u00f3n anunci\u00f3 hoy el lanzamiento de la nueva lista de productos incluidos en el programa\u00a0<strong>Vuelta al Cole + Precios Cuidados 2022<\/strong>, que establece para el inicio del nuevo ciclo lectivo valores de referencia para la canasta escolar, e involucra m\u00e1s de 160 productos esenciales a valores acordados.<\/p>\n<p>De esta manera, la renovada lista de productos incluidos en el programa abarca 25 categor\u00edas y m\u00e1s de 160 productos y establece valores de referencia para la canasta escolar en la previa al inicio del ciclo lectivo 2022.<\/p>\n<p><strong>D\u00f3nde se consiguen los productos:<\/strong><\/p>\n<p>Los productos del acuerdo estar\u00e1n disponibles desde hoy y hasta el 31 de marzo pr\u00f3ximo, en las cadenas de supermercados: Carrefour, Disco, Jumbo, Vea, Coto, La An\u00f3nima, Walmart y Changom\u00e1s.<\/p>\n<p>Tambi\u00e9n en librer\u00edas y comercios adheridos a la C\u00e1mara Argentina de Papeler\u00edas, Librer\u00edas y Afines (Capla); y en locales de Todo Moda y sucursales de Cooperativa Obrera.<\/p>\n<p>Desde Comercio Interior mediante un comunicado, subrayaron que \u00abLas chicas y los chicos de todo el pa\u00eds van a poder comenzar las clases equipados con todos los \u00fatiles y art\u00edculos esenciales a precios acordados para proteger los ingresos de las familias argentinas\u00bb.<\/p>\n<p><strong>Cu\u00e1les son los productos que consideran esenciales:<\/strong><\/p>\n<p>En esta edici\u00f3n del programa, la canasta incluye productos clave del rubro textil, como guardapolvos en todos los talles, pantalones y buzos de frisa y variedades de zapatillas.<\/p>\n<p>Con respecto a \u00fatiles escolares se encuentran: cajas de l\u00e1pices de colores, adhesivo sint\u00e9tico, repuesto de hojas rayadas\/cuadriculadas, sacapuntas, cuaderno forrado, lapicera roller gel, resaltadores fl\u00fao, goma de borrar, tijera, carpeta, t\u00e9mperas, bol\u00edgrafo, juego de geometr\u00eda (regla, escuadra, transportador), cuadernos de tapa dura, l\u00e1piz negro, cartucheras y l\u00edquido corrector, entre otros.<\/p>\n<p>Tambi\u00e9n se incorporaron art\u00edculos espec\u00edficos de cuidado personal con el objetivo de promover un entorno escolar protegido: habr\u00e1 alcohol en gel y diversidad de barbijos, en el contexto actual de pandemia de Covid-19.<\/p>\n<p>La Secretar\u00eda que conduce Roberto Feletti destac\u00f3 que \u00abel programa de +Precios Cuidados tiene por objetivo ser referencia de precios en g\u00f3ndola y el acceso de los consumidores a los productos m\u00e1s representativos del consumo cotidiano\u00bb.<\/p>\n<p>La informaci\u00f3n del programa y el detalle completo de los productos incluidos puede encontrarse en el siguiente sitio web: <a href=\"http:\/\/www.argentina.gob.ar\/precioscuidados\/vueltaalcole\">www.argentina.gob.ar\/precioscuidados\/vueltaalcole<\/a>.\u00a0\u00a0\u00a0 <strong>(VW)<\/strong><\/p>\n<p>&nbsp;<\/p>\n<p>&nbsp;<\/p>\n","protected":false},"excerpt":{"rendered":"<p>El programa \u00abVuelta al Cole\u00bb sali\u00f3 con m\u00e1s de 160 productos a precios acordados. Hay art\u00edculos de librer\u00eda y textiles. Se encuentran desde hoy en varios supermercados y tiendas.<\/p>\n","protected":false},"author":4,"featured_media":4361,"comment_status":"closed","ping_status":"closed","sticky":false,"template":"","format":"standard","meta":{"_monsterinsights_skip_tracking":false,"_monsterinsights_sitenote_active":false,"_monsterinsights_sitenote_note":"","_monsterinsights_sitenote_category":0,"footnotes":""},"categories":[6],"tags":[1731,615,31,1732],"class_list":["post-4358","post","type-post","status-publish","format-standard","has-post-thumbnail","hentry","category-economia","tag-canasta-ezcolar","tag-comercio-interior","tag-precios-cuidados","tag-vuelta-al-cole"],"_links":{"self":[{"href":"https:\/\/www.visionweb.com.ar\/index.php?rest_route=\/wp\/v2\/posts\/4358","targetHints":{"allow":["GET"]}}],"collection":[{"href":"https:\/\/www.visionweb.com.ar\/index.php?rest_route=\/wp\/v2\/posts"}],"about":[{"href":"https:\/\/www.visionweb.com.ar\/index.php?rest_route=\/wp\/v2\/types\/post"}],"author":[{"embeddable":true,"href":"https:\/\/www.visionweb.com.ar\/index.php?rest_route=\/wp\/v2\/users\/4"}],"replies":[{"embeddable":true,"href":"https:\/\/www.visionweb.com.ar\/index.php?rest_route=%2Fwp%2Fv2%2Fcomments&post=4358"}],"version-history":[{"count":2,"href":"https:\/\/www.visionweb.com.ar\/index.php?rest_route=\/wp\/v2\/posts\/4358\/revisions"}],"predecessor-version":[{"id":4362,"href":"https:\/\/www.visionweb.com.ar\/index.php?rest_route=\/wp\/v2\/posts\/4358\/revisions\/4362"}],"wp:featuredmedia":[{"embeddable":true,"href":"https:\/\/www.visionweb.com.ar\/index.php?rest_route=\/wp\/v2\/media\/4361"}],"wp:attachment":[{"href":"https:\/\/www.visionweb.com.ar\/index.php?rest_route=%2Fwp%2Fv2%2Fmedia&parent=4358"}],"wp:term":[{"taxonomy":"category","embeddable":true,"href":"https:\/\/www.visionweb.com.ar\/index.php?rest_route=%2Fwp%2Fv2%2Fcategories&post=4358"},{"taxonomy":"post_tag","embeddable":true,"href":"https:\/\/www.visionweb.com.ar\/index.php?rest_route=%2Fwp%2Fv2%2Ftags&post=4358"}],"curies":[{"name":"wp","href":"https:\/\/api.w.org\/{rel}","templated":true}]}}