{"id":4342,"date":"2022-02-02T11:16:43","date_gmt":"2022-02-02T14:16:43","guid":{"rendered":"https:\/\/www.visionweb.com.ar\/?p=4342"},"modified":"2022-02-02T11:16:43","modified_gmt":"2022-02-02T14:16:43","slug":"se-viene-la-noche-de-las-vacunas-con-100-postas-distribuidas-en-la-provincia","status":"publish","type":"post","link":"https:\/\/www.visionweb.com.ar\/?p=4342","title":{"rendered":"Se viene \u201cLa Noche de las Vacunas\u201d con 100 postas distribuidas en la Provincia"},"content":{"rendered":"<p><em><strong>\u00abLa noche de las vacunas\u00bb ser\u00e1 este\u00a0viernes 4 de febrero a partir de las 20 horas en m\u00e1s de 100 postas ubicadas en distintos puntos de la Provincia. Garantizan la vacunaci\u00f3n de todos los grupos poblacionales.<\/strong><\/em><!--more--><\/p>\n<p><strong><img loading=\"lazy\" decoding=\"async\" class=\"size-full wp-image-4345 aligncenter\" src=\"https:\/\/www.visionweb.com.ar\/wp-content\/uploads\/2022\/02\/noche-vacunas-pinamar.bmp\" alt=\"\" width=\"491\" height=\"333\" \/>E<\/strong>l Gobierno de la provincia de Buenos Aires anunci\u00f3 que el pr\u00f3ximo viernes 4 de febrero se llevar\u00e1 a cabo \u00abLa noche de las vacunas\u00bb\u00a0en m\u00e1s de cien postas ubicadas \u00aben lugares c\u00e9ntricos del conurbano y en puntos tur\u00edsticos de alto tr\u00e1nsito\u00bb, se inform\u00f3 este martes oficialmente.<\/p>\n<p>El anuncio se hizo en Pinamar en una nueva conferencia de prensa, como las que usualmente ofrece el gobierno de Axel Kicillof cada semana en distintos puntos de la costa bonaerense.<\/p>\n<p>El ministro de Salud bonaerense Nicol\u00e1s Kreplak, all\u00ed confirm\u00f3 que \u00abel viernes 4 de febrero haremos \u00b4La noche de las vacunas&#8217;, en m\u00e1s de cien postas para llegar a un p\u00fablico distinto en condiciones distintas\u00bb.<\/p>\n<p>Kreplak precis\u00f3 que, partir de las 20, habr\u00e1 50 postas itinerantes y m\u00e1s de 50 postas fijas que ampliar\u00e1n su horario para poder cubrir la nocturnidad en toda la provincia y especialmente en la costa.<\/p>\n<p>La nueva estrategia sanitaria tiene como objetivo ampliar el acceso a la vacunaci\u00f3n, habilitando los vacunatorios en un horario accesible para personas que, por diversos motivos, no pueden hacerlo en el horario de funcionamiento habitual, explic\u00f3 el ministerio de Salud bonaerense en un comunicado.<\/p>\n<p>Desde la cartera sanitaria afirmaron que los principales destinatarios de la actividad son los y las j\u00f3venes, pero que se garantizar\u00e1 la vacunaci\u00f3n de todos los grupos poblacionales.<\/p>\n<p>\u00abSabemos que la vacunaci\u00f3n es la herramienta que tenemos para poder dar el paso adelante y para prepararnos al inicio de clases y la temporada de oto\u00f1o invierno en las mejores condiciones\u00bb, dijo el ministro en la conferencia.<\/p>\n<p>Adem\u00e1s destac\u00f3 que hubo \u00abuna ca\u00edda del 52,3% semanalmente\u00bb de los casos de coronavirus por \u00d3micron\u00bb y sostuvo que \u00abla ca\u00edda semanal fue del 33 por ciento\u00bb.<\/p>\n<p><strong><a href=\"https:\/\/www.visionweb.com.ar\/wp-content\/uploads\/2022\/02\/noche-vacunas-cartel.bmp\"><img loading=\"lazy\" decoding=\"async\" class=\"size-full wp-image-4346 aligncenter\" src=\"https:\/\/www.visionweb.com.ar\/wp-content\/uploads\/2022\/02\/noche-vacunas-cartel.bmp\" alt=\"\" width=\"700\" height=\"182\" \/><\/a>Donde estar\u00e1n las postas de vacunaci\u00f3n:\u00a0<\/strong>Seg\u00fan anunci\u00f3 el Gobierno bonaerense, las postas se ubicar\u00e1n en los siguientes puntos:<\/p>\n<p>Adolfo Alsina: Cortada Plaza Levalle (Roque Saenz Pe\u00f1a y San Mart\u00edn)<\/p>\n<p>Almirante Brown: Rosales 1518 (Adrogu\u00e9)<\/p>\n<p>Avellaneda: G\u00fcemes 700<\/p>\n<p>Azul: Av. Bidegain y Av. Urioste<\/p>\n<p>Bah\u00eda Blanca: Chiclana 627<\/p>\n<p>Balcarce: Av. Ren\u00e9 Favaloro y Av. Juan Kelly<\/p>\n<p>Baradero: San Martin 550<\/p>\n<p>Benito Ju\u00e1rez: Ruta 80<\/p>\n<p>Berazategui: 148 y 18<\/p>\n<p>Berisso: 161 entre 12 y 13<\/p>\n<p>Bol\u00edvar: Av. Lavalle 100<\/p>\n<p>Campana: Av. Int. Varela 350, Campana<\/p>\n<p>Ca\u00f1uelas: Lara 1101 esquina Florida<\/p>\n<p>Carmen de Areco: Saavedra 544<\/p>\n<p>Chacabuco: Av. Miguel M\u00e1ximo Gil y La Rioja<\/p>\n<p>Chaves: Juan Elicagaray 453<\/p>\n<p>Chivilcoy: Olavarr\u00eda 363<\/p>\n<p>Col\u00f3n: Calle 17 y 48<\/p>\n<p>Coronel Dorrego: Esquina de Calles Inmigrantes y Cisneros<\/p>\n<p>Coronel Rosales: Urquiza 11<\/p>\n<p>Echeverr\u00eda: las Heras y Arana<\/p>\n<p>Ensenada: Cabo Verde y Ortiz de Rosa<\/p>\n<p>Escobar: Pres. Per\u00f3n 450, Gar\u00edn<\/p>\n<p>Exaltaci\u00f3n de la Cruz: Av del Libertador San Mart\u00edn, en Cardales<\/p>\n<p>Ezeiza: Paseo de la Patria 455<\/p>\n<p>Florentino Ameghino: Calle 30 y esq. 9<\/p>\n<p>Florencio Varela: Mar Chiquita y 3 de febrero<\/p>\n<p>General Alvarado: Paseo Luis Leloir 661<\/p>\n<p>General Alvear: Pte. Per\u00f3n esquina San Martin<\/p>\n<p>General Pinto: 2 de Abril y Mariano Moreno<\/p>\n<p>General Pueyrred\u00f3n: Estaci\u00f3n de trenes. San Juan 1642, Av. Col\u00f3n y Av. Mitre, y Carlos J. Benielli 3452, Villa Ballester<\/p>\n<p>Guamin\u00ed: Spion Cifone 266<\/p>\n<p>Hurlingham: Ruta 201 entre Isabel la Catolica y O Brien<\/p>\n<p>Ituzaing\u00f3: Peatonal Eva Per\u00f3n al 800<\/p>\n<p>Jos\u00e9 C. Paz: Av. Jos\u00e9 Altube y Roque Saenz Pe\u00f1a, JCPaz<\/p>\n<p>Jun\u00edn: Av. libertad y Sarmiento y en Alemania al 177<\/p>\n<p>La Costa: calle 13 entre 45 y 46 y calle 36 y 35<\/p>\n<p>La Madrid: Calle Sarmiento N\u00b0 486<\/p>\n<p>La Matanza: Av. Brigadier J. M. de Rosas 10198; Florencio Varela 1903; calle Luro y Valent\u00edn G\u00f3mez; Av. de Mayo y Belgrano<\/p>\n<p>La Plata: 8 e 41 y 42 y en calle 532 y 23<\/p>\n<p>Lan\u00fas: 9 de julio 1680<\/p>\n<p>Laprida: Lavalle 1291<\/p>\n<p>Las Flores: Harosteguy 418<\/p>\n<p>Las Heras: Rivadavia 0<\/p>\n<p>Lincoln: C\u00f3rdoba 650<\/p>\n<p>Lobos: Bartolom\u00e9 Mitre 648<\/p>\n<p>Lomas: Calles Maip\u00fa y Alsina y calles Espa\u00f1a y Colombres<\/p>\n<p>Luj\u00e1n: Avellaneda y Alvear<\/p>\n<p>Malvinas Argentinas: Av. Presidente Per\u00f3n 4276, Los Polvorines<\/p>\n<p>Mar Chiquita: Avenida Acapulco<\/p>\n<p>Marcos Paz: Avellaneda 1950<\/p>\n<p>Mercedes: Calle 23 N\u00b0 383 entre 16 y 18<\/p>\n<p>Merlo: Real y Padre Espinal (Centro de Merlo)<\/p>\n<p>Monte: Calle Pinazo y Alem<\/p>\n<p>Monte Hermoso: Entre Peatonal Dufaur y peatonal Dorrego<\/p>\n<p>Moreno: Av. Francisco Piovano 2969<\/p>\n<p>Mor\u00f3n: Casullo 59, esquina Rivadavia<\/p>\n<p>Necochea: Av. 59 N\u00b0 836<\/p>\n<p>Olavarr\u00eda: Brown y Coronel Su\u00e1rez<\/p>\n<p>Patagones: Domingo de Oro y Sor Vallese<\/p>\n<p>Pergamino: Irigoyen y Chile.<\/p>\n<p>Pig\u00fc\u00e9: Calle Francia 35<\/p>\n<p>Pilar: KM 46 ramal Pilar<\/p>\n<p>Pinamar: Bunge entre sirena y avenida del mar y calle De Las Medusas 1231<\/p>\n<p>Presidente Per\u00f3n: 124 y 105 Guernica<\/p>\n<p>Pringles: Espa\u00f1a 1057<\/p>\n<p>Quilmes: Calle 845 N\u00b02250<\/p>\n<p>Rauch: Anfiteatro Municipal Rafael Arrieta (Plaza Centrica)<\/p>\n<p>Saladillo: Juan .B. Justo 2667<\/p>\n<p>Salto: San Mart\u00edn y Libertad<\/p>\n<p>San Antonio: Guiraldes y Aubain<\/p>\n<p>San Fernando: Avellaneda y Acceso Norte<\/p>\n<p>San Isidro: Av. M\u00e1rquez al 800, San Isidro<\/p>\n<p>San Nicol\u00e1s de los Arroyos: Juan B Justo e Italia y en la calle 25 de mayo 464<\/p>\n<p>San Vicente: 9 de Julio al 180<\/p>\n<p>Tandil: Hip\u00f3lito Yrigoyen 662<\/p>\n<p>Tapalqu\u00e9: Irigoyen y 9 de Julio<\/p>\n<p>Tigre: Lavalle 520, Tigre<\/p>\n<p>Tornquist: Ernesto Tornquist 502<\/p>\n<p>Tres de Febrero: Av. Bartolom\u00e9 Mitre 4848, Caseros.<\/p>\n<p>Vicente L\u00f3pez: Av Maip\u00fa 2124, Florida<\/p>\n<p>Villa Gesell: Av 3 entre 140 y 141 y en Av Buenos Aires y Avenida 4<\/p>\n<p>Villarino: Medrano 320 y en calle 24 N\u00b0 248<\/p>\n<p>Zarate: Hip\u00f3lito Yrigoyen en Z\u00e1rate<\/p>\n<p>En el anuncio, Kreplak tambi\u00e9n subray\u00f3 que: \u00abLa vacunaci\u00f3n produjo un efecto distinto en esta ola con una complicaci\u00f3n menor\u00bb en los casos que requirieron internaci\u00f3n en terapia intensiva\u00bb. Y sostuvo que el mes de<strong>\u00a0<\/strong>enero \u00abfue el segundo mes de mayor vacunaci\u00f3n\u00bb del \u00faltimo a\u00f1o.<\/p>\n<p>La conferencia tuvo lugar en el Hotel del Bosque de Pinamar y tambi\u00e9n cont\u00f3 con la presencia de la vicegobernadora Ver\u00f3nica Magario; los ministros de la Producci\u00f3n Ciencia e Innovaci\u00f3n Tecnol\u00f3gica, Augusto Costa, y de Seguridad, Sergio Berni; y el Concejal del Frente de Todos del distrito, Gregorio Estanga. <strong>(VW)<\/strong><\/p>\n<p>&nbsp;<\/p>\n","protected":false},"excerpt":{"rendered":"<p>\u00abLa noche de las vacunas\u00bb ser\u00e1 este\u00a0viernes 4 de febrero a partir de las 20 horas en m\u00e1s de 100 postas ubicadas en distintos puntos de la Provincia. Garantizan la vacunaci\u00f3n de todos los&#46;&#46;&#46;<\/p>\n","protected":false},"author":4,"featured_media":4346,"comment_status":"closed","ping_status":"closed","sticky":false,"template":"","format":"standard","meta":{"_monsterinsights_skip_tracking":false,"_monsterinsights_sitenote_active":false,"_monsterinsights_sitenote_note":"","_monsterinsights_sitenote_category":0,"footnotes":""},"categories":[3],"tags":[1726,359,1725,356],"class_list":["post-4342","post","type-post","status-publish","format-standard","has-post-thumbnail","hentry","category-actualidad","tag-cien-postas","tag-kreplak","tag-la-noche-de-las-vacunas","tag-provincia"],"_links":{"self":[{"href":"https:\/\/www.visionweb.com.ar\/index.php?rest_route=\/wp\/v2\/posts\/4342","targetHints":{"allow":["GET"]}}],"collection":[{"href":"https:\/\/www.visionweb.com.ar\/index.php?rest_route=\/wp\/v2\/posts"}],"about":[{"href":"https:\/\/www.visionweb.com.ar\/index.php?rest_route=\/wp\/v2\/types\/post"}],"author":[{"embeddable":true,"href":"https:\/\/www.visionweb.com.ar\/index.php?rest_route=\/wp\/v2\/users\/4"}],"replies":[{"embeddable":true,"href":"https:\/\/www.visionweb.com.ar\/index.php?rest_route=%2Fwp%2Fv2%2Fcomments&post=4342"}],"version-history":[{"count":2,"href":"https:\/\/www.visionweb.com.ar\/index.php?rest_route=\/wp\/v2\/posts\/4342\/revisions"}],"predecessor-version":[{"id":4347,"href":"https:\/\/www.visionweb.com.ar\/index.php?rest_route=\/wp\/v2\/posts\/4342\/revisions\/4347"}],"wp:featuredmedia":[{"embeddable":true,"href":"https:\/\/www.visionweb.com.ar\/index.php?rest_route=\/wp\/v2\/media\/4346"}],"wp:attachment":[{"href":"https:\/\/www.visionweb.com.ar\/index.php?rest_route=%2Fwp%2Fv2%2Fmedia&parent=4342"}],"wp:term":[{"taxonomy":"category","embeddable":true,"href":"https:\/\/www.visionweb.com.ar\/index.php?rest_route=%2Fwp%2Fv2%2Fcategories&post=4342"},{"taxonomy":"post_tag","embeddable":true,"href":"https:\/\/www.visionweb.com.ar\/index.php?rest_route=%2Fwp%2Fv2%2Ftags&post=4342"}],"curies":[{"name":"wp","href":"https:\/\/api.w.org\/{rel}","templated":true}]}}