{"id":4337,"date":"2022-02-01T21:40:18","date_gmt":"2022-02-02T00:40:18","guid":{"rendered":"https:\/\/www.visionweb.com.ar\/?p=4337"},"modified":"2022-02-01T21:40:18","modified_gmt":"2022-02-02T00:40:18","slug":"el-elegido-para-ocupar-la-presidencia-del-bloque-oficialista-en-diputados","status":"publish","type":"post","link":"https:\/\/www.visionweb.com.ar\/?p=4337","title":{"rendered":"El \u201celegido\u201d para ocupar la presidencia del bloque oficialista en Diputados"},"content":{"rendered":"<p><em><strong>Es Germ\u00e1n Mart\u00ednez. Alberto Fern\u00e1ndez lo nombr\u00f3 como sucesor de M\u00e1ximo Kirchner, luego de su intempestiva renuncia al cargo. El legislador santafesino fue uno de los diputados que mostraron su apoyo al Gobierno tras el anuncio de entendimiento con el FMI.<\/strong><\/em><!--more--><\/p>\n<p><strong><img loading=\"lazy\" decoding=\"async\" class=\"size-full wp-image-4340 aligncenter\" src=\"https:\/\/www.visionweb.com.ar\/wp-content\/uploads\/2022\/02\/german-martinez.bmp\" alt=\"\" width=\"521\" height=\"442\" \/>E<\/strong>l presidente Alberto Fern\u00e1ndez anunci\u00f3 que el diputado nacional Germ\u00e1n Mart\u00ednez ser\u00e1 el sucesor de M\u00e1ximo Kirchner\u00a0como presidente del bloque oficialista en Diputados. Mart\u00ednez se autodefine como \u00abkirchnerista y peronista, sin contradicci\u00f3n\u00bb.<\/p>\n<p>Forma parte de las filas de la Corriente Nacional de la Militancia, la agrupaci\u00f3n kirchnerista que lidera Rossi, y que tambi\u00e9n integran los ministros Jorge Taiana y Daniel Filmus.<\/p>\n<p>El presidente Alberto Fern\u00e1ndez comunic\u00f3 su decisi\u00f3n antes de partir el martes de gira oficial a Rusia y China. Seg\u00fan hab\u00edan anticipado fuentes del oficialismo, el sucesor de M\u00e1ximo Kirchner \u00abtiene que buscar la cohesi\u00f3n en el Frente de Todos y seguir adelante con el trabajo pol\u00edtico y parlamentario que tiene por delante el Gobierno\u00bb.<\/p>\n<p>Germ\u00e1n Pedro Mart\u00ednez, diputado del Frente de Todos por Santa Fe, asumi\u00f3 en su banca en 2019 y es vicepresidente de la Comisi\u00f3n de Defensa de la C\u00e1mara de Diputados.\u00a0Defiende el entendimiento del Gobierno nacional con el staff del Fondo Monetario Internacional (FMI).<\/p>\n<p>El legislador santafesino fue uno de los diputados que mostraron su apoyo al Gobierno tras el anuncio de entendimiento con el Fondo Monetario Internacional. En ese sentido, Mart\u00ednez asegur\u00f3 que \u201clas diferencias son con los que crearon el problema y no entre los que buscamos solucionarlo\u201d.<\/p>\n<p>Despu\u00e9s de la reuni\u00f3n que mantuvo con el Presidente en la Quinta de Olivos, Sergio Massa,\u00a0aport\u00f3 nuevamente su perfil de disimular conflictos, y descart\u00f3 cualquier \u00abriesgo de fractura\u00bb a ra\u00edz de la renuncia de Kirchner y su carta abierta en la que blanque\u00f3 su rechazo al acuerdo con el FMI.<\/p>\n<p>\u00abLa carta (de M\u00e1ximo Kirchner) plantea que hay una unificaci\u00f3n del bloque mas all\u00e1 de los matices que puede haber sobre un tema u otro\u00bb, enfatiz\u00f3 Massa, en declaraciones a la prensa.<\/p>\n<p>En este sentido, tambi\u00e9n pidi\u00f3 \u00abtener una mirada de hombres de Estado\u00bb y \u00abpensar por encima de nuestras pelas y diferencias\u00bb porque \u00abuna cosa es la discusi\u00f3n interna en un espacio de gobierno y otra son los temas en los que el pa\u00eds est\u00e1 en juego\u00bb, exalt\u00f3 el titular de la C\u00e1mara de Diputados.<\/p>\n<p>Los candidatos que se vislumbraban para suceder a Kirchner fueron: Eduardo Vald\u00e9s, Jos\u00e9 Luis Gioja, Leandro Santoro, Cecilia Moreau, Carlos Heller, Victoria Tolosa Paz, pero quedaron en conversaciones.<\/p>\n<p>Mart\u00ednez que es el menos conocido, fue el electo, por cumplir con algunas de las condiciones para desempe\u00f1ar el rol de jefe de bloque. <strong>(VW)<\/strong><\/p>\n<p>&nbsp;<\/p>\n","protected":false},"excerpt":{"rendered":"<p>Es Germ\u00e1n Mart\u00ednez. Alberto Fern\u00e1ndez lo nombr\u00f3 como sucesor de M\u00e1ximo Kirchner, luego de su intempestiva renuncia al cargo. El legislador santafesino fue uno de los diputados que mostraron su apoyo al Gobierno tras&#46;&#46;&#46;<\/p>\n","protected":false},"author":4,"featured_media":4340,"comment_status":"closed","ping_status":"closed","sticky":false,"template":"","format":"standard","meta":{"_monsterinsights_skip_tracking":false,"_monsterinsights_sitenote_active":false,"_monsterinsights_sitenote_note":"","_monsterinsights_sitenote_category":0,"footnotes":""},"categories":[4],"tags":[1722,1723,1555,1724],"class_list":["post-4337","post","type-post","status-publish","format-standard","has-post-thumbnail","hentry","category-politica","tag-bloque-fdt-diputados","tag-german-martinez","tag-maximo-kirchner","tag-renuncia"],"_links":{"self":[{"href":"https:\/\/www.visionweb.com.ar\/index.php?rest_route=\/wp\/v2\/posts\/4337","targetHints":{"allow":["GET"]}}],"collection":[{"href":"https:\/\/www.visionweb.com.ar\/index.php?rest_route=\/wp\/v2\/posts"}],"about":[{"href":"https:\/\/www.visionweb.com.ar\/index.php?rest_route=\/wp\/v2\/types\/post"}],"author":[{"embeddable":true,"href":"https:\/\/www.visionweb.com.ar\/index.php?rest_route=\/wp\/v2\/users\/4"}],"replies":[{"embeddable":true,"href":"https:\/\/www.visionweb.com.ar\/index.php?rest_route=%2Fwp%2Fv2%2Fcomments&post=4337"}],"version-history":[{"count":2,"href":"https:\/\/www.visionweb.com.ar\/index.php?rest_route=\/wp\/v2\/posts\/4337\/revisions"}],"predecessor-version":[{"id":4341,"href":"https:\/\/www.visionweb.com.ar\/index.php?rest_route=\/wp\/v2\/posts\/4337\/revisions\/4341"}],"wp:featuredmedia":[{"embeddable":true,"href":"https:\/\/www.visionweb.com.ar\/index.php?rest_route=\/wp\/v2\/media\/4340"}],"wp:attachment":[{"href":"https:\/\/www.visionweb.com.ar\/index.php?rest_route=%2Fwp%2Fv2%2Fmedia&parent=4337"}],"wp:term":[{"taxonomy":"category","embeddable":true,"href":"https:\/\/www.visionweb.com.ar\/index.php?rest_route=%2Fwp%2Fv2%2Fcategories&post=4337"},{"taxonomy":"post_tag","embeddable":true,"href":"https:\/\/www.visionweb.com.ar\/index.php?rest_route=%2Fwp%2Fv2%2Ftags&post=4337"}],"curies":[{"name":"wp","href":"https:\/\/api.w.org\/{rel}","templated":true}]}}