{"id":4331,"date":"2022-01-31T13:25:34","date_gmt":"2022-01-31T16:25:34","guid":{"rendered":"https:\/\/www.visionweb.com.ar\/?p=4331"},"modified":"2022-01-31T13:25:34","modified_gmt":"2022-01-31T16:25:34","slug":"continua-el-programa-ahora-12-hasta-junio","status":"publish","type":"post","link":"https:\/\/www.visionweb.com.ar\/?p=4331","title":{"rendered":"Contin\u00faa el programa Ahora 12 hasta junio"},"content":{"rendered":"<p><em><strong>El Gobierno extendi\u00f3 hasta el 30 de junio pr\u00f3ximo el programa Ahora 12, con los planes de 3, 6, 12 y 24 cuotas, pero sin la financiaci\u00f3n en 30 cuotas.\u00a0No estar\u00e1 incluida la compra de tel\u00e9fonos celulares.<\/strong><\/em><!--more--><\/p>\n<p><em><strong><img loading=\"lazy\" decoding=\"async\" class=\"size-full wp-image-4334 aligncenter\" src=\"https:\/\/www.visionweb.com.ar\/wp-content\/uploads\/2022\/01\/ahora-12.bmp\" alt=\"\" width=\"594\" height=\"348\" \/>\u00a0<\/strong><\/em>\u00a0\u00a0\u00a0\u00a0 <strong>E<\/strong>l Gobierno decidi\u00f3 continuar con el programa de financiaci\u00f3n con tarjeta de cr\u00e9dito \u00abAhora 12\u00bb con la finalidad de fomentar el consumo y la producci\u00f3n de bienes y servicios. Seg\u00fan lo dispuesto,\u00a0se van a mantener los planes de 3, 6, 12 y 24 cuotas, pero atenci\u00f3n porque llevan una tasa nominal anual del 31% en los tres primeros y del 36% en los dos restantes.<\/p>\n<p>La decisi\u00f3n se formaliz\u00f3 por medio de la resoluci\u00f3n 34\/2022 de la Secretar\u00eda de Comercio Interior, publicada este lunes en el Bolet\u00edn Oficial con la firma de su titular,\u00a0Roberto Feletti.<\/p>\n<p>El programa venc\u00eda este lunes, pero el Ejecutivo decidi\u00f3 su pr\u00f3rroga, con la aclaraci\u00f3n de que ese plazo tambi\u00e9n podr\u00e1 extenderse nuevamente.<\/p>\n<p>Entre los productos involucrados,\u00a0estar\u00e1n disponibles anteojos recetados y lentes de contacto, hasta un tope de $20.000, y compra de motos hasta un valor que no supere los $300.000. Pero no est\u00e1 incluida la compra de aparatos celulares.<\/p>\n<p>Cabe recordar adem\u00e1s, que el l\u00edmite disponible para esas financiaciones en cuotas \u00abestar\u00e1 determinado por aquel tope que haya convenido la emisora de la Tarjeta de Cr\u00e9dito con cada uno de sus usuarios y\/o consumidores\u00bb, conforme indica el texto oficial de la medida.<\/p>\n<p>Por su parte, los proveedores y\/o comercios, en las operaciones realizadas a trav\u00e9s de tarjetas de cr\u00e9dito podr\u00e1n elegir: cobrar en un plazo de 60 d\u00edas corridos con una tasa m\u00e1xima de descuento del 10,71% o en un plazo de hasta diez d\u00edas h\u00e1biles con una tasa del 13,94%, para las ventas realizadas con la modalidad de 12 cuotas.<\/p>\n<p><a href=\"https:\/\/www.visionweb.com.ar\/wp-content\/uploads\/2022\/01\/galerias-pacifico.bmp\"><img loading=\"lazy\" decoding=\"async\" class=\"size-full wp-image-4335 aligncenter\" src=\"https:\/\/www.visionweb.com.ar\/wp-content\/uploads\/2022\/01\/galerias-pacifico.bmp\" alt=\"\" width=\"510\" height=\"361\" \/><\/a>En la Resoluci\u00f3n, Comercio Interior destac\u00f3 que diversas c\u00e1maras y asociaciones empresariales \u00abmanifestaron la centralidad del Programa Ahora 12 y su relevancia en torno a la dinamizaci\u00f3n del consumo interno, la producci\u00f3n de bienes en la industria local, la recuperaci\u00f3n de la actividad de las peque\u00f1as y medianas empresas, as\u00ed como la consecuente generaci\u00f3n de empleo\u00bb.<\/p>\n<p>La decisi\u00f3n de dejar sin efecto el plan de 30 cuotas se bas\u00f3 en que en los monitoreos peri\u00f3dicos de Comercio Interior \u00abse evidenci\u00f3 una baja incidencia en la utilizaci\u00f3n de financiamiento para la adquisici\u00f3n de bienes y servicios\u00bb en ese plazo, seg\u00fan los considerandos de la norma.<\/p>\n<p>Y por el contrario, \u00abfue posible detectar que el uso de la modalidad de financiaci\u00f3n en 24 cuotas fijas por parte de las y los consumidores mostr\u00f3 un incremento sostenido en su participaci\u00f3n\u00bb, se detall\u00f3 en la resoluci\u00f3n. <strong>(VW)<\/strong><\/p>\n","protected":false},"excerpt":{"rendered":"<p>El Gobierno extendi\u00f3 hasta el 30 de junio pr\u00f3ximo el programa Ahora 12, con los planes de 3, 6, 12 y 24 cuotas, pero sin la financiaci\u00f3n en 30 cuotas.\u00a0No estar\u00e1 incluida la compra&#46;&#46;&#46;<\/p>\n","protected":false},"author":4,"featured_media":4335,"comment_status":"closed","ping_status":"closed","sticky":false,"template":"","format":"standard","meta":{"_monsterinsights_skip_tracking":false,"_monsterinsights_sitenote_active":false,"_monsterinsights_sitenote_note":"","_monsterinsights_sitenote_category":0,"footnotes":""},"categories":[6],"tags":[609,1711,484,271,217],"class_list":["post-4331","post","type-post","status-publish","format-standard","has-post-thumbnail","hentry","category-economia","tag-ahora-12","tag-cuotas","tag-extension","tag-programa","tag-tasas"],"_links":{"self":[{"href":"https:\/\/www.visionweb.com.ar\/index.php?rest_route=\/wp\/v2\/posts\/4331","targetHints":{"allow":["GET"]}}],"collection":[{"href":"https:\/\/www.visionweb.com.ar\/index.php?rest_route=\/wp\/v2\/posts"}],"about":[{"href":"https:\/\/www.visionweb.com.ar\/index.php?rest_route=\/wp\/v2\/types\/post"}],"author":[{"embeddable":true,"href":"https:\/\/www.visionweb.com.ar\/index.php?rest_route=\/wp\/v2\/users\/4"}],"replies":[{"embeddable":true,"href":"https:\/\/www.visionweb.com.ar\/index.php?rest_route=%2Fwp%2Fv2%2Fcomments&post=4331"}],"version-history":[{"count":2,"href":"https:\/\/www.visionweb.com.ar\/index.php?rest_route=\/wp\/v2\/posts\/4331\/revisions"}],"predecessor-version":[{"id":4336,"href":"https:\/\/www.visionweb.com.ar\/index.php?rest_route=\/wp\/v2\/posts\/4331\/revisions\/4336"}],"wp:featuredmedia":[{"embeddable":true,"href":"https:\/\/www.visionweb.com.ar\/index.php?rest_route=\/wp\/v2\/media\/4335"}],"wp:attachment":[{"href":"https:\/\/www.visionweb.com.ar\/index.php?rest_route=%2Fwp%2Fv2%2Fmedia&parent=4331"}],"wp:term":[{"taxonomy":"category","embeddable":true,"href":"https:\/\/www.visionweb.com.ar\/index.php?rest_route=%2Fwp%2Fv2%2Fcategories&post=4331"},{"taxonomy":"post_tag","embeddable":true,"href":"https:\/\/www.visionweb.com.ar\/index.php?rest_route=%2Fwp%2Fv2%2Ftags&post=4331"}],"curies":[{"name":"wp","href":"https:\/\/api.w.org\/{rel}","templated":true}]}}