{"id":4319,"date":"2022-01-28T14:06:51","date_gmt":"2022-01-28T17:06:51","guid":{"rendered":"https:\/\/www.visionweb.com.ar\/?p=4319"},"modified":"2022-01-28T14:06:51","modified_gmt":"2022-01-28T17:06:51","slug":"verano-en-lanus-actividades-en-febrero-para-toda-la-familia","status":"publish","type":"post","link":"https:\/\/www.visionweb.com.ar\/?p=4319","title":{"rendered":"\u201cVerano en Lan\u00fas\u201d: Actividades en febrero para toda la familia"},"content":{"rendered":"<p><em><strong>Desde las \u00e1reas de Cultura, Deportes y Desarrollo Social de la Comuna, en febrero continuar\u00e1n las actividades art\u00edsticas y recreativas libres y gratuitas.<\/strong><\/em><!--more--><\/p>\n<p><strong><img loading=\"lazy\" decoding=\"async\" class=\"size-medium wp-image-4322 alignright\" src=\"https:\/\/www.visionweb.com.ar\/wp-content\/uploads\/2022\/01\/lanus-vernano-actividades-300x200.jpg\" alt=\"\" width=\"300\" height=\"200\" srcset=\"https:\/\/www.visionweb.com.ar\/wp-content\/uploads\/2022\/01\/lanus-vernano-actividades-300x200.jpg 300w, https:\/\/www.visionweb.com.ar\/wp-content\/uploads\/2022\/01\/lanus-vernano-actividades.jpg 615w\" sizes=\"auto, (max-width: 300px) 100vw, 300px\" \/>C<\/strong>omo parte del programa Verano en Lan\u00fas, en febrero el Municipio ofrecer\u00e1 a las familias la posibilidad de disfrutar y compartir el tiempo libre en todos los barrios del distrito, previo al inicio del ciclo lectivo 2022. Habr\u00e1 cine, musicales, deportes y actividades culturales, para todas las edades.<\/p>\n<p>Tras un enero con amplia participaci\u00f3n de vecinos, el \u00e1rea de Cultura desplegar\u00e1 cada fin de semana una variada agenda de actividades con shows infantiles, cine m\u00f3vil, espect\u00e1culos musicales y kermesse, conforme indic\u00f3 Prensa de Lan\u00fas.<\/p>\n<p>El vel\u00f3dromo tambi\u00e9n continuar\u00e1 con un amplio programa de torneos deportivos de beach rugby seven, beach handball , beach v\u00f3ley, f\u00fatbol playa y\u00a0 femenino y skate, que concluir\u00e1n el fin de semana del 12 y 13 de febrero.<\/p>\n<p>Lo mismo ocurrir\u00e1 para quienes deseen mantenerse en buena forma f\u00edsica, y decidan sumarse en febrero al programa Moverse es Salud para mayores de 18 a\u00f1os o a las clases de funcional, mu\u00e9velo y aquagym.<\/p>\n<p>Programa de actividades culturales:<\/p>\n<p><strong>5\/02 &#8211; <\/strong>Vel\u00f3dromo<\/p>\n<p>17.15 Show infantil \u00abDiversi\u00f3n en acci\u00f3n\u00bb<\/p>\n<p>18.30 Cine M\u00f3vil: \u00abTadeo el explorador perdido 2\u00bb<\/p>\n<p>Plaza Ricardo Rojas (Bustamante y Damonte, Gerli)<\/p>\n<p>18 hs Show infantil \u00abGerm\u00e1n el titiritero\u00bb<\/p>\n<p>18.30 Cine M\u00f3vil: \u00abTadeo el explorador perdido 2\u00bb<\/p>\n<p>#PATIO (25 de Mayo 131, lan\u00fas oeste)<\/p>\n<p>19 hs &#8211; Batal\u00e1, Locademia del ritmo, Acuarela<\/p>\n<p><strong>6\/02 &#8211; <\/strong>Vel\u00f3dromo<\/p>\n<p>18.30 Cine M\u00f3vil \u00abUn amigo abominable\u00bb<\/p>\n<p>Plaza Ricardo Rojas (Bustamante y Damonte, Gerli)<\/p>\n<p>17 a 20 hs Kermesse<\/p>\n<p><strong>12\/02 &#8211; <\/strong>Vel\u00f3dromo<\/p>\n<p>17.15\u00a0 Show infantil \u00abLa esquina verde\u00bb<\/p>\n<p>18.30 Cine M\u00f3vil \u00abLa vida secreta de tus mascotas 2\u00bb<\/p>\n<p>Plaza San Mart\u00edn (ocampo, Plaul, Balcarce y E. Fernandez)<\/p>\n<p>18 Show infantil \u00abEl Mago Lorenzo\u00bb<\/p>\n<p>18.30 Cine M\u00f3vil \u00abLa vida secreta de tus mascotas 2\u00bb<\/p>\n<p>#PATIO (25 de Mayo 131, lan\u00fas oeste)<\/p>\n<p>19 hs- Videocassettess<\/p>\n<p>20 hs &#8211; REOT<\/p>\n<p><strong>13\/02 &#8211; <\/strong>Vel\u00f3dromo<\/p>\n<p>18.30 Cine M\u00f3vil \u00abParque M\u00e1gico\u00bb<\/p>\n<p>Plaza San Mart\u00edn (ocampo, Plaul, Balcarce y E. Fernandez)<\/p>\n<p>17 a 20 hs Kermesse<\/p>\n<p><strong>19\/02<\/strong> Vel\u00f3dromo<\/p>\n<p>17.15 Show infantil \u00abDiversi\u00f3n en acci\u00f3n\u00bb<\/p>\n<p>18.30 Cine M\u00f3vil: \u00abJurassic World: el re\u00edno ca\u00eddo\u00bb<\/p>\n<p>Plaza Villa obrera (Eva Per\u00f3n &#8211; Pergamino &#8211; Tucum\u00e1n &#8211; Villa de luj\u00e1n)<\/p>\n<p>18 Show infantil \u00abEl Mago Lorenzo\u00bb<\/p>\n<p>18.30\u00a0 Cine M\u00f3vil\u00a0 \u00abJurassic World: el re\u00edno ca\u00eddo\u00bb<\/p>\n<p>#PATIO (25 de Mayo 131, lan\u00fas oeste)<\/p>\n<p>19 hs- Daira y los Tripulantes<\/p>\n<p>20 hs &#8211; Inconsciente<\/p>\n<p><strong>20\/02 <\/strong>Vel\u00f3dromo<\/p>\n<p>18.30\u00a0 Cine M\u00f3vil \u00abTransformers: el \u00faltimo caballero\u00bb<\/p>\n<p>Plaza Villa obrera (Eva Per\u00f3n &#8211; Pergamino &#8211; Tucum\u00e1n &#8211; Villa de luj\u00e1n)<\/p>\n<p>17 a 20 hs Kermesse<\/p>\n<p><strong>26\/02 <\/strong>Vel\u00f3dromo<\/p>\n<p>17.15 Show infantil \u00abDiversi\u00f3n en acci\u00f3n\u00bb<\/p>\n<p>18.30 Cine M\u00f3vil: \u00abMi villano favorito 3\u00bb<\/p>\n<p>Plaza Primero de Mayo (Per\u00f3n y Oliden, V. A)<\/p>\n<p>18 hs Show infantil \u00abAve F\u00e9nix\u00bb<\/p>\n<p>18.30 hs Cine M\u00f3vil \u00abMi villano favorito 3\u00bb<\/p>\n<p>#PATIO (25 de Mayo 131, lan\u00fas oeste)<\/p>\n<p><strong>Carnaval\u00a0<\/strong><\/p>\n<p><strong>27\/02 <\/strong>Vel\u00f3dromo<\/p>\n<p>18.30\u00a0 Cine M\u00f3vil \u00abR\u00e1pidos y Furiosos: Hobbs and Shaw\u00bb<\/p>\n<p>Plaza Primero de Mayo (Per\u00f3n y Oliden, V. A)<\/p>\n<p>17 a 20 hs Kermesse<\/p>\n<p>Por su parte, la Colonia de Verano que funciona en el Parque Eva Per\u00f3n concluir\u00e1 sus actividades el \u00faltimo fin de semana de enero, en funci\u00f3n del calendario escolar. <strong>(VW)<\/strong><\/p>\n","protected":false},"excerpt":{"rendered":"<p>Desde las \u00e1reas de Cultura, Deportes y Desarrollo Social de la Comuna, en febrero continuar\u00e1n las actividades art\u00edsticas y recreativas libres y gratuitas.<\/p>\n","protected":false},"author":4,"featured_media":4322,"comment_status":"closed","ping_status":"closed","sticky":false,"template":"","format":"standard","meta":{"_monsterinsights_skip_tracking":false,"_monsterinsights_sitenote_active":false,"_monsterinsights_sitenote_note":"","_monsterinsights_sitenote_category":0,"footnotes":""},"categories":[8],"tags":[1719,139,147,1543],"class_list":["post-4319","post","type-post","status-publish","format-standard","has-post-thumbnail","hentry","category-interes-general","tag-actividades-febrero","tag-cultura","tag-deportes","tag-verano-en-lanus"],"_links":{"self":[{"href":"https:\/\/www.visionweb.com.ar\/index.php?rest_route=\/wp\/v2\/posts\/4319","targetHints":{"allow":["GET"]}}],"collection":[{"href":"https:\/\/www.visionweb.com.ar\/index.php?rest_route=\/wp\/v2\/posts"}],"about":[{"href":"https:\/\/www.visionweb.com.ar\/index.php?rest_route=\/wp\/v2\/types\/post"}],"author":[{"embeddable":true,"href":"https:\/\/www.visionweb.com.ar\/index.php?rest_route=\/wp\/v2\/users\/4"}],"replies":[{"embeddable":true,"href":"https:\/\/www.visionweb.com.ar\/index.php?rest_route=%2Fwp%2Fv2%2Fcomments&post=4319"}],"version-history":[{"count":2,"href":"https:\/\/www.visionweb.com.ar\/index.php?rest_route=\/wp\/v2\/posts\/4319\/revisions"}],"predecessor-version":[{"id":4323,"href":"https:\/\/www.visionweb.com.ar\/index.php?rest_route=\/wp\/v2\/posts\/4319\/revisions\/4323"}],"wp:featuredmedia":[{"embeddable":true,"href":"https:\/\/www.visionweb.com.ar\/index.php?rest_route=\/wp\/v2\/media\/4322"}],"wp:attachment":[{"href":"https:\/\/www.visionweb.com.ar\/index.php?rest_route=%2Fwp%2Fv2%2Fmedia&parent=4319"}],"wp:term":[{"taxonomy":"category","embeddable":true,"href":"https:\/\/www.visionweb.com.ar\/index.php?rest_route=%2Fwp%2Fv2%2Fcategories&post=4319"},{"taxonomy":"post_tag","embeddable":true,"href":"https:\/\/www.visionweb.com.ar\/index.php?rest_route=%2Fwp%2Fv2%2Ftags&post=4319"}],"curies":[{"name":"wp","href":"https:\/\/api.w.org\/{rel}","templated":true}]}}