{"id":4305,"date":"2022-01-28T08:43:06","date_gmt":"2022-01-28T11:43:06","guid":{"rendered":"https:\/\/www.visionweb.com.ar\/?p=4305"},"modified":"2022-01-28T08:43:06","modified_gmt":"2022-01-28T11:43:06","slug":"acusan-a-kicillof-de-mirar-para-otro-lado-frente-a-la-ocupacion-ilegal-de-tierras","status":"publish","type":"post","link":"https:\/\/www.visionweb.com.ar\/?p=4305","title":{"rendered":"Acusan a Kicillof de \u00abmirar para otro lado\u00bb frente a la ocupaci\u00f3n ilegal de tierras"},"content":{"rendered":"<p><em><strong><span class=\"_2PHJq public-DraftStyleDefault-ltr\">Se trata de predios que no tienen acceso formal a la red de energ\u00eda el\u00e9ctrica y, entre otras problem\u00e1ticas, acumulan basura porque no hay calles transitables por las que puedan pasar los camiones recolectores.<\/span><\/strong><\/em><br \/>\n<!--more--><\/p>\n<div id=\"attachment_4307\" style=\"width: 310px\" class=\"wp-caption alignright\"><img loading=\"lazy\" decoding=\"async\" aria-describedby=\"caption-attachment-4307\" class=\"wp-image-4307 size-medium\" src=\"https:\/\/www.visionweb.com.ar\/wp-content\/uploads\/2022\/01\/Ocupacion-de-tierras-300x165.png\" alt=\"\" width=\"300\" height=\"165\" srcset=\"https:\/\/www.visionweb.com.ar\/wp-content\/uploads\/2022\/01\/Ocupacion-de-tierras-300x165.png 300w, https:\/\/www.visionweb.com.ar\/wp-content\/uploads\/2022\/01\/Ocupacion-de-tierras.png 640w\" sizes=\"auto, (max-width: 300px) 100vw, 300px\" \/><p id=\"caption-attachment-4307\" class=\"wp-caption-text\">Preocupa la ocupaci\u00f3n de tierras en distintas zonas de Buenos Aires<\/p><\/div>\n<p><strong>L<\/strong>os diputados nacionales de Juntos por el Cambio, Diego Santilli y Cristian Ritondo, cuestionaron al Gobernador Axel Kicillof por \u201clas usurpaciones en la Provincia de Buenos Aires\u201d y le pidieron que \u201cponga un freno\u201d a la ocupaci\u00f3n ilegal,\u00a0frente a la problem\u00e1tica de la usurpaci\u00f3n de tierras en la Provincia de Buenos Aires.<\/p>\n<p>En ese sentido, el presidente del bloque del Pro en la C\u00e1mara baja, Cristian Ritondo, sostuvo que \u00abhace dos a\u00f1os que la toma indiscriminada de tierras avanza sin que Kicillof le ponga un freno\u00bb, inform\u00f3 la agencia de noticias PBA.<\/p>\n<p>Asimismo, el ex ministro de Seguridad bonaerense durante la gesti\u00f3n de la exgobernadora Mar\u00eda Eugenia Vidal (2015-2019), destac\u00f3 a esta agencia la confecci\u00f3n de proyecto de resoluci\u00f3n elaborado por el bloque de Juntos por el Cambio donde expresan su preocupaci\u00f3n \u201cfrente a las constantes tomas de tierras en la capital provincial\u201d<\/p>\n<p>En las \u00faltimas horas, se vivieron momentos de tensi\u00f3n en La Plata cuando la polic\u00eda bonaerense desaloj\u00f3 una toma de tierras en el Barrio Aeropuerto.<\/p>\n<p id=\"viewer-6mc4f\" class=\"mm8Nw _1j-51 _1atvN _1FoOD _3M0Fe _2WrB- _1atvN public-DraftStyleDefault-block-depth0 fixed-tab-size public-DraftStyleDefault-text-ltr\"><span class=\"_2PHJq public-DraftStyleDefault-ltr\"><strong>\u00ab<\/strong>Los bonaerenses quedamos sometidos a las mafias protegidas por sectores del oficialismo\u00bb, critic\u00f3 Ritondo. <\/span><\/p>\n<p id=\"viewer-1ddk\" class=\"mm8Nw _1j-51 _1atvN _1FoOD _3M0Fe _2WrB- _1atvN public-DraftStyleDefault-block-depth0 fixed-tab-size public-DraftStyleDefault-text-ltr\"><span class=\"_2PHJq public-DraftStyleDefault-ltr\">De acuerdo con los datos oficiales, actualmente existen \u2013 en La Plata, Ensenada y Berisso &#8211; unas 40 tomas activas que comprometen unas 250 hect\u00e1reas. Se trata de predios que no tienen acceso formal a la red de energ\u00eda el\u00e9ctrica y, entre otras problem\u00e1ticas, acumulan basura porque no hay calles transitables por las que puedan pasar los camiones recolectores<strong>(VW)<\/strong>.<\/span><\/p>\n<p>&nbsp;<\/p>\n","protected":false},"excerpt":{"rendered":"<p>Se trata de predios que no tienen acceso formal a la red de energ\u00eda el\u00e9ctrica y, entre otras problem\u00e1ticas, acumulan basura porque no hay calles transitables por las que puedan pasar los camiones recolectores.<\/p>\n","protected":false},"author":3,"featured_media":4307,"comment_status":"closed","ping_status":"closed","sticky":false,"template":"","format":"standard","meta":{"_monsterinsights_skip_tracking":false,"_monsterinsights_sitenote_active":false,"_monsterinsights_sitenote_note":"","_monsterinsights_sitenote_category":0,"footnotes":""},"categories":[4],"tags":[167,95,1713],"class_list":["post-4305","post","type-post","status-publish","format-standard","has-post-thumbnail","hentry","category-politica","tag-kicillof","tag-la-plata","tag-ocupacion-de-tierras"],"_links":{"self":[{"href":"https:\/\/www.visionweb.com.ar\/index.php?rest_route=\/wp\/v2\/posts\/4305","targetHints":{"allow":["GET"]}}],"collection":[{"href":"https:\/\/www.visionweb.com.ar\/index.php?rest_route=\/wp\/v2\/posts"}],"about":[{"href":"https:\/\/www.visionweb.com.ar\/index.php?rest_route=\/wp\/v2\/types\/post"}],"author":[{"embeddable":true,"href":"https:\/\/www.visionweb.com.ar\/index.php?rest_route=\/wp\/v2\/users\/3"}],"replies":[{"embeddable":true,"href":"https:\/\/www.visionweb.com.ar\/index.php?rest_route=%2Fwp%2Fv2%2Fcomments&post=4305"}],"version-history":[{"count":1,"href":"https:\/\/www.visionweb.com.ar\/index.php?rest_route=\/wp\/v2\/posts\/4305\/revisions"}],"predecessor-version":[{"id":4308,"href":"https:\/\/www.visionweb.com.ar\/index.php?rest_route=\/wp\/v2\/posts\/4305\/revisions\/4308"}],"wp:featuredmedia":[{"embeddable":true,"href":"https:\/\/www.visionweb.com.ar\/index.php?rest_route=\/wp\/v2\/media\/4307"}],"wp:attachment":[{"href":"https:\/\/www.visionweb.com.ar\/index.php?rest_route=%2Fwp%2Fv2%2Fmedia&parent=4305"}],"wp:term":[{"taxonomy":"category","embeddable":true,"href":"https:\/\/www.visionweb.com.ar\/index.php?rest_route=%2Fwp%2Fv2%2Fcategories&post=4305"},{"taxonomy":"post_tag","embeddable":true,"href":"https:\/\/www.visionweb.com.ar\/index.php?rest_route=%2Fwp%2Fv2%2Ftags&post=4305"}],"curies":[{"name":"wp","href":"https:\/\/api.w.org\/{rel}","templated":true}]}}