{"id":4289,"date":"2022-01-27T11:45:24","date_gmt":"2022-01-27T14:45:24","guid":{"rendered":"https:\/\/www.visionweb.com.ar\/?p=4289"},"modified":"2022-01-27T11:48:06","modified_gmt":"2022-01-27T14:48:06","slug":"sobre-el-cierre-de-enero-los-destinos-turisticos-nacionales-muestran-plena-ocupacion","status":"publish","type":"post","link":"https:\/\/www.visionweb.com.ar\/?p=4289","title":{"rendered":"Los destinos tur\u00edsticos nacionales muestran plena ocupaci\u00f3n sobre el cierre de enero 2022"},"content":{"rendered":"<p><strong><em>Muchas familias prefirieron tomarse una semana o 10 d\u00edas, en vez de una quincena para descansar. La costa atl\u00e1ntica es uno de los destinos m\u00e1s elegidos.<\/em><\/strong> <!--more--><\/p>\n<div id=\"attachment_4291\" style=\"width: 310px\" class=\"wp-caption alignright\"><img loading=\"lazy\" decoding=\"async\" aria-describedby=\"caption-attachment-4291\" class=\"wp-image-4291 size-medium\" src=\"https:\/\/www.visionweb.com.ar\/wp-content\/uploads\/2022\/01\/LAS-PLAYAS-BONAERENSES-300x225.jpg\" alt=\"\" width=\"300\" height=\"225\" srcset=\"https:\/\/www.visionweb.com.ar\/wp-content\/uploads\/2022\/01\/LAS-PLAYAS-BONAERENSES-300x225.jpg 300w, https:\/\/www.visionweb.com.ar\/wp-content\/uploads\/2022\/01\/LAS-PLAYAS-BONAERENSES-768x576.jpg 768w, https:\/\/www.visionweb.com.ar\/wp-content\/uploads\/2022\/01\/LAS-PLAYAS-BONAERENSES-320x240.jpg 320w, https:\/\/www.visionweb.com.ar\/wp-content\/uploads\/2022\/01\/LAS-PLAYAS-BONAERENSES.jpg 800w\" sizes=\"auto, (max-width: 300px) 100vw, 300px\" \/><p id=\"caption-attachment-4291\" class=\"wp-caption-text\"><strong><em>Una de las playas de Mar del Sud, esta temporada una de las m\u00e1s elegidas (Foto Visi\u00f3nweb) <\/em><\/strong><\/p><\/div>\n<p><strong>L<\/strong>as restricciones a la venta de moneda extranjera, sumado a los recargos a la venta de pasajes con destino al exterior, que alcanza al 65% , desalent\u00f3 la elecci\u00f3n de realizar turismo fuera de la Argentina a la mayor\u00eda de los connacionales, por lo que las preferencias para vacacionar se concentraron en los destinos locales<\/p>\n<p>\u00abLos destinos tur\u00edsticos del pa\u00eds durante esta temporada de verano est\u00e1n pr\u00e1cticamente al 100%\u00bb, lo que muestra el deseo enorme de toda la poblaci\u00f3n, indistintamente de donde se viva, para salir a vacacionar\u00bb, explic\u00f3 el\u00a0 vicepresidente primero de la C\u00e1mara Inmobiliaria de la Argentina, Ricardo Fern\u00e1ndez.<\/p>\n<p>En declaraciones radiales de este mi\u00e9rcoles, Fern\u00e1ndez asegur\u00f3 que pr\u00e1cticamente todos los destinos est\u00e1n completos, como el partido de \u00abLa Costa, que la integran 13 localidades balnearias\u00bb, mientras que \u00abPinamar y Caril\u00f3 est\u00e1n al 95-96% de ocupaci\u00f3n. Se ha reactivo mucho la econom\u00eda en todos los destinos tur\u00edsticos\u00bb.<\/p>\n<p>Respecto de las perspectivas para febrero, y de acuerdo a lo que le transmiten los martilleros asociados a la C\u00e1mara, \u00abhay un 80% de reservas en el Partido de la Costa mientras que el distrito de Pinamar est\u00e1 en el 85%\u00bb.<\/p>\n<p>\u00abHay un deseo importante de toda la poblaci\u00f3n por salir, independiente de donde se viva, por vacacionar despu\u00e9s de casi dos a\u00f1os de la pandemia del coronavirus\u00bb, destac\u00f3 a la radio marplatense LU6.<\/p>\n<p>\u00abDespu\u00e9s de marzo de 2020 hemos modificado nuestras vidas, nuestras costumbres y bastante bien nos aclimatamos\u00bb, <strong>public\u00f3 T\u00e9lam<\/strong>.<\/p>\n<p>En ese marco, dijo \u00abhay una necesidad imperiosa de salir, de descansar, de distenderse, a pesar de que los alquileres aumentaron en valor precio pr\u00e1cticamente un 50% con respecto a la temporada anterior\u00bb.<\/p>\n<p>Asimismo, dijo que \u00aben todo caso aquel que vacacionaba una quincena, resolvi\u00f3 tomarse una semana, o diez d\u00edas, pero sale a descansar\u00bb.<\/p>\n<p>Al referirse a la gran cantidad de gente que esta vacacionando expres\u00f3 que \u00abel PreViaje fue una acci\u00f3n muy importante que ayudo much\u00edsimo a incrementar el turismo, a reactivar la econom\u00eda en todos los destinos\u00bb. \u00abAntes, destinos como Costa del Este, Costa Esmeralda y Caril\u00f3, que rondaban el 70-75%, pasaron a tener m\u00e1s del 90% en ocupaci\u00f3n y es gente que antes veraneaba en el pa\u00eds vecino (Brasil) o en Europa\u00bb, concluy\u00f3<strong>(VW)<\/strong>.<\/p>\n","protected":false},"excerpt":{"rendered":"<p>Muchas familias prefirieron tomarse una semana o 10 d\u00edas, en vez de una quincena para descansar. La costa atl\u00e1ntica es uno de los destinos m\u00e1s elegidos.<\/p>\n","protected":false},"author":3,"featured_media":4291,"comment_status":"closed","ping_status":"closed","sticky":false,"template":"","format":"standard","meta":{"_monsterinsights_skip_tracking":false,"_monsterinsights_sitenote_active":false,"_monsterinsights_sitenote_note":"","_monsterinsights_sitenote_category":0,"footnotes":""},"categories":[700],"tags":[1707,10,1550,50],"class_list":["post-4289","post","type-post","status-publish","format-standard","has-post-thumbnail","hentry","category-turismo","tag-pasajes","tag-playas","tag-vacaciones","tag-viajes"],"_links":{"self":[{"href":"https:\/\/www.visionweb.com.ar\/index.php?rest_route=\/wp\/v2\/posts\/4289","targetHints":{"allow":["GET"]}}],"collection":[{"href":"https:\/\/www.visionweb.com.ar\/index.php?rest_route=\/wp\/v2\/posts"}],"about":[{"href":"https:\/\/www.visionweb.com.ar\/index.php?rest_route=\/wp\/v2\/types\/post"}],"author":[{"embeddable":true,"href":"https:\/\/www.visionweb.com.ar\/index.php?rest_route=\/wp\/v2\/users\/3"}],"replies":[{"embeddable":true,"href":"https:\/\/www.visionweb.com.ar\/index.php?rest_route=%2Fwp%2Fv2%2Fcomments&post=4289"}],"version-history":[{"count":3,"href":"https:\/\/www.visionweb.com.ar\/index.php?rest_route=\/wp\/v2\/posts\/4289\/revisions"}],"predecessor-version":[{"id":4294,"href":"https:\/\/www.visionweb.com.ar\/index.php?rest_route=\/wp\/v2\/posts\/4289\/revisions\/4294"}],"wp:featuredmedia":[{"embeddable":true,"href":"https:\/\/www.visionweb.com.ar\/index.php?rest_route=\/wp\/v2\/media\/4291"}],"wp:attachment":[{"href":"https:\/\/www.visionweb.com.ar\/index.php?rest_route=%2Fwp%2Fv2%2Fmedia&parent=4289"}],"wp:term":[{"taxonomy":"category","embeddable":true,"href":"https:\/\/www.visionweb.com.ar\/index.php?rest_route=%2Fwp%2Fv2%2Fcategories&post=4289"},{"taxonomy":"post_tag","embeddable":true,"href":"https:\/\/www.visionweb.com.ar\/index.php?rest_route=%2Fwp%2Fv2%2Ftags&post=4289"}],"curies":[{"name":"wp","href":"https:\/\/api.w.org\/{rel}","templated":true}]}}