{"id":4273,"date":"2022-01-26T08:43:59","date_gmt":"2022-01-26T11:43:59","guid":{"rendered":"https:\/\/www.visionweb.com.ar\/?p=4273"},"modified":"2022-01-26T08:43:59","modified_gmt":"2022-01-26T11:43:59","slug":"el-censo-nacional-de-poblacion-y-vivienda-sera-el-18-de-mayo","status":"publish","type":"post","link":"https:\/\/www.visionweb.com.ar\/?p=4273","title":{"rendered":"El Censo Nacional de poblaci\u00f3n y vivienda ser\u00e1 el 18 de mayo"},"content":{"rendered":"<p><strong><em>Por primera vez en la historia argentina se podr\u00e1 realizar por Internet. El link del INDEC estar\u00e1 habilitado a partir del 16 de marzo.<\/em><\/strong>\u00a0 <!--more--><\/p>\n<div id=\"attachment_4275\" style=\"width: 310px\" class=\"wp-caption alignright\"><img loading=\"lazy\" decoding=\"async\" aria-describedby=\"caption-attachment-4275\" class=\"wp-image-4275 size-medium\" src=\"https:\/\/www.visionweb.com.ar\/wp-content\/uploads\/2022\/01\/censo-2022-300x200.png\" alt=\"\" width=\"300\" height=\"200\" srcset=\"https:\/\/www.visionweb.com.ar\/wp-content\/uploads\/2022\/01\/censo-2022-300x200.png 300w, https:\/\/www.visionweb.com.ar\/wp-content\/uploads\/2022\/01\/censo-2022-768x512.png 768w, https:\/\/www.visionweb.com.ar\/wp-content\/uploads\/2022\/01\/censo-2022.png 800w\" sizes=\"auto, (max-width: 300px) 100vw, 300px\" \/><p id=\"caption-attachment-4275\" class=\"wp-caption-text\"><em><strong>El censo ser\u00e1 el 18 de mayo. Tambi\u00e9n sera por internet.<\/strong><\/em><\/p><\/div>\n<p><strong>E<\/strong>l Censo Nacional de Poblaci\u00f3n, Hogares y Vivienda se realizar\u00e1 el mi\u00e9rcoles 18 de mayo, tras ser aplazado dos a\u00f1os por la pandemia del coronavirus, y por primera vez incluir\u00e1 una pregunta sobre la identidad de g\u00e9nero, toda la poblaci\u00f3n podr\u00e1 responder sobre autorreconocimiento \u00e9tnico y se podr\u00e1 contestar a trav\u00e9s de Internet, inform\u00f3 este martes el Gobierno nacional.<\/p>\n<p><strong>A trav\u00e9s del decreto 42\/2022<\/strong>, publicado en el Bolet\u00edn Oficial y firmado por el presidente Alberto Fern\u00e1ndez, el jefe de Gabinete, Juan Manzur; y el ministro de Econom\u00eda, Mart\u00edn Guzm\u00e1n, se determin\u00f3 la fecha nacional del censo, d\u00eda que ser\u00e1 feriado nacional.<\/p>\n<p>Por primera vez en la historia, el cuestionario estar\u00e1 disponible para la poblaci\u00f3n a trav\u00e9s del Censo digital, que podr\u00e1 ser completado desde el mi\u00e9rcoles 16 de marzo hasta el lunes 16 de mayo de 2022 inclusive, a trav\u00e9s de cualquier dispositivo con acceso a internet.<\/p>\n<p>El Censo Nacional de Poblaci\u00f3n, Hogares y Vivienda se realizar\u00e1 el mi\u00e9rcoles 18 de mayo, tras ser aplazado dos a\u00f1os por la pandemia del coronavirus, y por primera vez incluir\u00e1 una pregunta sobre la identidad de g\u00e9nero, toda la poblaci\u00f3n podr\u00e1 responder sobre autorreconocimiento \u00e9tnico y se podr\u00e1 contestar a trav\u00e9s de Internet, inform\u00f3 este martes el Gobierno nacional.<\/p>\n<p>A trav\u00e9s del decreto 42\/2022, publicado en el Bolet\u00edn Oficial y firmado por el presidente Alberto Fern\u00e1ndez, el jefe de Gabinete, Juan Manzur; y el ministro de Econom\u00eda, Mart\u00edn Guzm\u00e1n, se determin\u00f3 la fecha nacional del censo, d\u00eda que ser\u00e1 feriado nacional.<\/p>\n<h3 style=\"text-align: center;\"><em><strong>En esta edici\u00f3n se censar\u00e1n m\u00e1s de 15 millones de viviendas y m\u00e1s de 45 millones de personas, para lo cual se utilizar\u00e1n 37 millones de cuestionario.<\/strong><\/em><\/h3>\n<p>\u00abEl objetivo de esta herramienta es que todas las viviendas particulares en \u00e1reas rurales y urbanas puedan autocensarse\u00a0cuando y d\u00f3nde quieran, adem\u00e1s de optimizar los tiempos de llenado de datos\u00bb, se inform\u00f3, desde el INDEC.<\/p>\n<p>Por otra parte, el Instituto,garantizar\u00e1 mediante \u00abun estricto protocolo de seguridad inform\u00e1tica\u00bb, la protecci\u00f3n de los datos relevados\u00a0 y se almacenar\u00e1 en los servidores de la Empresa Argentina de Soluciones Satelitales Sociedad An\u00f3nima (Arsat), bajo \u00abt\u00e9cnicas de anonimizaci\u00f3n, encriptaci\u00f3n y gobernanza de los datos\u00bb, seg\u00fan la Ley 17.622, el Decreto 3.110\/70 y la Resoluci\u00f3n Indec 181\/2020.<\/p>\n<p>El objetivo es realizar un \u00abrecuento de la poblaci\u00f3n en tiempo y forma\u00bb, a partir del cual \u00abrepresentantes del sector p\u00fablico, privado y acad\u00e9mico y la ciudadan\u00eda en general de todo el pa\u00eds\u00bb obtendr\u00e1n informaci\u00f3n para \u00abtomar m\u00e1s y mejores decisiones\u00bb, se indic\u00f3 en la p\u00e1gina oficial\u00a0<a href=\"https:\/\/censo.gob.ar\/\" target=\"_blank\" rel=\"noopener\">www.censo.gob.ar.<\/a><\/p>\n<p>En su onceava edici\u00f3n,\u00a0<strong>el Censo incluir\u00e1 por primera vez una pregunta sobre la identidad de g\u00e9nero\u00a0<\/strong>y toda la poblaci\u00f3n podr\u00e1 responder sobre autorreconocimiento \u00e9tnico (pueblos ind\u00edgenas y afrodescendientes), ya que en anteriores censos esta tem\u00e1tica era relevada a solo una muestra de las personas censadas.<\/p>\n<p>Para su realizaci\u00f3n,participar\u00e1n m\u00e1s de 600 mil personas, entre censistas urbanos y rurales, coordinadores nacionales y provinciales y entre otros puestos.<\/p>\n<p><strong>El \u00faltimo censo realizado, en octubre de 2010, se encuestaron a 40.117.096 habitantes en 13.812.125 viviendas particulares<\/strong>, en esta edici\u00f3n se censar\u00e1n m\u00e1s de 15 millones de viviendas y m\u00e1s de 45 millones de personas, para lo cual se utilizar\u00e1n 37 millones de cuestionarios.<\/p>\n<p>En tanto, dentro de los considerados \u00aboperativos censales especiales\u00bb, las viviendas colectivas y las \u00e1reas rurales ser\u00e1n relevadas los diez d\u00edas previos al D\u00eda del Censo, mientras que las personas en situaci\u00f3n de calle ser\u00e1n encuestadas la noche previa <strong>(VW)<\/strong>.<\/p>\n<p>&nbsp;<\/p>\n","protected":false},"excerpt":{"rendered":"<p>Por primera vez en la historia argentina se podr\u00e1 realizar por Internet. El link del INDEC estar\u00e1 habilitado a partir del 16 de marzo.\u00a0<\/p>\n","protected":false},"author":3,"featured_media":4275,"comment_status":"closed","ping_status":"closed","sticky":false,"template":"","format":"standard","meta":{"_monsterinsights_skip_tracking":false,"_monsterinsights_sitenote_active":false,"_monsterinsights_sitenote_note":"","_monsterinsights_sitenote_category":0,"footnotes":""},"categories":[5],"tags":[1702,75,197,1703],"class_list":["post-4273","post","type-post","status-publish","format-standard","has-post-thumbnail","hentry","category-sociedad","tag-estadistica","tag-indec","tag-poblacion","tag-vivienda"],"_links":{"self":[{"href":"https:\/\/www.visionweb.com.ar\/index.php?rest_route=\/wp\/v2\/posts\/4273","targetHints":{"allow":["GET"]}}],"collection":[{"href":"https:\/\/www.visionweb.com.ar\/index.php?rest_route=\/wp\/v2\/posts"}],"about":[{"href":"https:\/\/www.visionweb.com.ar\/index.php?rest_route=\/wp\/v2\/types\/post"}],"author":[{"embeddable":true,"href":"https:\/\/www.visionweb.com.ar\/index.php?rest_route=\/wp\/v2\/users\/3"}],"replies":[{"embeddable":true,"href":"https:\/\/www.visionweb.com.ar\/index.php?rest_route=%2Fwp%2Fv2%2Fcomments&post=4273"}],"version-history":[{"count":1,"href":"https:\/\/www.visionweb.com.ar\/index.php?rest_route=\/wp\/v2\/posts\/4273\/revisions"}],"predecessor-version":[{"id":4276,"href":"https:\/\/www.visionweb.com.ar\/index.php?rest_route=\/wp\/v2\/posts\/4273\/revisions\/4276"}],"wp:featuredmedia":[{"embeddable":true,"href":"https:\/\/www.visionweb.com.ar\/index.php?rest_route=\/wp\/v2\/media\/4275"}],"wp:attachment":[{"href":"https:\/\/www.visionweb.com.ar\/index.php?rest_route=%2Fwp%2Fv2%2Fmedia&parent=4273"}],"wp:term":[{"taxonomy":"category","embeddable":true,"href":"https:\/\/www.visionweb.com.ar\/index.php?rest_route=%2Fwp%2Fv2%2Fcategories&post=4273"},{"taxonomy":"post_tag","embeddable":true,"href":"https:\/\/www.visionweb.com.ar\/index.php?rest_route=%2Fwp%2Fv2%2Ftags&post=4273"}],"curies":[{"name":"wp","href":"https:\/\/api.w.org\/{rel}","templated":true}]}}