{"id":4234,"date":"2022-01-24T13:51:50","date_gmt":"2022-01-24T16:51:50","guid":{"rendered":"https:\/\/www.visionweb.com.ar\/?p=4234"},"modified":"2022-01-24T13:51:50","modified_gmt":"2022-01-24T16:51:50","slug":"paro-de-colectivos-mas-de-100-lineas-no-funcionan-de-22-a-6","status":"publish","type":"post","link":"https:\/\/www.visionweb.com.ar\/?p=4234","title":{"rendered":"Paro de colectivos: M\u00e1s de 100 l\u00edneas no funcionan de 22 a 6"},"content":{"rendered":"<p><em><strong>Desde el pasado s\u00e1bado varios colectivos no trabajan durante la noche en el AMBA, entre las 22 y las 6. \u00a0La Provincia todav\u00eda no efectiviz\u00f3 el pago de las compensaciones tarifarias. Desde el Ministerio de Transporte indicaron que hoy se cancelar\u00eda la deuda, pero podr\u00edan ir a paro total si no consiguen resoluciones antes de este mi\u00e9rcoles.<\/strong><\/em><!--more--><\/p>\n<p><strong><img loading=\"lazy\" decoding=\"async\" class=\"size-full wp-image-4237 aligncenter\" src=\"https:\/\/www.visionweb.com.ar\/wp-content\/uploads\/2022\/01\/paro-colectivos-nocturno.bmp\" alt=\"\" width=\"501\" height=\"370\" \/>\u00a0\u00a0 L<\/strong>a C\u00e1mara Empresaria de Autotransporte de Pasajeros (CEAP) y la C\u00e1mara del Transporte de la Provincia de Buenos Aires (CTPBA),\u00a0reclaman el pago de un subsidio que reciben anualmente las compa\u00f1\u00edas del sector. Motivo por el cual sigue vigente el cese de actividad nocturna que afecta a unas 100 l\u00edneas de colectivos que recorren el \u00c1rea Metropolitana de Buenos Aires (AMBA como forma de protesta a la espera de una respuesta por parte de las autoridades. Las c\u00e1maras pidieron \u00abdisculpas al p\u00fablico por los inconvenientes\u201d.<\/p>\n<p>De acuerdo a lo que explicaron ambos organismos en un comunicado conjunto, la decisi\u00f3n se tom\u00f3 debido a la \u00absituaci\u00f3n de gravedad econ\u00f3mica y financiera\u00bb que atraviesa el sector debido al retraso en el pago del subsidio.<\/p>\n<p>La situaci\u00f3n podr\u00eda agravarse ya que las compa\u00f1\u00edas advirtieron que\u00a0si para el mi\u00e9rcoles pr\u00f3ximo no reciben una asistencia econ\u00f3mica por parte del gobierno bonaerense, los colectivos no saldr\u00edan de las terminales, y comenzar\u00eda un paro total.<\/p>\n<p><strong>Qu\u00e9 l\u00edneas no funcionan durante la noche:<\/strong><\/p>\n<p>Son unas cien l\u00edneas afectadas, tanto provinciales como municipales: 622, 628, 218, 284, 325, 378, 203, 910, 915, 49, 97, 126, 37, 524, 193, 86, 522, 527, 518, 53, 464, 463, 462, 320, 461, 303, 443, 244, 390, 302, 503, 506 A, 501, 95, 29, 105, 166, 236, 269, 395, 441, 443, 504, 634, 64, 306, 179, 914, 630, 180, 315, 440, 740, 291, 520, 228 F, 509, 114, 129, 143, 61, 62, 88, 502, 47, 118, 154, 45, 707, 333, 407, 437, 318, 295, 721, 59, 160, 620, 382, 911, 912, 350, 355, 313, 511, 501, 124, 80, 39, 102, 15, 2, 93, 4, 33, 621, 205, 185, 96, 123, 501, 500, 288, 311, 312, 329, 422, 328, 70, 501, 502, 503, 248 C, 351, 338, 406, 181, 46, 543, 544, 541, 561, 562, 549.<\/p>\n<p>Fuentes oficiales de la CEAP justificaron la medida: \u00abLas empresas de colectivos de la provincia de Buenos Aires y la municipales cobraron muy poco y no pueden pagar sus gastos operativos, como as\u00ed tampoco comprar gasoil. Cada d\u00eda hay menos servicios y se soluciona cuando las empresas puedan cobrar o tener ingresos que les permitan seguir funcionando\u00bb, indicaron.<\/p>\n<p>Con respecto a la extensi\u00f3n del horario limitado en el servicio, se\u00f1alaron: \u00abSe extiende hasta que se cobre. El primer pago deber\u00eda haber sido el 7 de enero\u00bb.<\/p>\n<p>Estas compensaciones tarifarias son los subsidios que el Poder Ejecutivo bonaerense\u00a0distribuye entre las empresas de transporte de pasajeros, y que est\u00e1n retrasadas.<\/p>\n<p>En el texto del documento, adem\u00e1s remarcaron que \u00abLa situaci\u00f3n de gravedad econ\u00f3mica y financiera que se verifica en el sector es extrema, habi\u00e9ndose agotado la capacidad de financiamiento ante la extendida demora que se verifica en la provincia de Buenos Aires de las compensaciones tarifarias que permiten la operaci\u00f3n de los servicios\u00bb, se\u00f1alaron.<\/p>\n<p>Por \u00faltimo, los organismos le pidieron \u00abdisculpas al p\u00fablico por los inconvenientes que pudieran producirse\u00bb, pero remarcaron que los mismos son \u00abmotivados por razones totalmente ajenas a su voluntad\u00bb. <strong>(VW)<\/strong><\/p>\n<p>&nbsp;<\/p>\n","protected":false},"excerpt":{"rendered":"<p>Desde el pasado s\u00e1bado varios colectivos no trabajan durante la noche en el AMBA, entre las 22 y las 6. \u00a0La Provincia todav\u00eda no efectiviz\u00f3 el pago de las compensaciones tarifarias. Desde el Ministerio&#46;&#46;&#46;<\/p>\n","protected":false},"author":4,"featured_media":4237,"comment_status":"closed","ping_status":"closed","sticky":false,"template":"","format":"standard","meta":{"_monsterinsights_skip_tracking":false,"_monsterinsights_sitenote_active":false,"_monsterinsights_sitenote_note":"","_monsterinsights_sitenote_category":0,"footnotes":""},"categories":[3,4],"tags":[1688,1686,1687,1685,356],"class_list":["post-4234","post","type-post","status-publish","format-standard","has-post-thumbnail","hentry","category-actualidad","category-politica","tag-100-lineas-paro-nocturno","tag-ceap","tag-ctpba","tag-paro-colectivos","tag-provincia"],"_links":{"self":[{"href":"https:\/\/www.visionweb.com.ar\/index.php?rest_route=\/wp\/v2\/posts\/4234","targetHints":{"allow":["GET"]}}],"collection":[{"href":"https:\/\/www.visionweb.com.ar\/index.php?rest_route=\/wp\/v2\/posts"}],"about":[{"href":"https:\/\/www.visionweb.com.ar\/index.php?rest_route=\/wp\/v2\/types\/post"}],"author":[{"embeddable":true,"href":"https:\/\/www.visionweb.com.ar\/index.php?rest_route=\/wp\/v2\/users\/4"}],"replies":[{"embeddable":true,"href":"https:\/\/www.visionweb.com.ar\/index.php?rest_route=%2Fwp%2Fv2%2Fcomments&post=4234"}],"version-history":[{"count":2,"href":"https:\/\/www.visionweb.com.ar\/index.php?rest_route=\/wp\/v2\/posts\/4234\/revisions"}],"predecessor-version":[{"id":4238,"href":"https:\/\/www.visionweb.com.ar\/index.php?rest_route=\/wp\/v2\/posts\/4234\/revisions\/4238"}],"wp:featuredmedia":[{"embeddable":true,"href":"https:\/\/www.visionweb.com.ar\/index.php?rest_route=\/wp\/v2\/media\/4237"}],"wp:attachment":[{"href":"https:\/\/www.visionweb.com.ar\/index.php?rest_route=%2Fwp%2Fv2%2Fmedia&parent=4234"}],"wp:term":[{"taxonomy":"category","embeddable":true,"href":"https:\/\/www.visionweb.com.ar\/index.php?rest_route=%2Fwp%2Fv2%2Fcategories&post=4234"},{"taxonomy":"post_tag","embeddable":true,"href":"https:\/\/www.visionweb.com.ar\/index.php?rest_route=%2Fwp%2Fv2%2Ftags&post=4234"}],"curies":[{"name":"wp","href":"https:\/\/api.w.org\/{rel}","templated":true}]}}