{"id":4211,"date":"2022-01-21T11:07:48","date_gmt":"2022-01-21T14:07:48","guid":{"rendered":"https:\/\/www.visionweb.com.ar\/?p=4211"},"modified":"2022-01-21T11:07:48","modified_gmt":"2022-01-21T14:07:48","slug":"lanus-reconocimiento-a-efectivos-que-salvaron-a-un-bebe","status":"publish","type":"post","link":"https:\/\/www.visionweb.com.ar\/?p=4211","title":{"rendered":"Lan\u00fas: Reconocimiento a efectivos que salvaron a un bebe"},"content":{"rendered":"<p><em><strong>Amplio reconocimiento del Intendente Grindetti a los efectivos del PRI que salvaron la vida de un beb\u00e9 en Lan\u00fas Oeste.<\/strong><\/em><!--more--><\/p>\n<p><strong>\u00a0<\/strong> <img loading=\"lazy\" decoding=\"async\" class=\"size-medium wp-image-4214 alignright\" src=\"https:\/\/www.visionweb.com.ar\/wp-content\/uploads\/2022\/01\/GRINDETTI-Y-POLICIA-300x200.jpg\" alt=\"\" width=\"300\" height=\"200\" srcset=\"https:\/\/www.visionweb.com.ar\/wp-content\/uploads\/2022\/01\/GRINDETTI-Y-POLICIA-300x200.jpg 300w, https:\/\/www.visionweb.com.ar\/wp-content\/uploads\/2022\/01\/GRINDETTI-Y-POLICIA.jpg 656w\" sizes=\"auto, (max-width: 300px) 100vw, 300px\" \/>\u00a0 <strong>E<\/strong>l intendente de Lan\u00fas, Grindetti, acompa\u00f1ado\u00a0del jefe de Gabinete, Diego Kravetz, recibi\u00f3 a los efectivos de la Patrulla de Respuesta Inmediata (PRI) que junto a un bombero voluntario le salvaron la vida a un beb\u00e9 de 11 meses el pasado viernes, en Lan\u00fas\u00a0Oeste.<\/p>\n<p>En la reuni\u00f3n que se desarroll\u00f3 en el Palacio municipal, Grindetti expres\u00f3: \u201cEsta fuerza que ha creado Diego (Kravetz) no s\u00f3lo nos ha dado importantes resultados a lo largo de su primer a\u00f1o de funcionamiento en materia de prevenci\u00f3n y combate del delito, sino adem\u00e1s\u00a0hemos visto el compromiso\u00a0social que tienen con la comunidad y la cercan\u00eda que lograron en poco tiempo con los vecinos, este es un equipo de alto valor humano y hay que reconocerlo\u00bb, conforme indic\u00f3 Prensa de la Comuna.<\/p>\n<p>Los efectivos que intervinieron en las maniobras que lograron salvar a Tiziano fueron los oficiales Maruchi Rodr\u00edguez C\u00e9sar, Carrizo C\u00e9sar, la sargento Rueda Carla \u00a0y choferes de Protecci\u00f3n Ciudadana Lan\u00fas ( PRI) Juan Dar\u00edo y Cueva Ram\u00f3n.<\/p>\n<p>Durante el reconocimiento al personal estuvieron presentes las autoridades del ministerio de Seguridad de la Provincia, Mario Marches, director del AMBA Sur 1 de la subsecretar\u00eda de Fiscalizaci\u00f3n y Control y Gast\u00f3n G\u00f3mez de la subsecretar\u00eda de Participaci\u00f3n Ciudadana.<\/p>\n<p><a href=\"https:\/\/www.visionweb.com.ar\/wp-content\/uploads\/2022\/01\/GRINDETTI-Y-POLICIAS-II.bmp\"><img loading=\"lazy\" decoding=\"async\" class=\"size-full wp-image-4215 aligncenter\" src=\"https:\/\/www.visionweb.com.ar\/wp-content\/uploads\/2022\/01\/GRINDETTI-Y-POLICIAS-II.bmp\" alt=\"\" width=\"645\" height=\"410\" \/><\/a>El hecho ocurri\u00f3 el viernes \u00faltimo cuando \u201cpersonal del PRI\u00a0se encontraba identificando a dos masculinos en las calles Moreno\u00a0y R\u00edo de Janeiro,\u00a0de Lan\u00fas Oeste, y divisaron una camioneta a gran velocidad desde\u00a0cuyo interior \u00a0una mujer gritaba: <em>mi hijo se muere, se ahoga<\/em>\u201d.<\/p>\n<p>A cien metros, el veh\u00edculo ingres\u00f3 al cuartel de Bomberos en donde, tras recibir al ni\u00f1o de 11 once meses que se encontraba morado y sin respiraci\u00f3n, personal de esta repartici\u00f3n, con anuencia de la madre, toma al bebe y con gran profesionalismo y determinaci\u00f3n\u00a0comenz\u00f3 las maniobras \u00a0de handgrip. A continuaci\u00f3n, el bombero Waidsnaider Jonathan sube al bebe, Tiziano, al m\u00f3vil del PRI para trasladarlo hasta el Hospital Evita de Lan\u00fas.<\/p>\n<p>Durante el camino se \u00a0inici\u00f3 un cord\u00f3n sanitario por los m\u00f3viles restantes, mientras el oficial Maruchi y Waidsnaider, lograron que el menor comience a respirar.<\/p>\n<p>Una vez en el hospital fue asistido por personal m\u00e9dico y el menor se recuper\u00f3 lentamente.\u00a0\u00abAdem\u00e1s de trabajar en una Lan\u00fas m\u00e1s segura, se trabaja en una m\u00e1s solidaria y cercana al vecino\u00bb destac\u00f3 Diego Kravetz, jefe de Gabinete local. <strong>(VW)<\/strong><\/p>\n<p>&nbsp;<\/p>\n","protected":false},"excerpt":{"rendered":"<p>Amplio reconocimiento del Intendente Grindetti a los efectivos del PRI que salvaron la vida de un beb\u00e9 en Lan\u00fas Oeste.<\/p>\n","protected":false},"author":4,"featured_media":4215,"comment_status":"closed","ping_status":"closed","sticky":false,"template":"","format":"standard","meta":{"_monsterinsights_skip_tracking":false,"_monsterinsights_sitenote_active":false,"_monsterinsights_sitenote_note":"","_monsterinsights_sitenote_category":0,"footnotes":""},"categories":[8,5],"tags":[857,241,19,343,1623,1676],"class_list":["post-4211","post","type-post","status-publish","format-standard","has-post-thumbnail","hentry","category-interes-general","category-sociedad","tag-bomberos","tag-kravetz","tag-lanus","tag-policias","tag-pri","tag-salvaron-bebe"],"_links":{"self":[{"href":"https:\/\/www.visionweb.com.ar\/index.php?rest_route=\/wp\/v2\/posts\/4211","targetHints":{"allow":["GET"]}}],"collection":[{"href":"https:\/\/www.visionweb.com.ar\/index.php?rest_route=\/wp\/v2\/posts"}],"about":[{"href":"https:\/\/www.visionweb.com.ar\/index.php?rest_route=\/wp\/v2\/types\/post"}],"author":[{"embeddable":true,"href":"https:\/\/www.visionweb.com.ar\/index.php?rest_route=\/wp\/v2\/users\/4"}],"replies":[{"embeddable":true,"href":"https:\/\/www.visionweb.com.ar\/index.php?rest_route=%2Fwp%2Fv2%2Fcomments&post=4211"}],"version-history":[{"count":2,"href":"https:\/\/www.visionweb.com.ar\/index.php?rest_route=\/wp\/v2\/posts\/4211\/revisions"}],"predecessor-version":[{"id":4216,"href":"https:\/\/www.visionweb.com.ar\/index.php?rest_route=\/wp\/v2\/posts\/4211\/revisions\/4216"}],"wp:featuredmedia":[{"embeddable":true,"href":"https:\/\/www.visionweb.com.ar\/index.php?rest_route=\/wp\/v2\/media\/4215"}],"wp:attachment":[{"href":"https:\/\/www.visionweb.com.ar\/index.php?rest_route=%2Fwp%2Fv2%2Fmedia&parent=4211"}],"wp:term":[{"taxonomy":"category","embeddable":true,"href":"https:\/\/www.visionweb.com.ar\/index.php?rest_route=%2Fwp%2Fv2%2Fcategories&post=4211"},{"taxonomy":"post_tag","embeddable":true,"href":"https:\/\/www.visionweb.com.ar\/index.php?rest_route=%2Fwp%2Fv2%2Ftags&post=4211"}],"curies":[{"name":"wp","href":"https:\/\/api.w.org\/{rel}","templated":true}]}}