{"id":4198,"date":"2022-01-20T15:25:21","date_gmt":"2022-01-20T18:25:21","guid":{"rendered":"https:\/\/www.visionweb.com.ar\/?p=4198"},"modified":"2022-01-20T15:25:21","modified_gmt":"2022-01-20T18:25:21","slug":"covid-19-piden-priorizar-la-vacunacion-de-los-choferes-con-la-tercera-dosis","status":"publish","type":"post","link":"https:\/\/www.visionweb.com.ar\/?p=4198","title":{"rendered":"Covid 19: Piden priorizar la vacunaci\u00f3n de los ch\u00f3feres con la tercera dosis"},"content":{"rendered":"<p><em><strong>Lo hizo el titular de la Comisi\u00f3n Nacional de Regulaci\u00f3n del Transporte (CNRT), Ram\u00f3n Arteaga, quien asegur\u00f3 que acompa\u00f1ar\u00e1n al gobierno bonaerense si establece el pase sanitario en los trasportes de media y larga distancia.<\/strong><\/em><!--more--><\/p>\n<div id=\"attachment_1307\" style=\"width: 310px\" class=\"wp-caption alignright\"><img loading=\"lazy\" decoding=\"async\" aria-describedby=\"caption-attachment-1307\" class=\"wp-image-1307 size-medium\" src=\"https:\/\/www.visionweb.com.ar\/wp-content\/uploads\/2021\/04\/TURISMO-A-LA-COSTA-300x209.png\" alt=\"\" width=\"300\" height=\"209\" srcset=\"https:\/\/www.visionweb.com.ar\/wp-content\/uploads\/2021\/04\/TURISMO-A-LA-COSTA-300x209.png 300w, https:\/\/www.visionweb.com.ar\/wp-content\/uploads\/2021\/04\/TURISMO-A-LA-COSTA.png 640w\" sizes=\"auto, (max-width: 300px) 100vw, 300px\" \/><p id=\"caption-attachment-1307\" class=\"wp-caption-text\"><em><strong>El gobierno bonaerense no descarta exigir el pase sanitario para abordar los micros de media y larga distancia (VW)<\/strong><\/em><\/p><\/div>\n<p id=\"viewer-8scrg\" class=\"mm8Nw _1j-51 _1atvN _1FoOD _3M0Fe _2WrB- _1atvN public-DraftStyleDefault-block-depth0 fixed-tab-size public-DraftStyleDefault-text-ltr\"><span class=\"_2PHJq public-DraftStyleDefault-ltr\"><strong>L<\/strong>a Comisi\u00f3n Nacional de Regulaci\u00f3n del Transporte (CNRT) pidi\u00f3 que se considere prioritario a los trabajadores del sector para recibir la tercera dosis, luego que se termine la inmunizaci\u00f3n de los integrantes del sistema sanitario y el servicio de seguridad.<\/span><\/p>\n<p id=\"viewer-utue\" class=\"mm8Nw _1j-51 _1atvN _1FoOD _3M0Fe _2WrB- _1atvN public-DraftStyleDefault-block-depth0 fixed-tab-size public-DraftStyleDefault-text-ltr\"><span class=\"_2PHJq public-DraftStyleDefault-ltr\">\u00abEl organismo re\u00fane a su Comit\u00e9 de Protocolo Covid donde est\u00e1n los representantes de las C\u00e1maras Empresariales y de los trabajadores del transporte automotor, de carga y ferroviario y all\u00ed coincidieron en la necesidad de requerirle al Ministerio de Salud y a las jurisdicciones provinciales de que, una vez terminada la etapa los trabajadores del sector sanitario y el servicio de seguridad, se pueda incorporar a los trabajadores del transporte en todas sus modalidades\u201d, asegur\u00f3 Jos\u00e9 Ram\u00f3n Arteaga, director ejecutivo de la CNRT, en declaraciones a RAdio Provincia.<\/span><\/p>\n<p id=\"viewer-7d0kd\" class=\"mm8Nw _1j-51 _1atvN _1FoOD _3M0Fe _2WrB- _1atvN public-DraftStyleDefault-block-depth0 fixed-tab-size public-DraftStyleDefault-text-ltr\"><span class=\"_2PHJq public-DraftStyleDefault-ltr\">El ejecutivo se encargo de dejar en claro que \u201cEstos trabajadores fueron y son trabajadores esenciales ya que garantizan el transporte ferroviario, de pasajeros de media y larga distancia y de carga en toda la Argentina\u201d, remarc\u00f3 Arteaga, indic\u00f3 la agencia PBA.<\/span><\/p>\n<p id=\"viewer-5koju\" class=\"mm8Nw _1j-51 _1atvN _1FoOD _3M0Fe _2WrB- _1atvN public-DraftStyleDefault-block-depth0 fixed-tab-size public-DraftStyleDefault-text-ltr\"><span class=\"_2PHJq public-DraftStyleDefault-ltr\">Por otra parte, se refiri\u00f3 a la posibilidad de que el gobierno de Axel Kicillof establezca la obligatoriedad del pase sanitario en los trasporte de media y larga distancia, tal como adelantaron los ministros de Transporte bonaerense, Jorge D\u00b4Onffrio, y de Salud, Nicol\u00e1s Kreplak.<\/span><\/p>\n<p id=\"viewer-d91p0\" class=\"mm8Nw _1j-51 _1atvN _1FoOD _3M0Fe _2WrB- _1atvN public-DraftStyleDefault-block-depth0 fixed-tab-size public-DraftStyleDefault-text-ltr\"><span class=\"_2PHJq public-DraftStyleDefault-ltr\">En ese sentido, el titular de la CNRT destac\u00f3 que \u201cNaci\u00f3n no va a objetar ninguna decisi\u00f3n de este tipo; si no que va a acompa\u00f1ar como lo hemos hecho siempre, respetando la autonom\u00eda federal que cada jurisdicci\u00f3n tiene para tomar este tipo de medidas\u201d. <\/span><\/p>\n<p id=\"viewer-a4gk3\" class=\"mm8Nw _1j-51 _1atvN _1FoOD _3M0Fe _2WrB- _1atvN public-DraftStyleDefault-block-depth0 fixed-tab-size public-DraftStyleDefault-text-ltr\"><span class=\"_2PHJq public-DraftStyleDefault-ltr\">Finalmente, Arteaga destac\u00f3: \u201cHoy nuestro operativo verano tiene un impacto muy importante en la regi\u00f3n Metropolitana, en la costa bonaerense, en la Patagonia, en Cuyo y en el Litoral. Estamos trabajando mucho\u201d. <\/span><\/p>\n<p id=\"viewer-8fbpp\" class=\"mm8Nw _1j-51 _1atvN _1FoOD _3M0Fe _2WrB- _1atvN public-DraftStyleDefault-block-depth0 fixed-tab-size public-DraftStyleDefault-text-ltr\"><span class=\"_2PHJq public-DraftStyleDefault-ltr\">El funcionario plante\u00f3 que en este primer mes desde el lanzamiento del operativo verano Viaja Seguro \u201cse han formalizado m\u00e1s de 2000 actas de infracci\u00f3n y m\u00e1s de 500 retenciones. Esperemos que los argentinos y argentinas podamos disfrutar de las vacaciones sin complicaciones\u201d<strong>(VW)<\/strong>.<\/span><\/p>\n","protected":false},"excerpt":{"rendered":"<p>Lo hizo el titular de la Comisi\u00f3n Nacional de Regulaci\u00f3n del Transporte (CNRT), Ram\u00f3n Arteaga, quien asegur\u00f3 que acompa\u00f1ar\u00e1n al gobierno bonaerense si establece el pase sanitario en los trasportes de media y larga&#46;&#46;&#46;<\/p>\n","protected":false},"author":3,"featured_media":1307,"comment_status":"closed","ping_status":"closed","sticky":false,"template":"","format":"standard","meta":{"_monsterinsights_skip_tracking":false,"_monsterinsights_sitenote_active":false,"_monsterinsights_sitenote_note":"","_monsterinsights_sitenote_category":0,"footnotes":""},"categories":[3,700],"tags":[1440,1510,1673],"class_list":["post-4198","post","type-post","status-publish","format-standard","has-post-thumbnail","hentry","category-actualidad","category-turismo","tag-omicron","tag-pase-sanitario","tag-transporte-publico"],"_links":{"self":[{"href":"https:\/\/www.visionweb.com.ar\/index.php?rest_route=\/wp\/v2\/posts\/4198","targetHints":{"allow":["GET"]}}],"collection":[{"href":"https:\/\/www.visionweb.com.ar\/index.php?rest_route=\/wp\/v2\/posts"}],"about":[{"href":"https:\/\/www.visionweb.com.ar\/index.php?rest_route=\/wp\/v2\/types\/post"}],"author":[{"embeddable":true,"href":"https:\/\/www.visionweb.com.ar\/index.php?rest_route=\/wp\/v2\/users\/3"}],"replies":[{"embeddable":true,"href":"https:\/\/www.visionweb.com.ar\/index.php?rest_route=%2Fwp%2Fv2%2Fcomments&post=4198"}],"version-history":[{"count":1,"href":"https:\/\/www.visionweb.com.ar\/index.php?rest_route=\/wp\/v2\/posts\/4198\/revisions"}],"predecessor-version":[{"id":4200,"href":"https:\/\/www.visionweb.com.ar\/index.php?rest_route=\/wp\/v2\/posts\/4198\/revisions\/4200"}],"wp:featuredmedia":[{"embeddable":true,"href":"https:\/\/www.visionweb.com.ar\/index.php?rest_route=\/wp\/v2\/media\/1307"}],"wp:attachment":[{"href":"https:\/\/www.visionweb.com.ar\/index.php?rest_route=%2Fwp%2Fv2%2Fmedia&parent=4198"}],"wp:term":[{"taxonomy":"category","embeddable":true,"href":"https:\/\/www.visionweb.com.ar\/index.php?rest_route=%2Fwp%2Fv2%2Fcategories&post=4198"},{"taxonomy":"post_tag","embeddable":true,"href":"https:\/\/www.visionweb.com.ar\/index.php?rest_route=%2Fwp%2Fv2%2Ftags&post=4198"}],"curies":[{"name":"wp","href":"https:\/\/api.w.org\/{rel}","templated":true}]}}